{"id":75274,"date":"2021-03-03T16:27:29","date_gmt":"2021-03-03T19:27:29","guid":{"rendered":"http:\/\/infoecos.com.ar\/?p=75274"},"modified":"2021-03-03T16:27:33","modified_gmt":"2021-03-03T19:27:33","slug":"6-anos-y-8-meses-de-prision-para-un-efectivo-policial-de-pehuajo-acusado-por-violencia-de-genero","status":"publish","type":"post","link":"https:\/\/infoecos.com.ar\/index.php\/6-anos-y-8-meses-de-prision-para-un-efectivo-policial-de-pehuajo-acusado-por-violencia-de-genero\/","title":{"rendered":"6 a\u00f1os y 8 meses de prisi\u00f3n para un efectivo policial de Pehuaj\u00f3 acusado por violencia de g\u00e9nero"},"content":{"rendered":"\n<p class=\"wp-block-paragraph\">Se conoci\u00f3 en la ma\u00f1ana de este mi\u00e9rcoles la decisi\u00f3n judicial de condenar a 6 a\u00f1os y 8 meses de prisi\u00f3n al efectivo policial de Pehuaj\u00f3 acusado por su ex pareja, Yamila Lirian, de violencia de g\u00e9nero.<\/p>\n\n\n\n<div class=\"wp-block-image\"><figure class=\"aligncenter size-medium\"><img loading=\"lazy\" decoding=\"async\" width=\"460\" height=\"260\" src=\"http:\/\/infoecos.com.ar\/wp-content\/uploads\/2021\/03\/yamilalirian-460x260.jpg\" alt=\"\" class=\"wp-image-75275\" srcset=\"https:\/\/infoecos.com.ar\/wp-content\/uploads\/2021\/03\/yamilalirian-460x260.jpg 460w, https:\/\/infoecos.com.ar\/wp-content\/uploads\/2021\/03\/yamilalirian.jpg 620w\" sizes=\"auto, (max-width: 460px) 100vw, 460px\" \/><\/figure><\/div>\n\n\n\n<p class=\"wp-block-paragraph\">Durante la segunda audiencia se expusieron 11 causas, que se sumaron a 6 anteriores y que fueron volcadas en una primera audiencia. Por estas \u00faltimas hab\u00eda sido condenado a 2 a\u00f1os y 8 meses de prisi\u00f3n en suspenso. <\/p>\n\n\n\n<p class=\"wp-block-paragraph\">Este mi\u00e9rcoles la condena se ampli\u00f3 y el acusado fue retirado de la sala de audiencias esposado, circunstancia que resalt\u00f3 la denunciante en una informaci\u00f3n que se publica en el sitio de <strong>Radio M\u00e1gica de Pehuaj\u00f3<\/strong>. <\/p>\n\n\n\n<p class=\"wp-block-paragraph\">Yamila hab\u00eda manifestado en declaraciones p\u00fablicas que sus hijos viven con custodia permanente desde hace dos a\u00f1os, y que luego de la sentencia anterior, tuvo que denunciar a familiares del agresor que volvieron a atacarla.<\/p>\n\n\n\n<p class=\"wp-block-paragraph\">La joven cont\u00f3 que por su situaci\u00f3n, se acerc\u00f3 al grupo feminista MUMALA, que hoy integra y que la acompa\u00f1\u00f3 durante la audiencia, destacando adem\u00e1s que <strong>desde esa agrupaci\u00f3n, realizan un reclamo permanente de justicia no s\u00f3lo por su caso, sino por los de B\u00e1rbara Zabala y Brenda Rojas, que perdieron sus vidas en manos de efectivos policiales, y por todas las mujeres que hoy sufren violencia de g\u00e9nero en todo el pa\u00eds<\/strong>.<\/p>\n\n\n\n<p class=\"wp-block-paragraph\">La informaci\u00f3n consignada en los medios pehuajenses y en la cuenta de Yamila en la red social Facebook se da cuenta que denunci\u00f3 al ahora condenado en 26 oportunidades. <\/p>\n\n\n\n<p class=\"wp-block-paragraph\"><\/p>\n\n\n\n<p class=\"wp-block-paragraph\"><\/p>\n","protected":false},"excerpt":{"rendered":"<p>El acusado fue retirado de la sala de audiencias esposado, circunstancia que resalt\u00f3 la denunciante en una informaci\u00f3n que se publica en el sitio de Radio M\u00e1gica de Pehuaj\u00f3<\/p>\n","protected":false},"author":2,"featured_media":75275,"comment_status":"closed","ping_status":"open","sticky":false,"template":"","format":"standard","meta":{"footnotes":""},"categories":[1612],"tags":[3152],"class_list":["post-75274","post","type-post","status-publish","format-standard","has-post-thumbnail","hentry","category-noticia-principal","tag-se-hizo-justicia-senalo-su-ex-pareja"],"featured_image_urls":{"full":["https:\/\/infoecos.com.ar\/wp-content\/uploads\/2021\/03\/yamilalirian.jpg",620,350,false],"thumbnail":["https:\/\/infoecos.com.ar\/wp-content\/uploads\/2021\/03\/yamilalirian-150x150.jpg",150,150,true],"medium":["https:\/\/infoecos.com.ar\/wp-content\/uploads\/2021\/03\/yamilalirian-460x260.jpg",460,260,true],"medium_large":["https:\/\/infoecos.com.ar\/wp-content\/uploads\/2021\/03\/yamilalirian.jpg",620,350,false],"large":["https:\/\/infoecos.com.ar\/wp-content\/uploads\/2021\/03\/yamilalirian.jpg",620,350,false],"1536x1536":["https:\/\/infoecos.com.ar\/wp-content\/uploads\/2021\/03\/yamilalirian.jpg",620,350,false],"2048x2048":["https:\/\/infoecos.com.ar\/wp-content\/uploads\/2021\/03\/yamilalirian.jpg",620,350,false],"covernews-slider-full":["https:\/\/infoecos.com.ar\/wp-content\/uploads\/2021\/03\/yamilalirian.jpg",620,350,false],"covernews-slider-center":["https:\/\/infoecos.com.ar\/wp-content\/uploads\/2021\/03\/yamilalirian.jpg",620,350,false],"covernews-featured":["https:\/\/infoecos.com.ar\/wp-content\/uploads\/2021\/03\/yamilalirian.jpg",620,350,false],"covernews-medium":["https:\/\/infoecos.com.ar\/wp-content\/uploads\/2021\/03\/yamilalirian.jpg",540,305,false],"covernews-medium-square":["https:\/\/infoecos.com.ar\/wp-content\/uploads\/2021\/03\/yamilalirian.jpg",400,226,false]},"author_info":{"info":["Jorge Matheus"]},"category_info":"<a href=\"https:\/\/infoecos.com.ar\/index.php\/category\/noticia-principal\/\" rel=\"category tag\">Noticia Principal<\/a>","tag_info":"Noticia Principal","comment_count":"0","_links":{"self":[{"href":"https:\/\/infoecos.com.ar\/index.php\/wp-json\/wp\/v2\/posts\/75274","targetHints":{"allow":["GET"]}}],"collection":[{"href":"https:\/\/infoecos.com.ar\/index.php\/wp-json\/wp\/v2\/posts"}],"about":[{"href":"https:\/\/infoecos.com.ar\/index.php\/wp-json\/wp\/v2\/types\/post"}],"author":[{"embeddable":true,"href":"https:\/\/infoecos.com.ar\/index.php\/wp-json\/wp\/v2\/users\/2"}],"replies":[{"embeddable":true,"href":"https:\/\/infoecos.com.ar\/index.php\/wp-json\/wp\/v2\/comments?post=75274"}],"version-history":[{"count":1,"href":"https:\/\/infoecos.com.ar\/index.php\/wp-json\/wp\/v2\/posts\/75274\/revisions"}],"predecessor-version":[{"id":75276,"href":"https:\/\/infoecos.com.ar\/index.php\/wp-json\/wp\/v2\/posts\/75274\/revisions\/75276"}],"wp:featuredmedia":[{"embeddable":true,"href":"https:\/\/infoecos.com.ar\/index.php\/wp-json\/wp\/v2\/media\/75275"}],"wp:attachment":[{"href":"https:\/\/infoecos.com.ar\/index.php\/wp-json\/wp\/v2\/media?parent=75274"}],"wp:term":[{"taxonomy":"category","embeddable":true,"href":"https:\/\/infoecos.com.ar\/index.php\/wp-json\/wp\/v2\/categories?post=75274"},{"taxonomy":"post_tag","embeddable":true,"href":"https:\/\/infoecos.com.ar\/index.php\/wp-json\/wp\/v2\/tags?post=75274"}],"curies":[{"name":"wp","href":"https:\/\/api.w.org\/{rel}","templated":true}]}}