{"id":75300,"date":"2021-03-04T01:31:46","date_gmt":"2021-03-04T04:31:46","guid":{"rendered":"http:\/\/infoecos.com.ar\/?p=75300"},"modified":"2021-03-04T01:40:32","modified_gmt":"2021-03-04T04:40:32","slug":"guerrera-se-reunion-con-teresa-garcia-hablaron-de-tierras-ociosas-de-ferrocarriles-para-que-sean-destinadas-a-viviendas","status":"publish","type":"post","link":"https:\/\/infoecos.com.ar\/index.php\/guerrera-se-reunion-con-teresa-garcia-hablaron-de-tierras-ociosas-de-ferrocarriles-para-que-sean-destinadas-a-viviendas\/","title":{"rendered":"Guerrera se reuni\u00f3 con Teresa Garc\u00eda: hablaron de tierras ociosas de ferrocarriles para que sean destinadas a viviendas"},"content":{"rendered":"\n<p>El presidente de Trenes Argentinos Infraestructura (TAI), el pintense Alexis Guerrera, se reuni\u00f3 con la ministra de Gobierno de la provincia de Buenos Aires, Teresa Garc\u00eda. El encuentro tuvo como objetivo unificar esfuerzos ante la iniciativa provincial de trabajar en el acceso a la vivienda y tierras en el distrito bonaerense.<\/p>\n\n\n\n<div class=\"wp-block-image\"><figure class=\"aligncenter size-medium\"><img loading=\"lazy\" decoding=\"async\" width=\"460\" height=\"258\" src=\"http:\/\/infoecos.com.ar\/wp-content\/uploads\/guerrera-460x258.jpeg\" alt=\"\" class=\"wp-image-64164\" srcset=\"https:\/\/infoecos.com.ar\/wp-content\/uploads\/guerrera-460x258.jpeg 460w, https:\/\/infoecos.com.ar\/wp-content\/uploads\/guerrera-768x430.jpeg 768w, https:\/\/infoecos.com.ar\/wp-content\/uploads\/guerrera.jpeg 880w\" sizes=\"(max-width: 460px) 100vw, 460px\" \/><\/figure><\/div>\n\n\n\n<p>Guerrera, recibi\u00f3 en su despacho a la ministra de Gobierno de la provincia de Buenos Aires, Teresa Garc\u00eda. La conversaci\u00f3n tuvo como meta trazar lazos y unificar las acciones en materia de localizaci\u00f3n de inmuebles para trabajar en conjunto en el acceso a la vivienda y tierras.<\/p>\n\n\n\n<p>En ese sentido, Guerrera y Garc\u00eda avanzaron en la firma de un convenio de cooperaci\u00f3n entre TAI y la cartera bonaerense.<\/p>\n\n\n\n<p>El acuerdo tiene como objetivo avanzar en la b\u00fasqueda de inmuebles bajo la jurisdicci\u00f3n de Trenes Argentinos Infraestructura para beneficio de bonaerenses a trav\u00e9s de la Unidad Provincial de Tierra y Vivienda dependiente del ministerio de Gobierno que conduce Garc\u00eda.<\/p>\n\n\n\n<p>La intenci\u00f3n es coordinar acciones destinadas a la b\u00fasqueda de inmuebles ociosos para realizar cesiones de tierras destinadas a diferentes planes de viviendas.<\/p>\n\n\n\n<p>\u00abTrabajar en conjunto para consolidar el acceso a tierras y a viviendas es atender un derecho humano\u00bb, sentenci\u00f3 Guerrera. En tanto, la Ministra de Gobierno, Teresa Garc\u00eda, sostuvo que con la firma de este convenio se busca afianzar \u00abun trabajo en colaboraci\u00f3n para quitarle dificultades burocr\u00e1ticas a la gesti\u00f3n\u00bb.<\/p>\n\n\n\n<p>El presidente de TAI tambi\u00e9n mantuvo conversaciones con los Intendentes bonaerenses Gustavo Men\u00e9ndez (Merlo); H\u00e9ctor Gay (Bah\u00eda Blanca); Walter Torchio (Carlos Casares); Luis Pugnaloni (Hip\u00f3lito Yrigoyen); y Juan Zabaleta (Hurlingham).<\/p>\n","protected":false},"excerpt":{"rendered":"<p>El presidente de TAI tambi\u00e9n mantuvo conversaciones con los Intendentes bonaerenses Gustavo Men\u00e9ndez (Merlo); H\u00e9ctor Gay (Bah\u00eda Blanca); Walter Torchio (Carlos Casares); Luis Pugnaloni (Hip\u00f3lito Yrigoyen); y Juan Zabaleta (Hurlingham)<\/p>\n","protected":false},"author":2,"featured_media":64164,"comment_status":"closed","ping_status":"open","sticky":false,"template":"","format":"standard","meta":{"footnotes":""},"categories":[50],"tags":[3158],"class_list":["post-75300","post","type-post","status-publish","format-standard","has-post-thumbnail","hentry","category-c1nota4","tag-mas-terrenos-para-construccion-de-viviendas"],"yoast_head":"<!-- This site is optimized with the Yoast SEO plugin v23.4 - https:\/\/yoast.com\/wordpress\/plugins\/seo\/ -->\n<title>Guerrera se reuni\u00f3 con Teresa Garc\u00eda: hablaron de tierras ociosas de ferrocarriles para que sean destinadas a viviendas - Infoecos<\/title>\n<meta name=\"robots\" content=\"index, follow, max-snippet:-1, max-image-preview:large, max-video-preview:-1\" \/>\n<link rel=\"canonical\" href=\"https:\/\/infoecos.com.ar\/index.php\/guerrera-se-reunion-con-teresa-garcia-hablaron-de-tierras-ociosas-de-ferrocarriles-para-que-sean-destinadas-a-viviendas\/\" \/>\n<meta property=\"og:locale\" content=\"es_ES\" \/>\n<meta property=\"og:type\" content=\"article\" \/>\n<meta property=\"og:title\" content=\"Guerrera se reuni\u00f3 con Teresa Garc\u00eda: hablaron de tierras ociosas de ferrocarriles para que sean destinadas a viviendas - Infoecos\" \/>\n<meta property=\"og:description\" content=\"El presidente de TAI tambi\u00e9n mantuvo conversaciones con los Intendentes bonaerenses Gustavo Men\u00e9ndez (Merlo); H\u00e9ctor Gay (Bah\u00eda Blanca); Walter Torchio (Carlos Casares); Luis Pugnaloni (Hip\u00f3lito Yrigoyen); y Juan Zabaleta (Hurlingham)\" \/>\n<meta property=\"og:url\" content=\"https:\/\/infoecos.com.ar\/index.php\/guerrera-se-reunion-con-teresa-garcia-hablaron-de-tierras-ociosas-de-ferrocarriles-para-que-sean-destinadas-a-viviendas\/\" \/>\n<meta property=\"og:site_name\" content=\"Infoecos\" \/>\n<meta property=\"article:publisher\" content=\"https:\/\/www.facebook.com\/profile.php?id=100063200290284\" \/>\n<meta property=\"article:published_time\" content=\"2021-03-04T04:31:46+00:00\" \/>\n<meta property=\"article:modified_time\" content=\"2021-03-04T04:40:32+00:00\" \/>\n<meta property=\"og:image\" content=\"https:\/\/infoecos.com.ar\/wp-content\/uploads\/guerrera.jpeg\" \/>\n\t<meta property=\"og:image:width\" content=\"880\" \/>\n\t<meta property=\"og:image:height\" content=\"493\" \/>\n\t<meta property=\"og:image:type\" content=\"image\/jpeg\" \/>\n<meta name=\"author\" content=\"Jorge Matheus\" \/>\n<meta name=\"twitter:card\" content=\"summary_large_image\" \/>\n<meta name=\"twitter:creator\" content=\"@infoecos\" \/>\n<meta name=\"twitter:site\" content=\"@infoecos\" \/>\n<meta name=\"twitter:label1\" content=\"Escrito por\" \/>\n\t<meta name=\"twitter:data1\" content=\"Jorge Matheus\" \/>\n\t<meta name=\"twitter:label2\" content=\"Tiempo de lectura\" \/>\n\t<meta name=\"twitter:data2\" content=\"1 minuto\" \/>\n<script type=\"application\/ld+json\" class=\"yoast-schema-graph\">{\"@context\":\"https:\/\/schema.org\",\"@graph\":[{\"@type\":\"Article\",\"@id\":\"https:\/\/infoecos.com.ar\/index.php\/guerrera-se-reunion-con-teresa-garcia-hablaron-de-tierras-ociosas-de-ferrocarriles-para-que-sean-destinadas-a-viviendas\/#article\",\"isPartOf\":{\"@id\":\"https:\/\/infoecos.com.ar\/index.php\/guerrera-se-reunion-con-teresa-garcia-hablaron-de-tierras-ociosas-de-ferrocarriles-para-que-sean-destinadas-a-viviendas\/\"},\"author\":{\"name\":\"Jorge Matheus\",\"@id\":\"https:\/\/infoecos.com.ar\/#\/schema\/person\/8f5ace5ce73b4b4aac4b7245aee6f191\"},\"headline\":\"Guerrera se reuni\u00f3 con Teresa Garc\u00eda: hablaron de tierras ociosas de ferrocarriles para que sean destinadas a viviendas\",\"datePublished\":\"2021-03-04T04:31:46+00:00\",\"dateModified\":\"2021-03-04T04:40:32+00:00\",\"mainEntityOfPage\":{\"@id\":\"https:\/\/infoecos.com.ar\/index.php\/guerrera-se-reunion-con-teresa-garcia-hablaron-de-tierras-ociosas-de-ferrocarriles-para-que-sean-destinadas-a-viviendas\/\"},\"wordCount\":301,\"publisher\":{\"@id\":\"https:\/\/infoecos.com.ar\/#organization\"},\"image\":{\"@id\":\"https:\/\/infoecos.com.ar\/index.php\/guerrera-se-reunion-con-teresa-garcia-hablaron-de-tierras-ociosas-de-ferrocarriles-para-que-sean-destinadas-a-viviendas\/#primaryimage\"},\"thumbnailUrl\":\"https:\/\/infoecos.com.ar\/wp-content\/uploads\/guerrera.jpeg\",\"keywords\":[\"M\u00c1S TERRENOS PARA CONSTRUCCI\u00d3N DE VIVIENDAS\"],\"articleSection\":[\"C1 N4\"],\"inLanguage\":\"es\"},{\"@type\":\"WebPage\",\"@id\":\"https:\/\/infoecos.com.ar\/index.php\/guerrera-se-reunion-con-teresa-garcia-hablaron-de-tierras-ociosas-de-ferrocarriles-para-que-sean-destinadas-a-viviendas\/\",\"url\":\"https:\/\/infoecos.com.ar\/index.php\/guerrera-se-reunion-con-teresa-garcia-hablaron-de-tierras-ociosas-de-ferrocarriles-para-que-sean-destinadas-a-viviendas\/\",\"name\":\"Guerrera se reuni\u00f3 con Teresa Garc\u00eda: hablaron de tierras ociosas de ferrocarriles para que sean destinadas a viviendas - Infoecos\",\"isPartOf\":{\"@id\":\"https:\/\/infoecos.com.ar\/#website\"},\"primaryImageOfPage\":{\"@id\":\"https:\/\/infoecos.com.ar\/index.php\/guerrera-se-reunion-con-teresa-garcia-hablaron-de-tierras-ociosas-de-ferrocarriles-para-que-sean-destinadas-a-viviendas\/#primaryimage\"},\"image\":{\"@id\":\"https:\/\/infoecos.com.ar\/index.php\/guerrera-se-reunion-con-teresa-garcia-hablaron-de-tierras-ociosas-de-ferrocarriles-para-que-sean-destinadas-a-viviendas\/#primaryimage\"},\"thumbnailUrl\":\"https:\/\/infoecos.com.ar\/wp-content\/uploads\/guerrera.jpeg\",\"datePublished\":\"2021-03-04T04:31:46+00:00\",\"dateModified\":\"2021-03-04T04:40:32+00:00\",\"breadcrumb\":{\"@id\":\"https:\/\/infoecos.com.ar\/index.php\/guerrera-se-reunion-con-teresa-garcia-hablaron-de-tierras-ociosas-de-ferrocarriles-para-que-sean-destinadas-a-viviendas\/#breadcrumb\"},\"inLanguage\":\"es\",\"potentialAction\":[{\"@type\":\"ReadAction\",\"target\":[\"https:\/\/infoecos.com.ar\/index.php\/guerrera-se-reunion-con-teresa-garcia-hablaron-de-tierras-ociosas-de-ferrocarriles-para-que-sean-destinadas-a-viviendas\/\"]}]},{\"@type\":\"ImageObject\",\"inLanguage\":\"es\",\"@id\":\"https:\/\/infoecos.com.ar\/index.php\/guerrera-se-reunion-con-teresa-garcia-hablaron-de-tierras-ociosas-de-ferrocarriles-para-que-sean-destinadas-a-viviendas\/#primaryimage\",\"url\":\"https:\/\/infoecos.com.ar\/wp-content\/uploads\/guerrera.jpeg\",\"contentUrl\":\"https:\/\/infoecos.com.ar\/wp-content\/uploads\/guerrera.jpeg\",\"width\":880,\"height\":493},{\"@type\":\"BreadcrumbList\",\"@id\":\"https:\/\/infoecos.com.ar\/index.php\/guerrera-se-reunion-con-teresa-garcia-hablaron-de-tierras-ociosas-de-ferrocarriles-para-que-sean-destinadas-a-viviendas\/#breadcrumb\",\"itemListElement\":[{\"@type\":\"ListItem\",\"position\":1,\"name\":\"Portada\",\"item\":\"https:\/\/infoecos.com.ar\/\"},{\"@type\":\"ListItem\",\"position\":2,\"name\":\"Guerrera se reuni\u00f3 con Teresa Garc\u00eda: hablaron de tierras ociosas de ferrocarriles para que sean destinadas a viviendas\"}]},{\"@type\":\"WebSite\",\"@id\":\"https:\/\/infoecos.com.ar\/#website\",\"url\":\"https:\/\/infoecos.com.ar\/\",\"name\":\"Infoecos\",\"description\":\"Noticias de trenque lauquen y la zona\",\"publisher\":{\"@id\":\"https:\/\/infoecos.com.ar\/#organization\"},\"alternateName\":\"Noticias\",\"potentialAction\":[{\"@type\":\"SearchAction\",\"target\":{\"@type\":\"EntryPoint\",\"urlTemplate\":\"https:\/\/infoecos.com.ar\/?s={search_term_string}\"},\"query-input\":{\"@type\":\"PropertyValueSpecification\",\"valueRequired\":true,\"valueName\":\"search_term_string\"}}],\"inLanguage\":\"es\"},{\"@type\":\"Organization\",\"@id\":\"https:\/\/infoecos.com.ar\/#organization\",\"name\":\"Infoecos\",\"alternateName\":\"Noticias\",\"url\":\"https:\/\/infoecos.com.ar\/\",\"logo\":{\"@type\":\"ImageObject\",\"inLanguage\":\"es\",\"@id\":\"https:\/\/infoecos.com.ar\/#\/schema\/logo\/image\/\",\"url\":\"https:\/\/infoecos.com.ar\/wp-content\/uploads\/2024\/03\/cropped-logo.png\",\"contentUrl\":\"https:\/\/infoecos.com.ar\/wp-content\/uploads\/2024\/03\/cropped-logo.png\",\"width\":374,\"height\":90,\"caption\":\"Infoecos\"},\"image\":{\"@id\":\"https:\/\/infoecos.com.ar\/#\/schema\/logo\/image\/\"},\"sameAs\":[\"https:\/\/www.facebook.com\/profile.php?id=100063200290284\",\"https:\/\/x.com\/infoecos\"]},{\"@type\":\"Person\",\"@id\":\"https:\/\/infoecos.com.ar\/#\/schema\/person\/8f5ace5ce73b4b4aac4b7245aee6f191\",\"name\":\"Jorge Matheus\",\"url\":\"https:\/\/infoecos.com.ar\/index.php\/author\/jomatheus\/\"}]}<\/script>\n<!-- \/ Yoast SEO plugin. -->","yoast_head_json":{"title":"Guerrera se reuni\u00f3 con Teresa Garc\u00eda: hablaron de tierras ociosas de ferrocarriles para que sean destinadas a viviendas - Infoecos","robots":{"index":"index","follow":"follow","max-snippet":"max-snippet:-1","max-image-preview":"max-image-preview:large","max-video-preview":"max-video-preview:-1"},"canonical":"https:\/\/infoecos.com.ar\/index.php\/guerrera-se-reunion-con-teresa-garcia-hablaron-de-tierras-ociosas-de-ferrocarriles-para-que-sean-destinadas-a-viviendas\/","og_locale":"es_ES","og_type":"article","og_title":"Guerrera se reuni\u00f3 con Teresa Garc\u00eda: hablaron de tierras ociosas de ferrocarriles para que sean destinadas a viviendas - Infoecos","og_description":"El presidente de TAI tambi\u00e9n mantuvo conversaciones con los Intendentes bonaerenses Gustavo Men\u00e9ndez (Merlo); H\u00e9ctor Gay (Bah\u00eda Blanca); Walter Torchio (Carlos Casares); Luis Pugnaloni (Hip\u00f3lito Yrigoyen); y Juan Zabaleta (Hurlingham)","og_url":"https:\/\/infoecos.com.ar\/index.php\/guerrera-se-reunion-con-teresa-garcia-hablaron-de-tierras-ociosas-de-ferrocarriles-para-que-sean-destinadas-a-viviendas\/","og_site_name":"Infoecos","article_publisher":"https:\/\/www.facebook.com\/profile.php?id=100063200290284","article_published_time":"2021-03-04T04:31:46+00:00","article_modified_time":"2021-03-04T04:40:32+00:00","og_image":[{"width":880,"height":493,"url":"https:\/\/infoecos.com.ar\/wp-content\/uploads\/guerrera.jpeg","type":"image\/jpeg"}],"author":"Jorge Matheus","twitter_card":"summary_large_image","twitter_creator":"@infoecos","twitter_site":"@infoecos","twitter_misc":{"Escrito por":"Jorge Matheus","Tiempo de lectura":"1 minuto"},"schema":{"@context":"https:\/\/schema.org","@graph":[{"@type":"Article","@id":"https:\/\/infoecos.com.ar\/index.php\/guerrera-se-reunion-con-teresa-garcia-hablaron-de-tierras-ociosas-de-ferrocarriles-para-que-sean-destinadas-a-viviendas\/#article","isPartOf":{"@id":"https:\/\/infoecos.com.ar\/index.php\/guerrera-se-reunion-con-teresa-garcia-hablaron-de-tierras-ociosas-de-ferrocarriles-para-que-sean-destinadas-a-viviendas\/"},"author":{"name":"Jorge Matheus","@id":"https:\/\/infoecos.com.ar\/#\/schema\/person\/8f5ace5ce73b4b4aac4b7245aee6f191"},"headline":"Guerrera se reuni\u00f3 con Teresa Garc\u00eda: hablaron de tierras ociosas de ferrocarriles para que sean destinadas a viviendas","datePublished":"2021-03-04T04:31:46+00:00","dateModified":"2021-03-04T04:40:32+00:00","mainEntityOfPage":{"@id":"https:\/\/infoecos.com.ar\/index.php\/guerrera-se-reunion-con-teresa-garcia-hablaron-de-tierras-ociosas-de-ferrocarriles-para-que-sean-destinadas-a-viviendas\/"},"wordCount":301,"publisher":{"@id":"https:\/\/infoecos.com.ar\/#organization"},"image":{"@id":"https:\/\/infoecos.com.ar\/index.php\/guerrera-se-reunion-con-teresa-garcia-hablaron-de-tierras-ociosas-de-ferrocarriles-para-que-sean-destinadas-a-viviendas\/#primaryimage"},"thumbnailUrl":"https:\/\/infoecos.com.ar\/wp-content\/uploads\/guerrera.jpeg","keywords":["M\u00c1S TERRENOS PARA CONSTRUCCI\u00d3N DE VIVIENDAS"],"articleSection":["C1 N4"],"inLanguage":"es"},{"@type":"WebPage","@id":"https:\/\/infoecos.com.ar\/index.php\/guerrera-se-reunion-con-teresa-garcia-hablaron-de-tierras-ociosas-de-ferrocarriles-para-que-sean-destinadas-a-viviendas\/","url":"https:\/\/infoecos.com.ar\/index.php\/guerrera-se-reunion-con-teresa-garcia-hablaron-de-tierras-ociosas-de-ferrocarriles-para-que-sean-destinadas-a-viviendas\/","name":"Guerrera se reuni\u00f3 con Teresa Garc\u00eda: hablaron de tierras ociosas de ferrocarriles para que sean destinadas a viviendas - Infoecos","isPartOf":{"@id":"https:\/\/infoecos.com.ar\/#website"},"primaryImageOfPage":{"@id":"https:\/\/infoecos.com.ar\/index.php\/guerrera-se-reunion-con-teresa-garcia-hablaron-de-tierras-ociosas-de-ferrocarriles-para-que-sean-destinadas-a-viviendas\/#primaryimage"},"image":{"@id":"https:\/\/infoecos.com.ar\/index.php\/guerrera-se-reunion-con-teresa-garcia-hablaron-de-tierras-ociosas-de-ferrocarriles-para-que-sean-destinadas-a-viviendas\/#primaryimage"},"thumbnailUrl":"https:\/\/infoecos.com.ar\/wp-content\/uploads\/guerrera.jpeg","datePublished":"2021-03-04T04:31:46+00:00","dateModified":"2021-03-04T04:40:32+00:00","breadcrumb":{"@id":"https:\/\/infoecos.com.ar\/index.php\/guerrera-se-reunion-con-teresa-garcia-hablaron-de-tierras-ociosas-de-ferrocarriles-para-que-sean-destinadas-a-viviendas\/#breadcrumb"},"inLanguage":"es","potentialAction":[{"@type":"ReadAction","target":["https:\/\/infoecos.com.ar\/index.php\/guerrera-se-reunion-con-teresa-garcia-hablaron-de-tierras-ociosas-de-ferrocarriles-para-que-sean-destinadas-a-viviendas\/"]}]},{"@type":"ImageObject","inLanguage":"es","@id":"https:\/\/infoecos.com.ar\/index.php\/guerrera-se-reunion-con-teresa-garcia-hablaron-de-tierras-ociosas-de-ferrocarriles-para-que-sean-destinadas-a-viviendas\/#primaryimage","url":"https:\/\/infoecos.com.ar\/wp-content\/uploads\/guerrera.jpeg","contentUrl":"https:\/\/infoecos.com.ar\/wp-content\/uploads\/guerrera.jpeg","width":880,"height":493},{"@type":"BreadcrumbList","@id":"https:\/\/infoecos.com.ar\/index.php\/guerrera-se-reunion-con-teresa-garcia-hablaron-de-tierras-ociosas-de-ferrocarriles-para-que-sean-destinadas-a-viviendas\/#breadcrumb","itemListElement":[{"@type":"ListItem","position":1,"name":"Portada","item":"https:\/\/infoecos.com.ar\/"},{"@type":"ListItem","position":2,"name":"Guerrera se reuni\u00f3 con Teresa Garc\u00eda: hablaron de tierras ociosas de ferrocarriles para que sean destinadas a viviendas"}]},{"@type":"WebSite","@id":"https:\/\/infoecos.com.ar\/#website","url":"https:\/\/infoecos.com.ar\/","name":"Infoecos","description":"Noticias de trenque lauquen y la zona","publisher":{"@id":"https:\/\/infoecos.com.ar\/#organization"},"alternateName":"Noticias","potentialAction":[{"@type":"SearchAction","target":{"@type":"EntryPoint","urlTemplate":"https:\/\/infoecos.com.ar\/?s={search_term_string}"},"query-input":{"@type":"PropertyValueSpecification","valueRequired":true,"valueName":"search_term_string"}}],"inLanguage":"es"},{"@type":"Organization","@id":"https:\/\/infoecos.com.ar\/#organization","name":"Infoecos","alternateName":"Noticias","url":"https:\/\/infoecos.com.ar\/","logo":{"@type":"ImageObject","inLanguage":"es","@id":"https:\/\/infoecos.com.ar\/#\/schema\/logo\/image\/","url":"https:\/\/infoecos.com.ar\/wp-content\/uploads\/2024\/03\/cropped-logo.png","contentUrl":"https:\/\/infoecos.com.ar\/wp-content\/uploads\/2024\/03\/cropped-logo.png","width":374,"height":90,"caption":"Infoecos"},"image":{"@id":"https:\/\/infoecos.com.ar\/#\/schema\/logo\/image\/"},"sameAs":["https:\/\/www.facebook.com\/profile.php?id=100063200290284","https:\/\/x.com\/infoecos"]},{"@type":"Person","@id":"https:\/\/infoecos.com.ar\/#\/schema\/person\/8f5ace5ce73b4b4aac4b7245aee6f191","name":"Jorge Matheus","url":"https:\/\/infoecos.com.ar\/index.php\/author\/jomatheus\/"}]}},"featured_image_urls":{"full":["https:\/\/infoecos.com.ar\/wp-content\/uploads\/guerrera.jpeg",880,493,false],"thumbnail":["https:\/\/infoecos.com.ar\/wp-content\/uploads\/guerrera-150x150.jpeg",150,150,true],"medium":["https:\/\/infoecos.com.ar\/wp-content\/uploads\/guerrera-460x258.jpeg",460,258,true],"medium_large":["https:\/\/infoecos.com.ar\/wp-content\/uploads\/guerrera-768x430.jpeg",640,358,true],"large":["https:\/\/infoecos.com.ar\/wp-content\/uploads\/guerrera.jpeg",640,359,false],"1536x1536":["https:\/\/infoecos.com.ar\/wp-content\/uploads\/guerrera.jpeg",880,493,false],"2048x2048":["https:\/\/infoecos.com.ar\/wp-content\/uploads\/guerrera.jpeg",880,493,false],"covernews-slider-full":["https:\/\/infoecos.com.ar\/wp-content\/uploads\/guerrera.jpeg",880,493,false],"covernews-slider-center":["https:\/\/infoecos.com.ar\/wp-content\/uploads\/guerrera.jpeg",800,448,false],"covernews-featured":["https:\/\/infoecos.com.ar\/wp-content\/uploads\/guerrera.jpeg",880,493,false],"covernews-medium":["https:\/\/infoecos.com.ar\/wp-content\/uploads\/guerrera-720x380.jpeg",540,285,true],"covernews-medium-square":["https:\/\/infoecos.com.ar\/wp-content\/uploads\/guerrera-675x450.jpeg",375,250,true]},"author_info":{"info":["Jorge Matheus"]},"category_info":"<a href=\"https:\/\/infoecos.com.ar\/index.php\/category\/c1nota4\/\" rel=\"category tag\">C1 N4<\/a>","tag_info":"C1 N4","comment_count":"0","_links":{"self":[{"href":"https:\/\/infoecos.com.ar\/index.php\/wp-json\/wp\/v2\/posts\/75300"}],"collection":[{"href":"https:\/\/infoecos.com.ar\/index.php\/wp-json\/wp\/v2\/posts"}],"about":[{"href":"https:\/\/infoecos.com.ar\/index.php\/wp-json\/wp\/v2\/types\/post"}],"author":[{"embeddable":true,"href":"https:\/\/infoecos.com.ar\/index.php\/wp-json\/wp\/v2\/users\/2"}],"replies":[{"embeddable":true,"href":"https:\/\/infoecos.com.ar\/index.php\/wp-json\/wp\/v2\/comments?post=75300"}],"version-history":[{"count":2,"href":"https:\/\/infoecos.com.ar\/index.php\/wp-json\/wp\/v2\/posts\/75300\/revisions"}],"predecessor-version":[{"id":75305,"href":"https:\/\/infoecos.com.ar\/index.php\/wp-json\/wp\/v2\/posts\/75300\/revisions\/75305"}],"wp:featuredmedia":[{"embeddable":true,"href":"https:\/\/infoecos.com.ar\/index.php\/wp-json\/wp\/v2\/media\/64164"}],"wp:attachment":[{"href":"https:\/\/infoecos.com.ar\/index.php\/wp-json\/wp\/v2\/media?parent=75300"}],"wp:term":[{"taxonomy":"category","embeddable":true,"href":"https:\/\/infoecos.com.ar\/index.php\/wp-json\/wp\/v2\/categories?post=75300"},{"taxonomy":"post_tag","embeddable":true,"href":"https:\/\/infoecos.com.ar\/index.php\/wp-json\/wp\/v2\/tags?post=75300"}],"curies":[{"name":"wp","href":"https:\/\/api.w.org\/{rel}","templated":true}]}}