{"id":75352,"date":"2021-03-04T17:07:52","date_gmt":"2021-03-04T20:07:52","guid":{"rendered":"http:\/\/infoecos.com.ar\/?p=75352"},"modified":"2021-03-08T01:17:30","modified_gmt":"2021-03-08T04:17:30","slug":"el-gasoducto-entre-guamini-y-laguna-alsina-podria-estar-terminado-en-julio-de-este-ano","status":"publish","type":"post","link":"https:\/\/infoecos.com.ar\/index.php\/el-gasoducto-entre-guamini-y-laguna-alsina-podria-estar-terminado-en-julio-de-este-ano\/","title":{"rendered":"El gasoducto entre Guamin\u00ed y Laguna Alsina podr\u00eda estar terminado en Julio de este a\u00f1o"},"content":{"rendered":"\n<p>La fecha estimada de finalizaci\u00f3n del gasoducto entre Guamin\u00ed y Laguna Alsina tiene fecha estimada de finalizaci\u00f3n en el mes de Julio de este a\u00f1o. As\u00ed lo expresaron el presidente de Buenos Aires Gas, Pablo P\u00e9rez y el intendente municipal del distrito, Jos\u00e9 Augusto Nobre Ferreira, luego de la recorrida que realizaron en el d\u00eda de ayer, acompa\u00f1ando al subsecretario de Energ\u00eda bonaerense, Gast\u00f3n Ghioni. Esta realizaci\u00f3n proveer\u00e1 de gas natural a las localidades, las que actualmente son abastecidas por gas licuado de petr\u00f3leo. En principio permitir\u00e1 el abastecimiento a 1.000 usuarios potenciales. <\/p>\n\n\n\n<div class=\"wp-block-image\"><figure class=\"aligncenter size-medium\"><img loading=\"lazy\" decoding=\"async\" width=\"460\" height=\"307\" src=\"http:\/\/infoecos.com.ar\/wp-content\/uploads\/2021\/03\/guaminiobras-460x307.jpg\" alt=\"\" class=\"wp-image-75353\" srcset=\"https:\/\/infoecos.com.ar\/wp-content\/uploads\/2021\/03\/guaminiobras-460x307.jpg 460w, https:\/\/infoecos.com.ar\/wp-content\/uploads\/2021\/03\/guaminiobras-920x614.jpg 920w, https:\/\/infoecos.com.ar\/wp-content\/uploads\/2021\/03\/guaminiobras-768x512.jpg 768w, https:\/\/infoecos.com.ar\/wp-content\/uploads\/2021\/03\/guaminiobras-675x450.jpg 675w, https:\/\/infoecos.com.ar\/wp-content\/uploads\/2021\/03\/guaminiobras.jpg 1024w\" sizes=\"(max-width: 460px) 100vw, 460px\" \/><\/figure><\/div>\n\n\n\n<p>La inversi\u00f3n alcanza a los 530 millones de pesos. Son 56 kil\u00f3metros de ramal de acero, una estaci\u00f3n de medici\u00f3n y dos estaciones reguladoras de presi\u00f3n. <\/p>\n\n\n\n<p>Por otro lado, durante la visita de los funcionarios de la provincia de Buenos Aires se habl\u00f3 sobre la nueva estaci\u00f3n transformadora de energ\u00eda de Guamin\u00ed y de la l\u00ednea de alta tensi\u00f3n de 132 kv entre Guamin\u00ed y Coronel Su\u00e1rez. Esta obra tiene un presupuesto superior a los 34 millones de pesos. <\/p>\n\n\n\n<div class=\"wp-block-image\"><figure class=\"aligncenter size-medium\"><img loading=\"lazy\" decoding=\"async\" width=\"460\" height=\"307\" src=\"http:\/\/infoecos.com.ar\/wp-content\/uploads\/2021\/03\/guaminiobras1-460x307.jpg\" alt=\"\" class=\"wp-image-75354\" srcset=\"https:\/\/infoecos.com.ar\/wp-content\/uploads\/2021\/03\/guaminiobras1-460x307.jpg 460w, https:\/\/infoecos.com.ar\/wp-content\/uploads\/2021\/03\/guaminiobras1-920x614.jpg 920w, https:\/\/infoecos.com.ar\/wp-content\/uploads\/2021\/03\/guaminiobras1-768x512.jpg 768w, https:\/\/infoecos.com.ar\/wp-content\/uploads\/2021\/03\/guaminiobras1-675x450.jpg 675w, https:\/\/infoecos.com.ar\/wp-content\/uploads\/2021\/03\/guaminiobras1.jpg 1024w\" sizes=\"(max-width: 460px) 100vw, 460px\" \/><\/figure><\/div>\n\n\n\n<p>La obra energ\u00e9tica mencionada tiene una traza de 68 kil\u00f3metros y una vez culminada evitar\u00e1 restricciones que actualmente suelen presentarse. <\/p>\n\n\n\n<p><\/p>\n","protected":false},"excerpt":{"rendered":"<p>Funcionarios de la provincia se interiorizaron, tambi\u00e9n, de la marcha de la nueva estaci\u00f3n transformadora de energ\u00eda <\/p>\n","protected":false},"author":2,"featured_media":75355,"comment_status":"closed","ping_status":"open","sticky":false,"template":"","format":"standard","meta":{"footnotes":""},"categories":[1333],"tags":[2112],"class_list":["post-75352","post","type-post","status-publish","format-standard","has-post-thumbnail","hentry","category-inferior13","tag-buenas-noticias"],"yoast_head":"<!-- This site is optimized with the Yoast SEO plugin v23.4 - https:\/\/yoast.com\/wordpress\/plugins\/seo\/ -->\n<title>El gasoducto entre Guamin\u00ed y Laguna Alsina podr\u00eda estar terminado en Julio de este a\u00f1o - Infoecos<\/title>\n<meta name=\"robots\" content=\"index, follow, max-snippet:-1, max-image-preview:large, max-video-preview:-1\" \/>\n<link rel=\"canonical\" href=\"https:\/\/infoecos.com.ar\/index.php\/el-gasoducto-entre-guamini-y-laguna-alsina-podria-estar-terminado-en-julio-de-este-ano\/\" \/>\n<meta property=\"og:locale\" content=\"es_ES\" \/>\n<meta property=\"og:type\" content=\"article\" \/>\n<meta property=\"og:title\" content=\"El gasoducto entre Guamin\u00ed y Laguna Alsina podr\u00eda estar terminado en Julio de este a\u00f1o - Infoecos\" \/>\n<meta property=\"og:description\" content=\"Funcionarios de la provincia se interiorizaron, tambi\u00e9n, de la marcha de la nueva estaci\u00f3n transformadora de energ\u00eda\" \/>\n<meta property=\"og:url\" content=\"https:\/\/infoecos.com.ar\/index.php\/el-gasoducto-entre-guamini-y-laguna-alsina-podria-estar-terminado-en-julio-de-este-ano\/\" \/>\n<meta property=\"og:site_name\" content=\"Infoecos\" \/>\n<meta property=\"article:publisher\" content=\"https:\/\/www.facebook.com\/profile.php?id=100063200290284\" \/>\n<meta property=\"article:published_time\" content=\"2021-03-04T20:07:52+00:00\" \/>\n<meta property=\"article:modified_time\" content=\"2021-03-08T04:17:30+00:00\" \/>\n<meta property=\"og:image\" content=\"https:\/\/infoecos.com.ar\/wp-content\/uploads\/2021\/03\/guaminiobras3.jpg\" \/>\n\t<meta property=\"og:image:width\" content=\"1024\" \/>\n\t<meta property=\"og:image:height\" content=\"683\" \/>\n\t<meta property=\"og:image:type\" content=\"image\/jpeg\" \/>\n<meta name=\"author\" content=\"Jorge Matheus\" \/>\n<meta name=\"twitter:card\" content=\"summary_large_image\" \/>\n<meta name=\"twitter:creator\" content=\"@infoecos\" \/>\n<meta name=\"twitter:site\" content=\"@infoecos\" \/>\n<meta name=\"twitter:label1\" content=\"Escrito por\" \/>\n\t<meta name=\"twitter:data1\" content=\"Jorge Matheus\" \/>\n\t<meta name=\"twitter:label2\" content=\"Tiempo de lectura\" \/>\n\t<meta name=\"twitter:data2\" content=\"1 minuto\" \/>\n<script type=\"application\/ld+json\" class=\"yoast-schema-graph\">{\"@context\":\"https:\/\/schema.org\",\"@graph\":[{\"@type\":\"Article\",\"@id\":\"https:\/\/infoecos.com.ar\/index.php\/el-gasoducto-entre-guamini-y-laguna-alsina-podria-estar-terminado-en-julio-de-este-ano\/#article\",\"isPartOf\":{\"@id\":\"https:\/\/infoecos.com.ar\/index.php\/el-gasoducto-entre-guamini-y-laguna-alsina-podria-estar-terminado-en-julio-de-este-ano\/\"},\"author\":{\"name\":\"Jorge Matheus\",\"@id\":\"https:\/\/infoecos.com.ar\/#\/schema\/person\/8f5ace5ce73b4b4aac4b7245aee6f191\"},\"headline\":\"El gasoducto entre Guamin\u00ed y Laguna Alsina podr\u00eda estar terminado en Julio de este a\u00f1o\",\"datePublished\":\"2021-03-04T20:07:52+00:00\",\"dateModified\":\"2021-03-08T04:17:30+00:00\",\"mainEntityOfPage\":{\"@id\":\"https:\/\/infoecos.com.ar\/index.php\/el-gasoducto-entre-guamini-y-laguna-alsina-podria-estar-terminado-en-julio-de-este-ano\/\"},\"wordCount\":225,\"publisher\":{\"@id\":\"https:\/\/infoecos.com.ar\/#organization\"},\"image\":{\"@id\":\"https:\/\/infoecos.com.ar\/index.php\/el-gasoducto-entre-guamini-y-laguna-alsina-podria-estar-terminado-en-julio-de-este-ano\/#primaryimage\"},\"thumbnailUrl\":\"https:\/\/infoecos.com.ar\/wp-content\/uploads\/2021\/03\/guaminiobras3.jpg\",\"keywords\":[\"BUENAS NOTICIAS\"],\"articleSection\":[\"Bloque inferior - 13\"],\"inLanguage\":\"es\"},{\"@type\":\"WebPage\",\"@id\":\"https:\/\/infoecos.com.ar\/index.php\/el-gasoducto-entre-guamini-y-laguna-alsina-podria-estar-terminado-en-julio-de-este-ano\/\",\"url\":\"https:\/\/infoecos.com.ar\/index.php\/el-gasoducto-entre-guamini-y-laguna-alsina-podria-estar-terminado-en-julio-de-este-ano\/\",\"name\":\"El gasoducto entre Guamin\u00ed y Laguna Alsina podr\u00eda estar terminado en Julio de este a\u00f1o - Infoecos\",\"isPartOf\":{\"@id\":\"https:\/\/infoecos.com.ar\/#website\"},\"primaryImageOfPage\":{\"@id\":\"https:\/\/infoecos.com.ar\/index.php\/el-gasoducto-entre-guamini-y-laguna-alsina-podria-estar-terminado-en-julio-de-este-ano\/#primaryimage\"},\"image\":{\"@id\":\"https:\/\/infoecos.com.ar\/index.php\/el-gasoducto-entre-guamini-y-laguna-alsina-podria-estar-terminado-en-julio-de-este-ano\/#primaryimage\"},\"thumbnailUrl\":\"https:\/\/infoecos.com.ar\/wp-content\/uploads\/2021\/03\/guaminiobras3.jpg\",\"datePublished\":\"2021-03-04T20:07:52+00:00\",\"dateModified\":\"2021-03-08T04:17:30+00:00\",\"breadcrumb\":{\"@id\":\"https:\/\/infoecos.com.ar\/index.php\/el-gasoducto-entre-guamini-y-laguna-alsina-podria-estar-terminado-en-julio-de-este-ano\/#breadcrumb\"},\"inLanguage\":\"es\",\"potentialAction\":[{\"@type\":\"ReadAction\",\"target\":[\"https:\/\/infoecos.com.ar\/index.php\/el-gasoducto-entre-guamini-y-laguna-alsina-podria-estar-terminado-en-julio-de-este-ano\/\"]}]},{\"@type\":\"ImageObject\",\"inLanguage\":\"es\",\"@id\":\"https:\/\/infoecos.com.ar\/index.php\/el-gasoducto-entre-guamini-y-laguna-alsina-podria-estar-terminado-en-julio-de-este-ano\/#primaryimage\",\"url\":\"https:\/\/infoecos.com.ar\/wp-content\/uploads\/2021\/03\/guaminiobras3.jpg\",\"contentUrl\":\"https:\/\/infoecos.com.ar\/wp-content\/uploads\/2021\/03\/guaminiobras3.jpg\",\"width\":1024,\"height\":683},{\"@type\":\"BreadcrumbList\",\"@id\":\"https:\/\/infoecos.com.ar\/index.php\/el-gasoducto-entre-guamini-y-laguna-alsina-podria-estar-terminado-en-julio-de-este-ano\/#breadcrumb\",\"itemListElement\":[{\"@type\":\"ListItem\",\"position\":1,\"name\":\"Portada\",\"item\":\"https:\/\/infoecos.com.ar\/\"},{\"@type\":\"ListItem\",\"position\":2,\"name\":\"El gasoducto entre Guamin\u00ed y Laguna Alsina podr\u00eda estar terminado en Julio de este a\u00f1o\"}]},{\"@type\":\"WebSite\",\"@id\":\"https:\/\/infoecos.com.ar\/#website\",\"url\":\"https:\/\/infoecos.com.ar\/\",\"name\":\"Infoecos\",\"description\":\"Noticias de trenque lauquen y la zona\",\"publisher\":{\"@id\":\"https:\/\/infoecos.com.ar\/#organization\"},\"alternateName\":\"Noticias\",\"potentialAction\":[{\"@type\":\"SearchAction\",\"target\":{\"@type\":\"EntryPoint\",\"urlTemplate\":\"https:\/\/infoecos.com.ar\/?s={search_term_string}\"},\"query-input\":{\"@type\":\"PropertyValueSpecification\",\"valueRequired\":true,\"valueName\":\"search_term_string\"}}],\"inLanguage\":\"es\"},{\"@type\":\"Organization\",\"@id\":\"https:\/\/infoecos.com.ar\/#organization\",\"name\":\"Infoecos\",\"alternateName\":\"Noticias\",\"url\":\"https:\/\/infoecos.com.ar\/\",\"logo\":{\"@type\":\"ImageObject\",\"inLanguage\":\"es\",\"@id\":\"https:\/\/infoecos.com.ar\/#\/schema\/logo\/image\/\",\"url\":\"https:\/\/infoecos.com.ar\/wp-content\/uploads\/2024\/03\/cropped-logo.png\",\"contentUrl\":\"https:\/\/infoecos.com.ar\/wp-content\/uploads\/2024\/03\/cropped-logo.png\",\"width\":374,\"height\":90,\"caption\":\"Infoecos\"},\"image\":{\"@id\":\"https:\/\/infoecos.com.ar\/#\/schema\/logo\/image\/\"},\"sameAs\":[\"https:\/\/www.facebook.com\/profile.php?id=100063200290284\",\"https:\/\/x.com\/infoecos\"]},{\"@type\":\"Person\",\"@id\":\"https:\/\/infoecos.com.ar\/#\/schema\/person\/8f5ace5ce73b4b4aac4b7245aee6f191\",\"name\":\"Jorge Matheus\",\"url\":\"https:\/\/infoecos.com.ar\/index.php\/author\/jomatheus\/\"}]}<\/script>\n<!-- \/ Yoast SEO plugin. -->","yoast_head_json":{"title":"El gasoducto entre Guamin\u00ed y Laguna Alsina podr\u00eda estar terminado en Julio de este a\u00f1o - Infoecos","robots":{"index":"index","follow":"follow","max-snippet":"max-snippet:-1","max-image-preview":"max-image-preview:large","max-video-preview":"max-video-preview:-1"},"canonical":"https:\/\/infoecos.com.ar\/index.php\/el-gasoducto-entre-guamini-y-laguna-alsina-podria-estar-terminado-en-julio-de-este-ano\/","og_locale":"es_ES","og_type":"article","og_title":"El gasoducto entre Guamin\u00ed y Laguna Alsina podr\u00eda estar terminado en Julio de este a\u00f1o - Infoecos","og_description":"Funcionarios de la provincia se interiorizaron, tambi\u00e9n, de la marcha de la nueva estaci\u00f3n transformadora de energ\u00eda","og_url":"https:\/\/infoecos.com.ar\/index.php\/el-gasoducto-entre-guamini-y-laguna-alsina-podria-estar-terminado-en-julio-de-este-ano\/","og_site_name":"Infoecos","article_publisher":"https:\/\/www.facebook.com\/profile.php?id=100063200290284","article_published_time":"2021-03-04T20:07:52+00:00","article_modified_time":"2021-03-08T04:17:30+00:00","og_image":[{"width":1024,"height":683,"url":"https:\/\/infoecos.com.ar\/wp-content\/uploads\/2021\/03\/guaminiobras3.jpg","type":"image\/jpeg"}],"author":"Jorge Matheus","twitter_card":"summary_large_image","twitter_creator":"@infoecos","twitter_site":"@infoecos","twitter_misc":{"Escrito por":"Jorge Matheus","Tiempo de lectura":"1 minuto"},"schema":{"@context":"https:\/\/schema.org","@graph":[{"@type":"Article","@id":"https:\/\/infoecos.com.ar\/index.php\/el-gasoducto-entre-guamini-y-laguna-alsina-podria-estar-terminado-en-julio-de-este-ano\/#article","isPartOf":{"@id":"https:\/\/infoecos.com.ar\/index.php\/el-gasoducto-entre-guamini-y-laguna-alsina-podria-estar-terminado-en-julio-de-este-ano\/"},"author":{"name":"Jorge Matheus","@id":"https:\/\/infoecos.com.ar\/#\/schema\/person\/8f5ace5ce73b4b4aac4b7245aee6f191"},"headline":"El gasoducto entre Guamin\u00ed y Laguna Alsina podr\u00eda estar terminado en Julio de este a\u00f1o","datePublished":"2021-03-04T20:07:52+00:00","dateModified":"2021-03-08T04:17:30+00:00","mainEntityOfPage":{"@id":"https:\/\/infoecos.com.ar\/index.php\/el-gasoducto-entre-guamini-y-laguna-alsina-podria-estar-terminado-en-julio-de-este-ano\/"},"wordCount":225,"publisher":{"@id":"https:\/\/infoecos.com.ar\/#organization"},"image":{"@id":"https:\/\/infoecos.com.ar\/index.php\/el-gasoducto-entre-guamini-y-laguna-alsina-podria-estar-terminado-en-julio-de-este-ano\/#primaryimage"},"thumbnailUrl":"https:\/\/infoecos.com.ar\/wp-content\/uploads\/2021\/03\/guaminiobras3.jpg","keywords":["BUENAS NOTICIAS"],"articleSection":["Bloque inferior - 13"],"inLanguage":"es"},{"@type":"WebPage","@id":"https:\/\/infoecos.com.ar\/index.php\/el-gasoducto-entre-guamini-y-laguna-alsina-podria-estar-terminado-en-julio-de-este-ano\/","url":"https:\/\/infoecos.com.ar\/index.php\/el-gasoducto-entre-guamini-y-laguna-alsina-podria-estar-terminado-en-julio-de-este-ano\/","name":"El gasoducto entre Guamin\u00ed y Laguna Alsina podr\u00eda estar terminado en Julio de este a\u00f1o - Infoecos","isPartOf":{"@id":"https:\/\/infoecos.com.ar\/#website"},"primaryImageOfPage":{"@id":"https:\/\/infoecos.com.ar\/index.php\/el-gasoducto-entre-guamini-y-laguna-alsina-podria-estar-terminado-en-julio-de-este-ano\/#primaryimage"},"image":{"@id":"https:\/\/infoecos.com.ar\/index.php\/el-gasoducto-entre-guamini-y-laguna-alsina-podria-estar-terminado-en-julio-de-este-ano\/#primaryimage"},"thumbnailUrl":"https:\/\/infoecos.com.ar\/wp-content\/uploads\/2021\/03\/guaminiobras3.jpg","datePublished":"2021-03-04T20:07:52+00:00","dateModified":"2021-03-08T04:17:30+00:00","breadcrumb":{"@id":"https:\/\/infoecos.com.ar\/index.php\/el-gasoducto-entre-guamini-y-laguna-alsina-podria-estar-terminado-en-julio-de-este-ano\/#breadcrumb"},"inLanguage":"es","potentialAction":[{"@type":"ReadAction","target":["https:\/\/infoecos.com.ar\/index.php\/el-gasoducto-entre-guamini-y-laguna-alsina-podria-estar-terminado-en-julio-de-este-ano\/"]}]},{"@type":"ImageObject","inLanguage":"es","@id":"https:\/\/infoecos.com.ar\/index.php\/el-gasoducto-entre-guamini-y-laguna-alsina-podria-estar-terminado-en-julio-de-este-ano\/#primaryimage","url":"https:\/\/infoecos.com.ar\/wp-content\/uploads\/2021\/03\/guaminiobras3.jpg","contentUrl":"https:\/\/infoecos.com.ar\/wp-content\/uploads\/2021\/03\/guaminiobras3.jpg","width":1024,"height":683},{"@type":"BreadcrumbList","@id":"https:\/\/infoecos.com.ar\/index.php\/el-gasoducto-entre-guamini-y-laguna-alsina-podria-estar-terminado-en-julio-de-este-ano\/#breadcrumb","itemListElement":[{"@type":"ListItem","position":1,"name":"Portada","item":"https:\/\/infoecos.com.ar\/"},{"@type":"ListItem","position":2,"name":"El gasoducto entre Guamin\u00ed y Laguna Alsina podr\u00eda estar terminado en Julio de este a\u00f1o"}]},{"@type":"WebSite","@id":"https:\/\/infoecos.com.ar\/#website","url":"https:\/\/infoecos.com.ar\/","name":"Infoecos","description":"Noticias de trenque lauquen y la zona","publisher":{"@id":"https:\/\/infoecos.com.ar\/#organization"},"alternateName":"Noticias","potentialAction":[{"@type":"SearchAction","target":{"@type":"EntryPoint","urlTemplate":"https:\/\/infoecos.com.ar\/?s={search_term_string}"},"query-input":{"@type":"PropertyValueSpecification","valueRequired":true,"valueName":"search_term_string"}}],"inLanguage":"es"},{"@type":"Organization","@id":"https:\/\/infoecos.com.ar\/#organization","name":"Infoecos","alternateName":"Noticias","url":"https:\/\/infoecos.com.ar\/","logo":{"@type":"ImageObject","inLanguage":"es","@id":"https:\/\/infoecos.com.ar\/#\/schema\/logo\/image\/","url":"https:\/\/infoecos.com.ar\/wp-content\/uploads\/2024\/03\/cropped-logo.png","contentUrl":"https:\/\/infoecos.com.ar\/wp-content\/uploads\/2024\/03\/cropped-logo.png","width":374,"height":90,"caption":"Infoecos"},"image":{"@id":"https:\/\/infoecos.com.ar\/#\/schema\/logo\/image\/"},"sameAs":["https:\/\/www.facebook.com\/profile.php?id=100063200290284","https:\/\/x.com\/infoecos"]},{"@type":"Person","@id":"https:\/\/infoecos.com.ar\/#\/schema\/person\/8f5ace5ce73b4b4aac4b7245aee6f191","name":"Jorge Matheus","url":"https:\/\/infoecos.com.ar\/index.php\/author\/jomatheus\/"}]}},"featured_image_urls":{"full":["https:\/\/infoecos.com.ar\/wp-content\/uploads\/2021\/03\/guaminiobras3.jpg",1024,683,false],"thumbnail":["https:\/\/infoecos.com.ar\/wp-content\/uploads\/2021\/03\/guaminiobras3-150x150.jpg",150,150,true],"medium":["https:\/\/infoecos.com.ar\/wp-content\/uploads\/2021\/03\/guaminiobras3-460x307.jpg",460,307,true],"medium_large":["https:\/\/infoecos.com.ar\/wp-content\/uploads\/2021\/03\/guaminiobras3-768x512.jpg",640,427,true],"large":["https:\/\/infoecos.com.ar\/wp-content\/uploads\/2021\/03\/guaminiobras3-920x614.jpg",640,427,true],"1536x1536":["https:\/\/infoecos.com.ar\/wp-content\/uploads\/2021\/03\/guaminiobras3.jpg",1024,683,false],"2048x2048":["https:\/\/infoecos.com.ar\/wp-content\/uploads\/2021\/03\/guaminiobras3.jpg",1024,683,false],"covernews-slider-full":["https:\/\/infoecos.com.ar\/wp-content\/uploads\/2021\/03\/guaminiobras3.jpg",1024,683,false],"covernews-slider-center":["https:\/\/infoecos.com.ar\/wp-content\/uploads\/2021\/03\/guaminiobras3-936x683.jpg",685,500,true],"covernews-featured":["https:\/\/infoecos.com.ar\/wp-content\/uploads\/2021\/03\/guaminiobras3.jpg",1024,683,false],"covernews-medium":["https:\/\/infoecos.com.ar\/wp-content\/uploads\/2021\/03\/guaminiobras3-720x380.jpg",540,285,true],"covernews-medium-square":["https:\/\/infoecos.com.ar\/wp-content\/uploads\/2021\/03\/guaminiobras3-675x450.jpg",375,250,true]},"author_info":{"info":["Jorge Matheus"]},"category_info":"<a href=\"https:\/\/infoecos.com.ar\/index.php\/category\/inferior13\/\" rel=\"category tag\">Bloque inferior - 13<\/a>","tag_info":"Bloque inferior - 13","comment_count":"0","_links":{"self":[{"href":"https:\/\/infoecos.com.ar\/index.php\/wp-json\/wp\/v2\/posts\/75352"}],"collection":[{"href":"https:\/\/infoecos.com.ar\/index.php\/wp-json\/wp\/v2\/posts"}],"about":[{"href":"https:\/\/infoecos.com.ar\/index.php\/wp-json\/wp\/v2\/types\/post"}],"author":[{"embeddable":true,"href":"https:\/\/infoecos.com.ar\/index.php\/wp-json\/wp\/v2\/users\/2"}],"replies":[{"embeddable":true,"href":"https:\/\/infoecos.com.ar\/index.php\/wp-json\/wp\/v2\/comments?post=75352"}],"version-history":[{"count":1,"href":"https:\/\/infoecos.com.ar\/index.php\/wp-json\/wp\/v2\/posts\/75352\/revisions"}],"predecessor-version":[{"id":75356,"href":"https:\/\/infoecos.com.ar\/index.php\/wp-json\/wp\/v2\/posts\/75352\/revisions\/75356"}],"wp:featuredmedia":[{"embeddable":true,"href":"https:\/\/infoecos.com.ar\/index.php\/wp-json\/wp\/v2\/media\/75355"}],"wp:attachment":[{"href":"https:\/\/infoecos.com.ar\/index.php\/wp-json\/wp\/v2\/media?parent=75352"}],"wp:term":[{"taxonomy":"category","embeddable":true,"href":"https:\/\/infoecos.com.ar\/index.php\/wp-json\/wp\/v2\/categories?post=75352"},{"taxonomy":"post_tag","embeddable":true,"href":"https:\/\/infoecos.com.ar\/index.php\/wp-json\/wp\/v2\/tags?post=75352"}],"curies":[{"name":"wp","href":"https:\/\/api.w.org\/{rel}","templated":true}]}}