{"id":75389,"date":"2021-03-05T02:43:17","date_gmt":"2021-03-05T05:43:17","guid":{"rendered":"http:\/\/infoecos.com.ar\/?p=75389"},"modified":"2021-03-05T02:43:22","modified_gmt":"2021-03-05T05:43:22","slug":"teatro-al-aire-libre-en-trenque-lauquen-a-partir-de-este-fin-de-semana","status":"publish","type":"post","link":"https:\/\/infoecos.com.ar\/index.php\/teatro-al-aire-libre-en-trenque-lauquen-a-partir-de-este-fin-de-semana\/","title":{"rendered":"\u00abTeatro al Aire Libre\u00bb en Trenque Lauquen a partir de este fin de semana"},"content":{"rendered":"\n<p>La directora de Cultura del Municipio, Mar\u00eda Elena Bocca, anunci\u00f3 la puesta en marcha de una iniciativa denominada \u201cTeatro al Aire Libre\u201d que este fin  fin de semana se materializar\u00e1 en el patio del Museo Almafuerte, con una obra que presentar\u00e1 el grupo Marabunta y el reconocido actor Mart\u00edn Urbaneja,<\/p>\n\n\n\n<p>De esta manera se da continuidad a una primera experiencia que tuvo lugar en el patio del Galp\u00f3n del Abuelo con una propuesta presentada por el actor y director Javier Bories.<\/p>\n\n\n\n<div class=\"wp-block-image\"><figure class=\"aligncenter size-large is-resized\"><img loading=\"lazy\" decoding=\"async\" src=\"http:\/\/infoecos.com.ar\/wp-content\/uploads\/2021\/03\/Teatro-al-aire-libre.jpeg\" alt=\"\" class=\"wp-image-75390\" width=\"462\" height=\"307\"\/><\/figure><\/div>\n\n\n\n<p>\u201cEs una nueva modalidad que hemos implementado a partir del inicio de la pandemia, la tendencia es que todos los espect\u00e1culos art\u00edsticos y culturales se desarrollen al aire libre porque, seg\u00fan dicen los especialistas, desalienta el contagio del Covid-19, por lo tanto vamos a empezar a habilitar algunas salas de teatro, pero mientras esto ocurre hemos buscado espacios alternativos donde poder hacer funciones de teatro o de cine\u201d, coment\u00f3 Mar\u00eda Elena Bocca.<\/p>\n\n\n\n<p>Asimismo se\u00f1al\u00f3 que \u201ca partir de una iniciativa del grupo de teatro Marabunta y del actor Mart\u00edn Urbaneja, quienes nos solicitaron el espacio del patio del Museo Almafuerte, que es un lugar precioso y que re\u00fane algunas condiciones escenogr\u00e1ficas como para hacer una obra de teatro, y luego de evaluar la cantidad de personas que pueden concurrir a la funci\u00f3n -de acuerdo a la distancia social y otros aspectos-, este fin de semana y el pr\u00f3ximo vamos a tener (s\u00e1bado y domingo) funciones de teatro con una obra que se llama \u201cDesaforadas\u201d.<\/p>\n\n\n\n<p>Acerca del elenco de la obra coment\u00f3 que \u201cest\u00e1 integrado por Clara Odriozola, Lelia Moronta y L\u00eda Luaces, bajo la direcci\u00f3n de Graciela Rodr\u00edguez, Gloria Sartoris y Mart\u00edn Urbaneja\u201d, y dijo que \u201cla idea es no solamente utilizar este espacio sino adecuarnos a esta nueva modalidad de la actividad al aire libre y de aprovechar algunos espacios muy lindos que tenemos en el distrito y que por ah\u00ed por la comodidad de la sala calefaccionada y del aire acondicionado hemos dejado de utilizar\u201d.<\/p>\n\n\n\n<p>En este sentido Bocca se\u00f1al\u00f3 que \u201c\u00e9sta es una buena iniciativa del grupo a la que nosotros adherimos inmediatamente y en la \u00faltima conversaci\u00f3n que tuve con ellos me propusieron extender las funciones durante los fines de semana que quedan de marzo y quiz\u00e1s continuar en abril, as\u00ed que es una buena noticia no solamente porque significa la vuelta al teatro sino porque tambi\u00e9n implica utilizar este espacio tan lindo del que dispone el Municipio como es el patio del Almafuerte\u201d.<\/p>\n\n\n\n<p>Acerca de la capacidad del lugar, Bocca inform\u00f3 que \u201cest\u00e1 condicionado a los metros cuadrados que necesitamos de distancia social por espectador y luego de evaluar el espacio son 15 espectadores los que van a poder concurrir por funci\u00f3n; es muy acotado, por eso esto de repetir las funciones en los pr\u00f3ximos fines de semana, pero esto es lo que podemos hacer hoy y lo hacemos con mucho entusiasmo porque es una puerta que se nos abre en este camino de la vuelta a las artes esc\u00e9nicas\u201d.<\/p>\n\n\n\n<p>Acerca de la iniciativa, Teatro al Aire Libre, Bocca record\u00f3 que \u201cJavier Bories hizo dos funciones de una obra teatral en el patio del Galp\u00f3n del Abuelo, algo que fue muy bueno; el espacio del Cearte ya est\u00e1 en contacto con nosotros para la vuelta a la sala; as\u00ed que \u00e9sta (la del grupo Marabunta y Mart\u00edn Urbaneja) ser\u00eda la segunda experiencia de teatro al aire libre, a veces jugamos con esta cuesti\u00f3n del tiempo que por ah\u00ed nos juega una mala pasada, esperemos que no ocurra, pero en todo caso las funciones se pueden reprogramar\u201d.+++<\/p>\n","protected":false},"excerpt":{"rendered":"<p>El elenco de la obra est\u00e1 integrado por Clara Odriozola, Lelia Moronta y L\u00eda Luaces, bajo la direcci\u00f3n de Graciela Rodr\u00edguez, Gloria Sartoris y Mart\u00edn Urbaneja<\/p>\n","protected":false},"author":2,"featured_media":75390,"comment_status":"closed","ping_status":"open","sticky":false,"template":"","format":"standard","meta":{"footnotes":""},"categories":[198],"tags":[3176],"class_list":["post-75389","post","type-post","status-publish","format-standard","has-post-thumbnail","hentry","category-c1nota5","tag-el-grupo-marabunta-y-martin-urbaneja"],"yoast_head":"<!-- This site is optimized with the Yoast SEO plugin v23.4 - https:\/\/yoast.com\/wordpress\/plugins\/seo\/ -->\n<title>&quot;Teatro al Aire Libre&quot; en Trenque Lauquen a partir de este fin de semana - Infoecos<\/title>\n<meta name=\"robots\" content=\"index, follow, max-snippet:-1, max-image-preview:large, max-video-preview:-1\" \/>\n<link rel=\"canonical\" href=\"https:\/\/infoecos.com.ar\/index.php\/teatro-al-aire-libre-en-trenque-lauquen-a-partir-de-este-fin-de-semana\/\" \/>\n<meta property=\"og:locale\" content=\"es_ES\" \/>\n<meta property=\"og:type\" content=\"article\" \/>\n<meta property=\"og:title\" content=\"&quot;Teatro al Aire Libre&quot; en Trenque Lauquen a partir de este fin de semana - Infoecos\" \/>\n<meta property=\"og:description\" content=\"El elenco de la obra est\u00e1 integrado por Clara Odriozola, Lelia Moronta y L\u00eda Luaces, bajo la direcci\u00f3n de Graciela Rodr\u00edguez, Gloria Sartoris y Mart\u00edn Urbaneja\" \/>\n<meta property=\"og:url\" content=\"https:\/\/infoecos.com.ar\/index.php\/teatro-al-aire-libre-en-trenque-lauquen-a-partir-de-este-fin-de-semana\/\" \/>\n<meta property=\"og:site_name\" content=\"Infoecos\" \/>\n<meta property=\"article:publisher\" content=\"https:\/\/www.facebook.com\/profile.php?id=100063200290284\" \/>\n<meta property=\"article:published_time\" content=\"2021-03-05T05:43:17+00:00\" \/>\n<meta property=\"article:modified_time\" content=\"2021-03-05T05:43:22+00:00\" \/>\n<meta property=\"og:image\" content=\"https:\/\/infoecos.com.ar\/wp-content\/uploads\/2021\/03\/Teatro-al-aire-libre.jpeg\" \/>\n\t<meta property=\"og:image:width\" content=\"275\" \/>\n\t<meta property=\"og:image:height\" content=\"183\" \/>\n\t<meta property=\"og:image:type\" content=\"image\/jpeg\" \/>\n<meta name=\"author\" content=\"Jorge Matheus\" \/>\n<meta name=\"twitter:card\" content=\"summary_large_image\" \/>\n<meta name=\"twitter:creator\" content=\"@infoecos\" \/>\n<meta name=\"twitter:site\" content=\"@infoecos\" \/>\n<meta name=\"twitter:label1\" content=\"Escrito por\" \/>\n\t<meta name=\"twitter:data1\" content=\"Jorge Matheus\" \/>\n\t<meta name=\"twitter:label2\" content=\"Tiempo de lectura\" \/>\n\t<meta name=\"twitter:data2\" content=\"3 minutos\" \/>\n<script type=\"application\/ld+json\" class=\"yoast-schema-graph\">{\"@context\":\"https:\/\/schema.org\",\"@graph\":[{\"@type\":\"Article\",\"@id\":\"https:\/\/infoecos.com.ar\/index.php\/teatro-al-aire-libre-en-trenque-lauquen-a-partir-de-este-fin-de-semana\/#article\",\"isPartOf\":{\"@id\":\"https:\/\/infoecos.com.ar\/index.php\/teatro-al-aire-libre-en-trenque-lauquen-a-partir-de-este-fin-de-semana\/\"},\"author\":{\"name\":\"Jorge Matheus\",\"@id\":\"https:\/\/infoecos.com.ar\/#\/schema\/person\/8f5ace5ce73b4b4aac4b7245aee6f191\"},\"headline\":\"\u00abTeatro al Aire Libre\u00bb en Trenque Lauquen a partir de este fin de semana\",\"datePublished\":\"2021-03-05T05:43:17+00:00\",\"dateModified\":\"2021-03-05T05:43:22+00:00\",\"mainEntityOfPage\":{\"@id\":\"https:\/\/infoecos.com.ar\/index.php\/teatro-al-aire-libre-en-trenque-lauquen-a-partir-de-este-fin-de-semana\/\"},\"wordCount\":634,\"publisher\":{\"@id\":\"https:\/\/infoecos.com.ar\/#organization\"},\"image\":{\"@id\":\"https:\/\/infoecos.com.ar\/index.php\/teatro-al-aire-libre-en-trenque-lauquen-a-partir-de-este-fin-de-semana\/#primaryimage\"},\"thumbnailUrl\":\"https:\/\/infoecos.com.ar\/wp-content\/uploads\/2021\/03\/Teatro-al-aire-libre.jpeg\",\"keywords\":[\"EL GRUPO MARABUNTA Y MART\u00cdN URBANEJA\"],\"articleSection\":[\"C1 nota 5\"],\"inLanguage\":\"es\"},{\"@type\":\"WebPage\",\"@id\":\"https:\/\/infoecos.com.ar\/index.php\/teatro-al-aire-libre-en-trenque-lauquen-a-partir-de-este-fin-de-semana\/\",\"url\":\"https:\/\/infoecos.com.ar\/index.php\/teatro-al-aire-libre-en-trenque-lauquen-a-partir-de-este-fin-de-semana\/\",\"name\":\"\\\"Teatro al Aire Libre\\\" en Trenque Lauquen a partir de este fin de semana - Infoecos\",\"isPartOf\":{\"@id\":\"https:\/\/infoecos.com.ar\/#website\"},\"primaryImageOfPage\":{\"@id\":\"https:\/\/infoecos.com.ar\/index.php\/teatro-al-aire-libre-en-trenque-lauquen-a-partir-de-este-fin-de-semana\/#primaryimage\"},\"image\":{\"@id\":\"https:\/\/infoecos.com.ar\/index.php\/teatro-al-aire-libre-en-trenque-lauquen-a-partir-de-este-fin-de-semana\/#primaryimage\"},\"thumbnailUrl\":\"https:\/\/infoecos.com.ar\/wp-content\/uploads\/2021\/03\/Teatro-al-aire-libre.jpeg\",\"datePublished\":\"2021-03-05T05:43:17+00:00\",\"dateModified\":\"2021-03-05T05:43:22+00:00\",\"breadcrumb\":{\"@id\":\"https:\/\/infoecos.com.ar\/index.php\/teatro-al-aire-libre-en-trenque-lauquen-a-partir-de-este-fin-de-semana\/#breadcrumb\"},\"inLanguage\":\"es\",\"potentialAction\":[{\"@type\":\"ReadAction\",\"target\":[\"https:\/\/infoecos.com.ar\/index.php\/teatro-al-aire-libre-en-trenque-lauquen-a-partir-de-este-fin-de-semana\/\"]}]},{\"@type\":\"ImageObject\",\"inLanguage\":\"es\",\"@id\":\"https:\/\/infoecos.com.ar\/index.php\/teatro-al-aire-libre-en-trenque-lauquen-a-partir-de-este-fin-de-semana\/#primaryimage\",\"url\":\"https:\/\/infoecos.com.ar\/wp-content\/uploads\/2021\/03\/Teatro-al-aire-libre.jpeg\",\"contentUrl\":\"https:\/\/infoecos.com.ar\/wp-content\/uploads\/2021\/03\/Teatro-al-aire-libre.jpeg\",\"width\":275,\"height\":183},{\"@type\":\"BreadcrumbList\",\"@id\":\"https:\/\/infoecos.com.ar\/index.php\/teatro-al-aire-libre-en-trenque-lauquen-a-partir-de-este-fin-de-semana\/#breadcrumb\",\"itemListElement\":[{\"@type\":\"ListItem\",\"position\":1,\"name\":\"Portada\",\"item\":\"https:\/\/infoecos.com.ar\/\"},{\"@type\":\"ListItem\",\"position\":2,\"name\":\"\u00abTeatro al Aire Libre\u00bb en Trenque Lauquen a partir de este fin de semana\"}]},{\"@type\":\"WebSite\",\"@id\":\"https:\/\/infoecos.com.ar\/#website\",\"url\":\"https:\/\/infoecos.com.ar\/\",\"name\":\"Infoecos\",\"description\":\"Noticias de trenque lauquen y la zona\",\"publisher\":{\"@id\":\"https:\/\/infoecos.com.ar\/#organization\"},\"alternateName\":\"Noticias\",\"potentialAction\":[{\"@type\":\"SearchAction\",\"target\":{\"@type\":\"EntryPoint\",\"urlTemplate\":\"https:\/\/infoecos.com.ar\/?s={search_term_string}\"},\"query-input\":{\"@type\":\"PropertyValueSpecification\",\"valueRequired\":true,\"valueName\":\"search_term_string\"}}],\"inLanguage\":\"es\"},{\"@type\":\"Organization\",\"@id\":\"https:\/\/infoecos.com.ar\/#organization\",\"name\":\"Infoecos\",\"alternateName\":\"Noticias\",\"url\":\"https:\/\/infoecos.com.ar\/\",\"logo\":{\"@type\":\"ImageObject\",\"inLanguage\":\"es\",\"@id\":\"https:\/\/infoecos.com.ar\/#\/schema\/logo\/image\/\",\"url\":\"https:\/\/infoecos.com.ar\/wp-content\/uploads\/2024\/03\/cropped-logo.png\",\"contentUrl\":\"https:\/\/infoecos.com.ar\/wp-content\/uploads\/2024\/03\/cropped-logo.png\",\"width\":374,\"height\":90,\"caption\":\"Infoecos\"},\"image\":{\"@id\":\"https:\/\/infoecos.com.ar\/#\/schema\/logo\/image\/\"},\"sameAs\":[\"https:\/\/www.facebook.com\/profile.php?id=100063200290284\",\"https:\/\/x.com\/infoecos\"]},{\"@type\":\"Person\",\"@id\":\"https:\/\/infoecos.com.ar\/#\/schema\/person\/8f5ace5ce73b4b4aac4b7245aee6f191\",\"name\":\"Jorge Matheus\",\"url\":\"https:\/\/infoecos.com.ar\/index.php\/author\/jomatheus\/\"}]}<\/script>\n<!-- \/ Yoast SEO plugin. -->","yoast_head_json":{"title":"\"Teatro al Aire Libre\" en Trenque Lauquen a partir de este fin de semana - Infoecos","robots":{"index":"index","follow":"follow","max-snippet":"max-snippet:-1","max-image-preview":"max-image-preview:large","max-video-preview":"max-video-preview:-1"},"canonical":"https:\/\/infoecos.com.ar\/index.php\/teatro-al-aire-libre-en-trenque-lauquen-a-partir-de-este-fin-de-semana\/","og_locale":"es_ES","og_type":"article","og_title":"\"Teatro al Aire Libre\" en Trenque Lauquen a partir de este fin de semana - Infoecos","og_description":"El elenco de la obra est\u00e1 integrado por Clara Odriozola, Lelia Moronta y L\u00eda Luaces, bajo la direcci\u00f3n de Graciela Rodr\u00edguez, Gloria Sartoris y Mart\u00edn Urbaneja","og_url":"https:\/\/infoecos.com.ar\/index.php\/teatro-al-aire-libre-en-trenque-lauquen-a-partir-de-este-fin-de-semana\/","og_site_name":"Infoecos","article_publisher":"https:\/\/www.facebook.com\/profile.php?id=100063200290284","article_published_time":"2021-03-05T05:43:17+00:00","article_modified_time":"2021-03-05T05:43:22+00:00","og_image":[{"width":275,"height":183,"url":"https:\/\/infoecos.com.ar\/wp-content\/uploads\/2021\/03\/Teatro-al-aire-libre.jpeg","type":"image\/jpeg"}],"author":"Jorge Matheus","twitter_card":"summary_large_image","twitter_creator":"@infoecos","twitter_site":"@infoecos","twitter_misc":{"Escrito por":"Jorge Matheus","Tiempo de lectura":"3 minutos"},"schema":{"@context":"https:\/\/schema.org","@graph":[{"@type":"Article","@id":"https:\/\/infoecos.com.ar\/index.php\/teatro-al-aire-libre-en-trenque-lauquen-a-partir-de-este-fin-de-semana\/#article","isPartOf":{"@id":"https:\/\/infoecos.com.ar\/index.php\/teatro-al-aire-libre-en-trenque-lauquen-a-partir-de-este-fin-de-semana\/"},"author":{"name":"Jorge Matheus","@id":"https:\/\/infoecos.com.ar\/#\/schema\/person\/8f5ace5ce73b4b4aac4b7245aee6f191"},"headline":"\u00abTeatro al Aire Libre\u00bb en Trenque Lauquen a partir de este fin de semana","datePublished":"2021-03-05T05:43:17+00:00","dateModified":"2021-03-05T05:43:22+00:00","mainEntityOfPage":{"@id":"https:\/\/infoecos.com.ar\/index.php\/teatro-al-aire-libre-en-trenque-lauquen-a-partir-de-este-fin-de-semana\/"},"wordCount":634,"publisher":{"@id":"https:\/\/infoecos.com.ar\/#organization"},"image":{"@id":"https:\/\/infoecos.com.ar\/index.php\/teatro-al-aire-libre-en-trenque-lauquen-a-partir-de-este-fin-de-semana\/#primaryimage"},"thumbnailUrl":"https:\/\/infoecos.com.ar\/wp-content\/uploads\/2021\/03\/Teatro-al-aire-libre.jpeg","keywords":["EL GRUPO MARABUNTA Y MART\u00cdN URBANEJA"],"articleSection":["C1 nota 5"],"inLanguage":"es"},{"@type":"WebPage","@id":"https:\/\/infoecos.com.ar\/index.php\/teatro-al-aire-libre-en-trenque-lauquen-a-partir-de-este-fin-de-semana\/","url":"https:\/\/infoecos.com.ar\/index.php\/teatro-al-aire-libre-en-trenque-lauquen-a-partir-de-este-fin-de-semana\/","name":"\"Teatro al Aire Libre\" en Trenque Lauquen a partir de este fin de semana - Infoecos","isPartOf":{"@id":"https:\/\/infoecos.com.ar\/#website"},"primaryImageOfPage":{"@id":"https:\/\/infoecos.com.ar\/index.php\/teatro-al-aire-libre-en-trenque-lauquen-a-partir-de-este-fin-de-semana\/#primaryimage"},"image":{"@id":"https:\/\/infoecos.com.ar\/index.php\/teatro-al-aire-libre-en-trenque-lauquen-a-partir-de-este-fin-de-semana\/#primaryimage"},"thumbnailUrl":"https:\/\/infoecos.com.ar\/wp-content\/uploads\/2021\/03\/Teatro-al-aire-libre.jpeg","datePublished":"2021-03-05T05:43:17+00:00","dateModified":"2021-03-05T05:43:22+00:00","breadcrumb":{"@id":"https:\/\/infoecos.com.ar\/index.php\/teatro-al-aire-libre-en-trenque-lauquen-a-partir-de-este-fin-de-semana\/#breadcrumb"},"inLanguage":"es","potentialAction":[{"@type":"ReadAction","target":["https:\/\/infoecos.com.ar\/index.php\/teatro-al-aire-libre-en-trenque-lauquen-a-partir-de-este-fin-de-semana\/"]}]},{"@type":"ImageObject","inLanguage":"es","@id":"https:\/\/infoecos.com.ar\/index.php\/teatro-al-aire-libre-en-trenque-lauquen-a-partir-de-este-fin-de-semana\/#primaryimage","url":"https:\/\/infoecos.com.ar\/wp-content\/uploads\/2021\/03\/Teatro-al-aire-libre.jpeg","contentUrl":"https:\/\/infoecos.com.ar\/wp-content\/uploads\/2021\/03\/Teatro-al-aire-libre.jpeg","width":275,"height":183},{"@type":"BreadcrumbList","@id":"https:\/\/infoecos.com.ar\/index.php\/teatro-al-aire-libre-en-trenque-lauquen-a-partir-de-este-fin-de-semana\/#breadcrumb","itemListElement":[{"@type":"ListItem","position":1,"name":"Portada","item":"https:\/\/infoecos.com.ar\/"},{"@type":"ListItem","position":2,"name":"\u00abTeatro al Aire Libre\u00bb en Trenque Lauquen a partir de este fin de semana"}]},{"@type":"WebSite","@id":"https:\/\/infoecos.com.ar\/#website","url":"https:\/\/infoecos.com.ar\/","name":"Infoecos","description":"Noticias de trenque lauquen y la zona","publisher":{"@id":"https:\/\/infoecos.com.ar\/#organization"},"alternateName":"Noticias","potentialAction":[{"@type":"SearchAction","target":{"@type":"EntryPoint","urlTemplate":"https:\/\/infoecos.com.ar\/?s={search_term_string}"},"query-input":{"@type":"PropertyValueSpecification","valueRequired":true,"valueName":"search_term_string"}}],"inLanguage":"es"},{"@type":"Organization","@id":"https:\/\/infoecos.com.ar\/#organization","name":"Infoecos","alternateName":"Noticias","url":"https:\/\/infoecos.com.ar\/","logo":{"@type":"ImageObject","inLanguage":"es","@id":"https:\/\/infoecos.com.ar\/#\/schema\/logo\/image\/","url":"https:\/\/infoecos.com.ar\/wp-content\/uploads\/2024\/03\/cropped-logo.png","contentUrl":"https:\/\/infoecos.com.ar\/wp-content\/uploads\/2024\/03\/cropped-logo.png","width":374,"height":90,"caption":"Infoecos"},"image":{"@id":"https:\/\/infoecos.com.ar\/#\/schema\/logo\/image\/"},"sameAs":["https:\/\/www.facebook.com\/profile.php?id=100063200290284","https:\/\/x.com\/infoecos"]},{"@type":"Person","@id":"https:\/\/infoecos.com.ar\/#\/schema\/person\/8f5ace5ce73b4b4aac4b7245aee6f191","name":"Jorge Matheus","url":"https:\/\/infoecos.com.ar\/index.php\/author\/jomatheus\/"}]}},"featured_image_urls":{"full":["https:\/\/infoecos.com.ar\/wp-content\/uploads\/2021\/03\/Teatro-al-aire-libre.jpeg",275,183,false],"thumbnail":["https:\/\/infoecos.com.ar\/wp-content\/uploads\/2021\/03\/Teatro-al-aire-libre-150x150.jpeg",150,150,true],"medium":["https:\/\/infoecos.com.ar\/wp-content\/uploads\/2021\/03\/Teatro-al-aire-libre.jpeg",275,183,false],"medium_large":["https:\/\/infoecos.com.ar\/wp-content\/uploads\/2021\/03\/Teatro-al-aire-libre.jpeg",275,183,false],"large":["https:\/\/infoecos.com.ar\/wp-content\/uploads\/2021\/03\/Teatro-al-aire-libre.jpeg",275,183,false],"1536x1536":["https:\/\/infoecos.com.ar\/wp-content\/uploads\/2021\/03\/Teatro-al-aire-libre.jpeg",275,183,false],"2048x2048":["https:\/\/infoecos.com.ar\/wp-content\/uploads\/2021\/03\/Teatro-al-aire-libre.jpeg",275,183,false],"covernews-slider-full":["https:\/\/infoecos.com.ar\/wp-content\/uploads\/2021\/03\/Teatro-al-aire-libre.jpeg",275,183,false],"covernews-slider-center":["https:\/\/infoecos.com.ar\/wp-content\/uploads\/2021\/03\/Teatro-al-aire-libre.jpeg",275,183,false],"covernews-featured":["https:\/\/infoecos.com.ar\/wp-content\/uploads\/2021\/03\/Teatro-al-aire-libre.jpeg",275,183,false],"covernews-medium":["https:\/\/infoecos.com.ar\/wp-content\/uploads\/2021\/03\/Teatro-al-aire-libre.jpeg",275,183,false],"covernews-medium-square":["https:\/\/infoecos.com.ar\/wp-content\/uploads\/2021\/03\/Teatro-al-aire-libre.jpeg",275,183,false]},"author_info":{"info":["Jorge Matheus"]},"category_info":"<a href=\"https:\/\/infoecos.com.ar\/index.php\/category\/c1nota5\/\" rel=\"category tag\">C1 nota 5<\/a>","tag_info":"C1 nota 5","comment_count":"0","_links":{"self":[{"href":"https:\/\/infoecos.com.ar\/index.php\/wp-json\/wp\/v2\/posts\/75389"}],"collection":[{"href":"https:\/\/infoecos.com.ar\/index.php\/wp-json\/wp\/v2\/posts"}],"about":[{"href":"https:\/\/infoecos.com.ar\/index.php\/wp-json\/wp\/v2\/types\/post"}],"author":[{"embeddable":true,"href":"https:\/\/infoecos.com.ar\/index.php\/wp-json\/wp\/v2\/users\/2"}],"replies":[{"embeddable":true,"href":"https:\/\/infoecos.com.ar\/index.php\/wp-json\/wp\/v2\/comments?post=75389"}],"version-history":[{"count":1,"href":"https:\/\/infoecos.com.ar\/index.php\/wp-json\/wp\/v2\/posts\/75389\/revisions"}],"predecessor-version":[{"id":75391,"href":"https:\/\/infoecos.com.ar\/index.php\/wp-json\/wp\/v2\/posts\/75389\/revisions\/75391"}],"wp:featuredmedia":[{"embeddable":true,"href":"https:\/\/infoecos.com.ar\/index.php\/wp-json\/wp\/v2\/media\/75390"}],"wp:attachment":[{"href":"https:\/\/infoecos.com.ar\/index.php\/wp-json\/wp\/v2\/media?parent=75389"}],"wp:term":[{"taxonomy":"category","embeddable":true,"href":"https:\/\/infoecos.com.ar\/index.php\/wp-json\/wp\/v2\/categories?post=75389"},{"taxonomy":"post_tag","embeddable":true,"href":"https:\/\/infoecos.com.ar\/index.php\/wp-json\/wp\/v2\/tags?post=75389"}],"curies":[{"name":"wp","href":"https:\/\/api.w.org\/{rel}","templated":true}]}}