{"id":75521,"date":"2021-03-08T01:07:46","date_gmt":"2021-03-08T04:07:46","guid":{"rendered":"http:\/\/infoecos.com.ar\/?p=75521"},"modified":"2021-03-10T02:22:30","modified_gmt":"2021-03-10T05:22:30","slug":"los-intendentes-de-chivilcoy-y-salliquelo-en-reunion-de-buenos-aires-primero","status":"publish","type":"post","link":"https:\/\/infoecos.com.ar\/index.php\/los-intendentes-de-chivilcoy-y-salliquelo-en-reunion-de-buenos-aires-primero\/","title":{"rendered":"Los intendentes de Chivilcoy y Salliquel\u00f3 en reuni\u00f3n de Buenos Aires Primero"},"content":{"rendered":"\n<p class=\"wp-block-paragraph\">El espacio Buenos Aires Primero, compuesto por intendentes y dirigentes vecinalistas, realiz\u00f3 su primer encuentro del a\u00f1o en Necochea.<\/p>\n\n\n\n<div class=\"wp-block-image\"><figure class=\"aligncenter size-large\"><img decoding=\"async\" src=\"http:\/\/infoecos.com.ar\/wp-content\/uploads\/britos.jpg\" alt=\"\" class=\"wp-image-15054\"\/><figcaption>Britos Guillermo<\/figcaption><\/figure><\/div>\n\n\n\n<p class=\"wp-block-paragraph\">El intendente de Chivilcoy, Guillermo Britos, que particip\u00f3 del encuentro por telecomunicaci\u00f3n, se\u00f1al\u00f3 que \u00abtrabajamos los 365 d\u00edas del a\u00f1o, cara a cara con los vecinos\u00bb. \u00abHay mucho por hacer, y ojal\u00e1 que entre todos logremos una provincia m\u00e1s justa y equitativa\u00bb, expres\u00f3 el jefe comunal.<\/p>\n\n\n\n<div class=\"wp-block-image\"><figure class=\"aligncenter size-large\"><img decoding=\"async\" src=\"http:\/\/infoecos.com.ar\/wp-content\/uploads\/A-547nosetti2.jpg\" alt=\"\" class=\"wp-image-57219\"\/><figcaption>Nosetti, Juan Manuel &#8211; Intendente de Salliquel\u00f3<\/figcaption><\/figure><\/div>\n\n\n\n<p class=\"wp-block-paragraph\">Otros dirigentes que asistieron fueron el intendente local, Arturo Rojas y sus pares Sergio Bordoni (Tornquist) y Juan Manuel Nosetti (Salliquel\u00f3); la diputada bonaerense Mar\u00eda Fernanda Bevilacqua; el ex intendente de C\u00e1rmen de Areco, Marcelo Skansi; el referente del partido Uni\u00f3n por Todos, Juan Del Oso, entre otros.<\/p>\n","protected":false},"excerpt":{"rendered":"<p>El intendente de Chivilcoy, Guillermo Britos, que particip\u00f3 del encuentro por telecomunicaci\u00f3n, se\u00f1al\u00f3 que \u00abtrabajamos los 365 d\u00edas del a\u00f1o, cara a cara con los vecinos\u00bb<\/p>\n","protected":false},"author":2,"featured_media":15054,"comment_status":"closed","ping_status":"open","sticky":false,"template":"","format":"standard","meta":{"footnotes":""},"categories":[1331],"tags":[3200],"class_list":["post-75521","post","type-post","status-publish","format-standard","has-post-thumbnail","hentry","category-inferior11","tag-de-cara-a-las-elecciones-2021"],"featured_image_urls":{"full":"","thumbnail":"","medium":"","medium_large":"","large":"","1536x1536":"","2048x2048":"","covernews-slider-full":"","covernews-slider-center":"","covernews-featured":"","covernews-medium":"","covernews-medium-square":""},"author_info":{"info":["Jorge Matheus"]},"category_info":"<a href=\"https:\/\/infoecos.com.ar\/index.php\/category\/inferior11\/\" rel=\"category tag\">Bloque inferior - 11<\/a>","tag_info":"Bloque inferior - 11","comment_count":"0","_links":{"self":[{"href":"https:\/\/infoecos.com.ar\/index.php\/wp-json\/wp\/v2\/posts\/75521","targetHints":{"allow":["GET"]}}],"collection":[{"href":"https:\/\/infoecos.com.ar\/index.php\/wp-json\/wp\/v2\/posts"}],"about":[{"href":"https:\/\/infoecos.com.ar\/index.php\/wp-json\/wp\/v2\/types\/post"}],"author":[{"embeddable":true,"href":"https:\/\/infoecos.com.ar\/index.php\/wp-json\/wp\/v2\/users\/2"}],"replies":[{"embeddable":true,"href":"https:\/\/infoecos.com.ar\/index.php\/wp-json\/wp\/v2\/comments?post=75521"}],"version-history":[{"count":1,"href":"https:\/\/infoecos.com.ar\/index.php\/wp-json\/wp\/v2\/posts\/75521\/revisions"}],"predecessor-version":[{"id":75522,"href":"https:\/\/infoecos.com.ar\/index.php\/wp-json\/wp\/v2\/posts\/75521\/revisions\/75522"}],"wp:attachment":[{"href":"https:\/\/infoecos.com.ar\/index.php\/wp-json\/wp\/v2\/media?parent=75521"}],"wp:term":[{"taxonomy":"category","embeddable":true,"href":"https:\/\/infoecos.com.ar\/index.php\/wp-json\/wp\/v2\/categories?post=75521"},{"taxonomy":"post_tag","embeddable":true,"href":"https:\/\/infoecos.com.ar\/index.php\/wp-json\/wp\/v2\/tags?post=75521"}],"curies":[{"name":"wp","href":"https:\/\/api.w.org\/{rel}","templated":true}]}}