{"id":75677,"date":"2021-03-10T14:55:12","date_gmt":"2021-03-10T17:55:12","guid":{"rendered":"http:\/\/infoecos.com.ar\/?p=75677"},"modified":"2021-03-12T03:23:21","modified_gmt":"2021-03-12T06:23:21","slug":"compactaran-562-motos-y-alrededor-de-un-centenar-de-autos-en-trenque-lauquen","status":"publish","type":"post","link":"https:\/\/infoecos.com.ar\/index.php\/compactaran-562-motos-y-alrededor-de-un-centenar-de-autos-en-trenque-lauquen\/","title":{"rendered":"Compactar\u00e1n 562 motos y alrededor de un centenar de autos en Trenque Lauquen"},"content":{"rendered":"\n<p class=\"wp-block-paragraph\">Ser\u00e1n compactados, en fecha a definir, un total de 562 motos y alrededor de un centenar de autom\u00f3viles en Trenque Lauquen, en el marco del Programa Nacional de Descontaminaci\u00f3n, Compactaci\u00f3n y Disposici\u00f3n Final de Automotores (PRONACOM), se inform\u00f3 este mi\u00e9rcoles desde el \u00e1rea de Contralor Municipal. <\/p>\n\n\n\n<div class=\"wp-block-image\"><figure class=\"aligncenter size-medium\"><img loading=\"lazy\" decoding=\"async\" width=\"460\" height=\"288\" src=\"http:\/\/infoecos.com.ar\/wp-content\/uploads\/2021\/03\/Compactacion-de-vehiculos-460x288.jpg\" alt=\"\" class=\"wp-image-75678\" srcset=\"https:\/\/infoecos.com.ar\/wp-content\/uploads\/2021\/03\/Compactacion-de-vehiculos-460x288.jpg 460w, https:\/\/infoecos.com.ar\/wp-content\/uploads\/2021\/03\/Compactacion-de-vehiculos-920x575.jpg 920w, https:\/\/infoecos.com.ar\/wp-content\/uploads\/2021\/03\/Compactacion-de-vehiculos-768x480.jpg 768w, https:\/\/infoecos.com.ar\/wp-content\/uploads\/2021\/03\/Compactacion-de-vehiculos-1024x640.jpg 1024w, https:\/\/infoecos.com.ar\/wp-content\/uploads\/2021\/03\/Compactacion-de-vehiculos.jpg 1080w\" sizes=\"auto, (max-width: 460px) 100vw, 460px\" \/><\/figure><\/div>\n\n\n\n<p class=\"wp-block-paragraph\">Los veh\u00edculos se fueron acumulando entre los a\u00f1os 2018 y 2020, siendo la que se anuncia la cuarta compactaci\u00f3n desde la firma del convenio, el que establece que la tarea debe realizarse cada seis meses, pero la pandemia del COVID 19 impidi\u00f3 que eso ocurra en el \u00faltimo a\u00f1o. <\/p>\n\n\n\n<p class=\"wp-block-paragraph\">El producido de la venta de la chatarra que produce la compactaci\u00f3n ser\u00e1 destinado al grupo de voluntariado Damas Rosadas. <\/p>\n\n\n\n<p class=\"wp-block-paragraph\">Los autos y motos a compactarse corresponden a los veh\u00edculos secuestrados por el Municipio y que pasados seis meses, seg\u00fan se\u00f1ala la ordenanza, son considerados abandonados, pero tambi\u00e9n hay veh\u00edculos judicializados, que fueron secuestrados.<\/p>\n\n\n\n<p class=\"wp-block-paragraph\">Adem\u00e1s los propietarios de veh\u00edculos en desuso y abandonados en la v\u00eda p\u00fablica pueden presentarse en Protecci\u00f3n Ciudadana, en calle Antonio D\u00edaz 55, con la c\u00e9dula verde o el t\u00edtulo del automotor para expresar la entrega voluntaria del mismo. En esos casos, la comuna se encarga de retirarlos de los sitios donde permanecen abandonados, para trasladarlos al predio municipal en Pacheco 50, donde luego se compactan, explic\u00f3 en el informe de prensa la responsable del \u00e1rea de contralor, Mar\u00eda C\u00f3rdoba.<\/p>\n\n\n\n<p class=\"wp-block-paragraph\">\u00abEsto nos alivia en todo sentido, contribuye a la limpieza, es mejor para el cuidado del ambiente y adem\u00e1s nos libera espacio en el predio\u00bb, se\u00f1al\u00f3.<\/p>\n","protected":false},"excerpt":{"rendered":"<p>En el marco del Programa Nacional de Descontaminaci\u00f3n, Compactaci\u00f3n y Disposici\u00f3n Final de Automotores (PRONACOM)<\/p>\n","protected":false},"author":2,"featured_media":75678,"comment_status":"closed","ping_status":"open","sticky":false,"template":"","format":"standard","meta":{"footnotes":""},"categories":[1331],"tags":[3236],"class_list":["post-75677","post","type-post","status-publish","format-standard","has-post-thumbnail","hentry","category-inferior11","tag-en-fecha-a-definir"],"featured_image_urls":{"full":["https:\/\/infoecos.com.ar\/wp-content\/uploads\/2021\/03\/Compactacion-de-vehiculos.jpg",1080,675,false],"thumbnail":["https:\/\/infoecos.com.ar\/wp-content\/uploads\/2021\/03\/Compactacion-de-vehiculos-150x150.jpg",150,150,true],"medium":["https:\/\/infoecos.com.ar\/wp-content\/uploads\/2021\/03\/Compactacion-de-vehiculos-460x288.jpg",460,288,true],"medium_large":["https:\/\/infoecos.com.ar\/wp-content\/uploads\/2021\/03\/Compactacion-de-vehiculos-768x480.jpg",640,400,true],"large":["https:\/\/infoecos.com.ar\/wp-content\/uploads\/2021\/03\/Compactacion-de-vehiculos-920x575.jpg",640,400,true],"1536x1536":["https:\/\/infoecos.com.ar\/wp-content\/uploads\/2021\/03\/Compactacion-de-vehiculos.jpg",1080,675,false],"2048x2048":["https:\/\/infoecos.com.ar\/wp-content\/uploads\/2021\/03\/Compactacion-de-vehiculos.jpg",1080,675,false],"covernews-slider-full":["https:\/\/infoecos.com.ar\/wp-content\/uploads\/2021\/03\/Compactacion-de-vehiculos.jpg",1080,675,false],"covernews-slider-center":["https:\/\/infoecos.com.ar\/wp-content\/uploads\/2021\/03\/Compactacion-de-vehiculos-936x675.jpg",693,500,true],"covernews-featured":["https:\/\/infoecos.com.ar\/wp-content\/uploads\/2021\/03\/Compactacion-de-vehiculos-1024x640.jpg",1024,640,true],"covernews-medium":["https:\/\/infoecos.com.ar\/wp-content\/uploads\/2021\/03\/Compactacion-de-vehiculos-720x380.jpg",540,285,true],"covernews-medium-square":["https:\/\/infoecos.com.ar\/wp-content\/uploads\/2021\/03\/Compactacion-de-vehiculos-675x450.jpg",375,250,true]},"author_info":{"info":["Jorge Matheus"]},"category_info":"<a href=\"https:\/\/infoecos.com.ar\/index.php\/category\/inferior11\/\" rel=\"category tag\">Bloque inferior - 11<\/a>","tag_info":"Bloque inferior - 11","comment_count":"0","_links":{"self":[{"href":"https:\/\/infoecos.com.ar\/index.php\/wp-json\/wp\/v2\/posts\/75677","targetHints":{"allow":["GET"]}}],"collection":[{"href":"https:\/\/infoecos.com.ar\/index.php\/wp-json\/wp\/v2\/posts"}],"about":[{"href":"https:\/\/infoecos.com.ar\/index.php\/wp-json\/wp\/v2\/types\/post"}],"author":[{"embeddable":true,"href":"https:\/\/infoecos.com.ar\/index.php\/wp-json\/wp\/v2\/users\/2"}],"replies":[{"embeddable":true,"href":"https:\/\/infoecos.com.ar\/index.php\/wp-json\/wp\/v2\/comments?post=75677"}],"version-history":[{"count":1,"href":"https:\/\/infoecos.com.ar\/index.php\/wp-json\/wp\/v2\/posts\/75677\/revisions"}],"predecessor-version":[{"id":75679,"href":"https:\/\/infoecos.com.ar\/index.php\/wp-json\/wp\/v2\/posts\/75677\/revisions\/75679"}],"wp:featuredmedia":[{"embeddable":true,"href":"https:\/\/infoecos.com.ar\/index.php\/wp-json\/wp\/v2\/media\/75678"}],"wp:attachment":[{"href":"https:\/\/infoecos.com.ar\/index.php\/wp-json\/wp\/v2\/media?parent=75677"}],"wp:term":[{"taxonomy":"category","embeddable":true,"href":"https:\/\/infoecos.com.ar\/index.php\/wp-json\/wp\/v2\/categories?post=75677"},{"taxonomy":"post_tag","embeddable":true,"href":"https:\/\/infoecos.com.ar\/index.php\/wp-json\/wp\/v2\/tags?post=75677"}],"curies":[{"name":"wp","href":"https:\/\/api.w.org\/{rel}","templated":true}]}}