{"id":75688,"date":"2021-03-10T15:39:47","date_gmt":"2021-03-10T18:39:47","guid":{"rendered":"http:\/\/infoecos.com.ar\/?p=75688"},"modified":"2021-03-12T03:22:12","modified_gmt":"2021-03-12T06:22:12","slug":"las-asociaciones-civiles-podran-registrarse-en-la-anses","status":"publish","type":"post","link":"https:\/\/infoecos.com.ar\/index.php\/las-asociaciones-civiles-podran-registrarse-en-la-anses\/","title":{"rendered":"Las Asociaciones Civiles podr\u00e1n registrarse en la ANSES"},"content":{"rendered":"\n<p>La directora ejecutiva de la ANSES,&nbsp;Fernanda Raverta, y el ministro de Justicia y Derechos Humanos de la provincia de Buenos Aires,&nbsp;Julio Alak, firmaron un convenio de colaboraci\u00f3n para dar cumplimiento a la&nbsp;Ley N\u00b0 15.192,&nbsp;que establece las herramientas para promover y facilitar la constituci\u00f3n de asociaciones civiles como clubes de barrio, centro de jubilados, centros culturales, sociedades de fomento, jardines comunitarios y organizaciones de comunidades migrantes en el territorio bonaerense.<\/p>\n\n\n\n<div class=\"wp-block-image\"><figure class=\"aligncenter size-medium\"><img loading=\"lazy\" decoding=\"async\" width=\"460\" height=\"307\" src=\"http:\/\/infoecos.com.ar\/wp-content\/uploads\/2021\/03\/Fernanda-Raverta-y-Julio-Alak-460x307.jpg\" alt=\"\" class=\"wp-image-75689\" srcset=\"https:\/\/infoecos.com.ar\/wp-content\/uploads\/2021\/03\/Fernanda-Raverta-y-Julio-Alak-460x307.jpg 460w, https:\/\/infoecos.com.ar\/wp-content\/uploads\/2021\/03\/Fernanda-Raverta-y-Julio-Alak-920x614.jpg 920w, https:\/\/infoecos.com.ar\/wp-content\/uploads\/2021\/03\/Fernanda-Raverta-y-Julio-Alak-768x513.jpg 768w, https:\/\/infoecos.com.ar\/wp-content\/uploads\/2021\/03\/Fernanda-Raverta-y-Julio-Alak-1536x1025.jpg 1536w, https:\/\/infoecos.com.ar\/wp-content\/uploads\/2021\/03\/Fernanda-Raverta-y-Julio-Alak-2048x1367.jpg 2048w, https:\/\/infoecos.com.ar\/wp-content\/uploads\/2021\/03\/Fernanda-Raverta-y-Julio-Alak-1024x683.jpg 1024w, https:\/\/infoecos.com.ar\/wp-content\/uploads\/2021\/03\/Fernanda-Raverta-y-Julio-Alak-675x450.jpg 675w\" sizes=\"(max-width: 460px) 100vw, 460px\" \/><figcaption>Raverta, Fernanda y Alak, Julio<\/figcaption><\/figure><\/div>\n\n\n\n<p>De esta manera, quienes deseen conformar asociaciones de tipo club de barrio, centro de jubilados, centro cultural, jard\u00edn comunitario, sociedad de fomento u organizaci\u00f3n de comunidades migrantes podr\u00e1n tramitar su registraci\u00f3n en cualquier delegaci\u00f3n de la ANSES.<\/p>\n\n\n\n<p>El convenio de apoyo rec\u00edproco entre ambos organismos permite a la ANSES extender actas constitutivas y estatutos de adhesi\u00f3n para el establecimiento de las asociaciones civiles, las que estar\u00e1n sujetas a la posterior legitimaci\u00f3n y registraci\u00f3n ante la Direcci\u00f3n Provincial de Personas Jur\u00eddicas de Justicia y DDHH.<\/p>\n\n\n\n<p>Adem\u00e1s, se prev\u00e9 que el personal de la ANSES reciba capacitaci\u00f3n especial para poder recepcionar las solicitudes y realizar las derivaciones pertinentes de los tr\u00e1mites ante la Direcci\u00f3n Provincial de Personas Jur\u00eddicas.<\/p>\n","protected":false},"excerpt":{"rendered":"<p>Asociaciones de tipo club de barrio, centro de jubilados, centro cultural, jard\u00edn comunitario, sociedad de fomento u organizaci\u00f3n de comunidades migrantes<\/p>\n","protected":false},"author":2,"featured_media":75689,"comment_status":"closed","ping_status":"open","sticky":false,"template":"","format":"standard","meta":{"footnotes":""},"categories":[201],"tags":[3238],"class_list":["post-75688","post","type-post","status-publish","format-standard","has-post-thumbnail","hentry","category-inferior9","tag-convenio-con-la-provincia-de-buenos-aires"],"yoast_head":"<!-- This site is optimized with the Yoast SEO plugin v23.4 - https:\/\/yoast.com\/wordpress\/plugins\/seo\/ -->\n<title>Las Asociaciones Civiles podr\u00e1n registrarse en la ANSES - Infoecos<\/title>\n<meta name=\"robots\" content=\"index, follow, max-snippet:-1, max-image-preview:large, max-video-preview:-1\" \/>\n<link rel=\"canonical\" href=\"https:\/\/infoecos.com.ar\/index.php\/las-asociaciones-civiles-podran-registrarse-en-la-anses\/\" \/>\n<meta property=\"og:locale\" content=\"es_ES\" \/>\n<meta property=\"og:type\" content=\"article\" \/>\n<meta property=\"og:title\" content=\"Las Asociaciones Civiles podr\u00e1n registrarse en la ANSES - Infoecos\" \/>\n<meta property=\"og:description\" content=\"Asociaciones de tipo club de barrio, centro de jubilados, centro cultural, jard\u00edn comunitario, sociedad de fomento u organizaci\u00f3n de comunidades migrantes\" \/>\n<meta property=\"og:url\" content=\"https:\/\/infoecos.com.ar\/index.php\/las-asociaciones-civiles-podran-registrarse-en-la-anses\/\" \/>\n<meta property=\"og:site_name\" content=\"Infoecos\" \/>\n<meta property=\"article:publisher\" content=\"https:\/\/www.facebook.com\/profile.php?id=100063200290284\" \/>\n<meta property=\"article:published_time\" content=\"2021-03-10T18:39:47+00:00\" \/>\n<meta property=\"article:modified_time\" content=\"2021-03-12T06:22:12+00:00\" \/>\n<meta property=\"og:image\" content=\"https:\/\/infoecos.com.ar\/wp-content\/uploads\/2021\/03\/Fernanda-Raverta-y-Julio-Alak-scaled.jpg\" \/>\n\t<meta property=\"og:image:width\" content=\"2560\" \/>\n\t<meta property=\"og:image:height\" content=\"1709\" \/>\n\t<meta property=\"og:image:type\" content=\"image\/jpeg\" \/>\n<meta name=\"author\" content=\"Jorge Matheus\" \/>\n<meta name=\"twitter:card\" content=\"summary_large_image\" \/>\n<meta name=\"twitter:creator\" content=\"@infoecos\" \/>\n<meta name=\"twitter:site\" content=\"@infoecos\" \/>\n<meta name=\"twitter:label1\" content=\"Escrito por\" \/>\n\t<meta name=\"twitter:data1\" content=\"Jorge Matheus\" \/>\n\t<meta name=\"twitter:label2\" content=\"Tiempo de lectura\" \/>\n\t<meta name=\"twitter:data2\" content=\"1 minuto\" \/>\n<script type=\"application\/ld+json\" class=\"yoast-schema-graph\">{\"@context\":\"https:\/\/schema.org\",\"@graph\":[{\"@type\":\"Article\",\"@id\":\"https:\/\/infoecos.com.ar\/index.php\/las-asociaciones-civiles-podran-registrarse-en-la-anses\/#article\",\"isPartOf\":{\"@id\":\"https:\/\/infoecos.com.ar\/index.php\/las-asociaciones-civiles-podran-registrarse-en-la-anses\/\"},\"author\":{\"name\":\"Jorge Matheus\",\"@id\":\"https:\/\/infoecos.com.ar\/#\/schema\/person\/8f5ace5ce73b4b4aac4b7245aee6f191\"},\"headline\":\"Las Asociaciones Civiles podr\u00e1n registrarse en la ANSES\",\"datePublished\":\"2021-03-10T18:39:47+00:00\",\"dateModified\":\"2021-03-12T06:22:12+00:00\",\"mainEntityOfPage\":{\"@id\":\"https:\/\/infoecos.com.ar\/index.php\/las-asociaciones-civiles-podran-registrarse-en-la-anses\/\"},\"wordCount\":225,\"publisher\":{\"@id\":\"https:\/\/infoecos.com.ar\/#organization\"},\"image\":{\"@id\":\"https:\/\/infoecos.com.ar\/index.php\/las-asociaciones-civiles-podran-registrarse-en-la-anses\/#primaryimage\"},\"thumbnailUrl\":\"https:\/\/infoecos.com.ar\/wp-content\/uploads\/2021\/03\/Fernanda-Raverta-y-Julio-Alak-scaled.jpg\",\"keywords\":[\"CONVENIO CON LA PROVINCIA DE BUENOS AIRES\"],\"articleSection\":[\"Bloque inferior - 9\"],\"inLanguage\":\"es\"},{\"@type\":\"WebPage\",\"@id\":\"https:\/\/infoecos.com.ar\/index.php\/las-asociaciones-civiles-podran-registrarse-en-la-anses\/\",\"url\":\"https:\/\/infoecos.com.ar\/index.php\/las-asociaciones-civiles-podran-registrarse-en-la-anses\/\",\"name\":\"Las Asociaciones Civiles podr\u00e1n registrarse en la ANSES - Infoecos\",\"isPartOf\":{\"@id\":\"https:\/\/infoecos.com.ar\/#website\"},\"primaryImageOfPage\":{\"@id\":\"https:\/\/infoecos.com.ar\/index.php\/las-asociaciones-civiles-podran-registrarse-en-la-anses\/#primaryimage\"},\"image\":{\"@id\":\"https:\/\/infoecos.com.ar\/index.php\/las-asociaciones-civiles-podran-registrarse-en-la-anses\/#primaryimage\"},\"thumbnailUrl\":\"https:\/\/infoecos.com.ar\/wp-content\/uploads\/2021\/03\/Fernanda-Raverta-y-Julio-Alak-scaled.jpg\",\"datePublished\":\"2021-03-10T18:39:47+00:00\",\"dateModified\":\"2021-03-12T06:22:12+00:00\",\"breadcrumb\":{\"@id\":\"https:\/\/infoecos.com.ar\/index.php\/las-asociaciones-civiles-podran-registrarse-en-la-anses\/#breadcrumb\"},\"inLanguage\":\"es\",\"potentialAction\":[{\"@type\":\"ReadAction\",\"target\":[\"https:\/\/infoecos.com.ar\/index.php\/las-asociaciones-civiles-podran-registrarse-en-la-anses\/\"]}]},{\"@type\":\"ImageObject\",\"inLanguage\":\"es\",\"@id\":\"https:\/\/infoecos.com.ar\/index.php\/las-asociaciones-civiles-podran-registrarse-en-la-anses\/#primaryimage\",\"url\":\"https:\/\/infoecos.com.ar\/wp-content\/uploads\/2021\/03\/Fernanda-Raverta-y-Julio-Alak-scaled.jpg\",\"contentUrl\":\"https:\/\/infoecos.com.ar\/wp-content\/uploads\/2021\/03\/Fernanda-Raverta-y-Julio-Alak-scaled.jpg\",\"width\":2560,\"height\":1709},{\"@type\":\"BreadcrumbList\",\"@id\":\"https:\/\/infoecos.com.ar\/index.php\/las-asociaciones-civiles-podran-registrarse-en-la-anses\/#breadcrumb\",\"itemListElement\":[{\"@type\":\"ListItem\",\"position\":1,\"name\":\"Portada\",\"item\":\"https:\/\/infoecos.com.ar\/\"},{\"@type\":\"ListItem\",\"position\":2,\"name\":\"Las Asociaciones Civiles podr\u00e1n registrarse en la ANSES\"}]},{\"@type\":\"WebSite\",\"@id\":\"https:\/\/infoecos.com.ar\/#website\",\"url\":\"https:\/\/infoecos.com.ar\/\",\"name\":\"Infoecos\",\"description\":\"Noticias de trenque lauquen y la zona\",\"publisher\":{\"@id\":\"https:\/\/infoecos.com.ar\/#organization\"},\"alternateName\":\"Noticias\",\"potentialAction\":[{\"@type\":\"SearchAction\",\"target\":{\"@type\":\"EntryPoint\",\"urlTemplate\":\"https:\/\/infoecos.com.ar\/?s={search_term_string}\"},\"query-input\":{\"@type\":\"PropertyValueSpecification\",\"valueRequired\":true,\"valueName\":\"search_term_string\"}}],\"inLanguage\":\"es\"},{\"@type\":\"Organization\",\"@id\":\"https:\/\/infoecos.com.ar\/#organization\",\"name\":\"Infoecos\",\"alternateName\":\"Noticias\",\"url\":\"https:\/\/infoecos.com.ar\/\",\"logo\":{\"@type\":\"ImageObject\",\"inLanguage\":\"es\",\"@id\":\"https:\/\/infoecos.com.ar\/#\/schema\/logo\/image\/\",\"url\":\"https:\/\/infoecos.com.ar\/wp-content\/uploads\/2024\/03\/cropped-logo.png\",\"contentUrl\":\"https:\/\/infoecos.com.ar\/wp-content\/uploads\/2024\/03\/cropped-logo.png\",\"width\":374,\"height\":90,\"caption\":\"Infoecos\"},\"image\":{\"@id\":\"https:\/\/infoecos.com.ar\/#\/schema\/logo\/image\/\"},\"sameAs\":[\"https:\/\/www.facebook.com\/profile.php?id=100063200290284\",\"https:\/\/x.com\/infoecos\"]},{\"@type\":\"Person\",\"@id\":\"https:\/\/infoecos.com.ar\/#\/schema\/person\/8f5ace5ce73b4b4aac4b7245aee6f191\",\"name\":\"Jorge Matheus\",\"url\":\"https:\/\/infoecos.com.ar\/index.php\/author\/jomatheus\/\"}]}<\/script>\n<!-- \/ Yoast SEO plugin. -->","yoast_head_json":{"title":"Las Asociaciones Civiles podr\u00e1n registrarse en la ANSES - Infoecos","robots":{"index":"index","follow":"follow","max-snippet":"max-snippet:-1","max-image-preview":"max-image-preview:large","max-video-preview":"max-video-preview:-1"},"canonical":"https:\/\/infoecos.com.ar\/index.php\/las-asociaciones-civiles-podran-registrarse-en-la-anses\/","og_locale":"es_ES","og_type":"article","og_title":"Las Asociaciones Civiles podr\u00e1n registrarse en la ANSES - Infoecos","og_description":"Asociaciones de tipo club de barrio, centro de jubilados, centro cultural, jard\u00edn comunitario, sociedad de fomento u organizaci\u00f3n de comunidades migrantes","og_url":"https:\/\/infoecos.com.ar\/index.php\/las-asociaciones-civiles-podran-registrarse-en-la-anses\/","og_site_name":"Infoecos","article_publisher":"https:\/\/www.facebook.com\/profile.php?id=100063200290284","article_published_time":"2021-03-10T18:39:47+00:00","article_modified_time":"2021-03-12T06:22:12+00:00","og_image":[{"width":2560,"height":1709,"url":"https:\/\/infoecos.com.ar\/wp-content\/uploads\/2021\/03\/Fernanda-Raverta-y-Julio-Alak-scaled.jpg","type":"image\/jpeg"}],"author":"Jorge Matheus","twitter_card":"summary_large_image","twitter_creator":"@infoecos","twitter_site":"@infoecos","twitter_misc":{"Escrito por":"Jorge Matheus","Tiempo de lectura":"1 minuto"},"schema":{"@context":"https:\/\/schema.org","@graph":[{"@type":"Article","@id":"https:\/\/infoecos.com.ar\/index.php\/las-asociaciones-civiles-podran-registrarse-en-la-anses\/#article","isPartOf":{"@id":"https:\/\/infoecos.com.ar\/index.php\/las-asociaciones-civiles-podran-registrarse-en-la-anses\/"},"author":{"name":"Jorge Matheus","@id":"https:\/\/infoecos.com.ar\/#\/schema\/person\/8f5ace5ce73b4b4aac4b7245aee6f191"},"headline":"Las Asociaciones Civiles podr\u00e1n registrarse en la ANSES","datePublished":"2021-03-10T18:39:47+00:00","dateModified":"2021-03-12T06:22:12+00:00","mainEntityOfPage":{"@id":"https:\/\/infoecos.com.ar\/index.php\/las-asociaciones-civiles-podran-registrarse-en-la-anses\/"},"wordCount":225,"publisher":{"@id":"https:\/\/infoecos.com.ar\/#organization"},"image":{"@id":"https:\/\/infoecos.com.ar\/index.php\/las-asociaciones-civiles-podran-registrarse-en-la-anses\/#primaryimage"},"thumbnailUrl":"https:\/\/infoecos.com.ar\/wp-content\/uploads\/2021\/03\/Fernanda-Raverta-y-Julio-Alak-scaled.jpg","keywords":["CONVENIO CON LA PROVINCIA DE BUENOS AIRES"],"articleSection":["Bloque inferior - 9"],"inLanguage":"es"},{"@type":"WebPage","@id":"https:\/\/infoecos.com.ar\/index.php\/las-asociaciones-civiles-podran-registrarse-en-la-anses\/","url":"https:\/\/infoecos.com.ar\/index.php\/las-asociaciones-civiles-podran-registrarse-en-la-anses\/","name":"Las Asociaciones Civiles podr\u00e1n registrarse en la ANSES - Infoecos","isPartOf":{"@id":"https:\/\/infoecos.com.ar\/#website"},"primaryImageOfPage":{"@id":"https:\/\/infoecos.com.ar\/index.php\/las-asociaciones-civiles-podran-registrarse-en-la-anses\/#primaryimage"},"image":{"@id":"https:\/\/infoecos.com.ar\/index.php\/las-asociaciones-civiles-podran-registrarse-en-la-anses\/#primaryimage"},"thumbnailUrl":"https:\/\/infoecos.com.ar\/wp-content\/uploads\/2021\/03\/Fernanda-Raverta-y-Julio-Alak-scaled.jpg","datePublished":"2021-03-10T18:39:47+00:00","dateModified":"2021-03-12T06:22:12+00:00","breadcrumb":{"@id":"https:\/\/infoecos.com.ar\/index.php\/las-asociaciones-civiles-podran-registrarse-en-la-anses\/#breadcrumb"},"inLanguage":"es","potentialAction":[{"@type":"ReadAction","target":["https:\/\/infoecos.com.ar\/index.php\/las-asociaciones-civiles-podran-registrarse-en-la-anses\/"]}]},{"@type":"ImageObject","inLanguage":"es","@id":"https:\/\/infoecos.com.ar\/index.php\/las-asociaciones-civiles-podran-registrarse-en-la-anses\/#primaryimage","url":"https:\/\/infoecos.com.ar\/wp-content\/uploads\/2021\/03\/Fernanda-Raverta-y-Julio-Alak-scaled.jpg","contentUrl":"https:\/\/infoecos.com.ar\/wp-content\/uploads\/2021\/03\/Fernanda-Raverta-y-Julio-Alak-scaled.jpg","width":2560,"height":1709},{"@type":"BreadcrumbList","@id":"https:\/\/infoecos.com.ar\/index.php\/las-asociaciones-civiles-podran-registrarse-en-la-anses\/#breadcrumb","itemListElement":[{"@type":"ListItem","position":1,"name":"Portada","item":"https:\/\/infoecos.com.ar\/"},{"@type":"ListItem","position":2,"name":"Las Asociaciones Civiles podr\u00e1n registrarse en la ANSES"}]},{"@type":"WebSite","@id":"https:\/\/infoecos.com.ar\/#website","url":"https:\/\/infoecos.com.ar\/","name":"Infoecos","description":"Noticias de trenque lauquen y la zona","publisher":{"@id":"https:\/\/infoecos.com.ar\/#organization"},"alternateName":"Noticias","potentialAction":[{"@type":"SearchAction","target":{"@type":"EntryPoint","urlTemplate":"https:\/\/infoecos.com.ar\/?s={search_term_string}"},"query-input":{"@type":"PropertyValueSpecification","valueRequired":true,"valueName":"search_term_string"}}],"inLanguage":"es"},{"@type":"Organization","@id":"https:\/\/infoecos.com.ar\/#organization","name":"Infoecos","alternateName":"Noticias","url":"https:\/\/infoecos.com.ar\/","logo":{"@type":"ImageObject","inLanguage":"es","@id":"https:\/\/infoecos.com.ar\/#\/schema\/logo\/image\/","url":"https:\/\/infoecos.com.ar\/wp-content\/uploads\/2024\/03\/cropped-logo.png","contentUrl":"https:\/\/infoecos.com.ar\/wp-content\/uploads\/2024\/03\/cropped-logo.png","width":374,"height":90,"caption":"Infoecos"},"image":{"@id":"https:\/\/infoecos.com.ar\/#\/schema\/logo\/image\/"},"sameAs":["https:\/\/www.facebook.com\/profile.php?id=100063200290284","https:\/\/x.com\/infoecos"]},{"@type":"Person","@id":"https:\/\/infoecos.com.ar\/#\/schema\/person\/8f5ace5ce73b4b4aac4b7245aee6f191","name":"Jorge Matheus","url":"https:\/\/infoecos.com.ar\/index.php\/author\/jomatheus\/"}]}},"featured_image_urls":{"full":["https:\/\/infoecos.com.ar\/wp-content\/uploads\/2021\/03\/Fernanda-Raverta-y-Julio-Alak-scaled.jpg",2560,1709,false],"thumbnail":["https:\/\/infoecos.com.ar\/wp-content\/uploads\/2021\/03\/Fernanda-Raverta-y-Julio-Alak-150x150.jpg",150,150,true],"medium":["https:\/\/infoecos.com.ar\/wp-content\/uploads\/2021\/03\/Fernanda-Raverta-y-Julio-Alak-460x307.jpg",460,307,true],"medium_large":["https:\/\/infoecos.com.ar\/wp-content\/uploads\/2021\/03\/Fernanda-Raverta-y-Julio-Alak-768x513.jpg",640,428,true],"large":["https:\/\/infoecos.com.ar\/wp-content\/uploads\/2021\/03\/Fernanda-Raverta-y-Julio-Alak-920x614.jpg",640,427,true],"1536x1536":["https:\/\/infoecos.com.ar\/wp-content\/uploads\/2021\/03\/Fernanda-Raverta-y-Julio-Alak-1536x1025.jpg",1536,1025,true],"2048x2048":["https:\/\/infoecos.com.ar\/wp-content\/uploads\/2021\/03\/Fernanda-Raverta-y-Julio-Alak-2048x1367.jpg",2048,1367,true],"covernews-slider-full":["https:\/\/infoecos.com.ar\/wp-content\/uploads\/2021\/03\/Fernanda-Raverta-y-Julio-Alak-1536x1020.jpg",1077,715,true],"covernews-slider-center":["https:\/\/infoecos.com.ar\/wp-content\/uploads\/2021\/03\/Fernanda-Raverta-y-Julio-Alak-936x897.jpg",522,500,true],"covernews-featured":["https:\/\/infoecos.com.ar\/wp-content\/uploads\/2021\/03\/Fernanda-Raverta-y-Julio-Alak-1024x683.jpg",1024,683,true],"covernews-medium":["https:\/\/infoecos.com.ar\/wp-content\/uploads\/2021\/03\/Fernanda-Raverta-y-Julio-Alak-720x380.jpg",540,285,true],"covernews-medium-square":["https:\/\/infoecos.com.ar\/wp-content\/uploads\/2021\/03\/Fernanda-Raverta-y-Julio-Alak-675x450.jpg",375,250,true]},"author_info":{"info":["Jorge Matheus"]},"category_info":"<a href=\"https:\/\/infoecos.com.ar\/index.php\/category\/inferior9\/\" rel=\"category tag\">Bloque inferior - 9<\/a>","tag_info":"Bloque inferior - 9","comment_count":"0","_links":{"self":[{"href":"https:\/\/infoecos.com.ar\/index.php\/wp-json\/wp\/v2\/posts\/75688"}],"collection":[{"href":"https:\/\/infoecos.com.ar\/index.php\/wp-json\/wp\/v2\/posts"}],"about":[{"href":"https:\/\/infoecos.com.ar\/index.php\/wp-json\/wp\/v2\/types\/post"}],"author":[{"embeddable":true,"href":"https:\/\/infoecos.com.ar\/index.php\/wp-json\/wp\/v2\/users\/2"}],"replies":[{"embeddable":true,"href":"https:\/\/infoecos.com.ar\/index.php\/wp-json\/wp\/v2\/comments?post=75688"}],"version-history":[{"count":2,"href":"https:\/\/infoecos.com.ar\/index.php\/wp-json\/wp\/v2\/posts\/75688\/revisions"}],"predecessor-version":[{"id":75885,"href":"https:\/\/infoecos.com.ar\/index.php\/wp-json\/wp\/v2\/posts\/75688\/revisions\/75885"}],"wp:featuredmedia":[{"embeddable":true,"href":"https:\/\/infoecos.com.ar\/index.php\/wp-json\/wp\/v2\/media\/75689"}],"wp:attachment":[{"href":"https:\/\/infoecos.com.ar\/index.php\/wp-json\/wp\/v2\/media?parent=75688"}],"wp:term":[{"taxonomy":"category","embeddable":true,"href":"https:\/\/infoecos.com.ar\/index.php\/wp-json\/wp\/v2\/categories?post=75688"},{"taxonomy":"post_tag","embeddable":true,"href":"https:\/\/infoecos.com.ar\/index.php\/wp-json\/wp\/v2\/tags?post=75688"}],"curies":[{"name":"wp","href":"https:\/\/api.w.org\/{rel}","templated":true}]}}