{"id":75718,"date":"2021-03-11T01:36:59","date_gmt":"2021-03-11T04:36:59","guid":{"rendered":"http:\/\/infoecos.com.ar\/?p=75718"},"modified":"2021-03-12T03:20:39","modified_gmt":"2021-03-12T06:20:39","slug":"importante-aparatologia-para-el-hospital-municipal-de-vedia-y-anuncios","status":"publish","type":"post","link":"https:\/\/infoecos.com.ar\/index.php\/importante-aparatologia-para-el-hospital-municipal-de-vedia-y-anuncios\/","title":{"rendered":"Importante aparatolog\u00eda para el Hospital Municipal de Vedia y anuncios"},"content":{"rendered":"\n<p class=\"wp-block-paragraph\">Los funcionarios nacionales, provinciales y nacionales que estuvieron en Leandro N. Alem visitaron el Hospital Municipal.<\/p>\n\n\n\n<div class=\"wp-block-image\"><figure class=\"aligncenter size-medium\"><img loading=\"lazy\" decoding=\"async\" width=\"460\" height=\"318\" src=\"http:\/\/infoecos.com.ar\/wp-content\/uploads\/2021\/03\/leandronalemzurro-460x318.jpg\" alt=\"\" class=\"wp-image-75719\" srcset=\"https:\/\/infoecos.com.ar\/wp-content\/uploads\/2021\/03\/leandronalemzurro-460x318.jpg 460w, https:\/\/infoecos.com.ar\/wp-content\/uploads\/2021\/03\/leandronalemzurro.jpg 640w\" sizes=\"auto, (max-width: 460px) 100vw, 460px\" \/><\/figure><\/div>\n\n\n\n<p class=\"wp-block-paragraph\">En inmediaciones del efector de salud brindaron una conferencia de prensa y anunciaron anunciaron la adquisici\u00f3n de un cami\u00f3n mixer para Obras P\u00fablicas, una torre de video endoscop\u00eda con gastroscopio y colonoscopio de alta resoluci\u00f3n y una mesa de cirug\u00eda de alta gama para uso con arco en \u00abC\u00bb, con accesorios para distintas especialidades.<\/p>\n\n\n\n<p class=\"wp-block-paragraph\">El intendente Ferraris dijo&nbsp;que se est\u00e1 trabajando fuertemente para lograr poner en funcionamiento el sistema de di\u00e1lisis para las personas que est\u00e9n internadas en la UTI del Hospital Municipal y adelant\u00f3 que en poco tiempo se realizar\u00e1 la digitalizaci\u00f3n del sistema de rayos en Leandro N. Alem y Juan B. Alberdi.<\/p>\n\n\n\n<p class=\"wp-block-paragraph\">El secretario de Asuntos Municipales, Avelino Zurro, dej\u00f3 el saludo especial del ministro del Interior, Eduardo \u201cWado\u201d de Pedro, y destac\u00f3 su intenci\u00f3n de poner en marcha el Programa \u00abMunicipios de Pie\u00bb para llegar a cada rinc\u00f3n del pa\u00eds, construyendo las herramientas necesarias para abordar las necesidades y las problem\u00e1ticas de cada distrito. <\/p>\n","protected":false},"excerpt":{"rendered":"<p>El secretario de Asuntos Municipales, Avelino Zurro destac\u00f3 su intenci\u00f3n de poner en marcha el Programa \u00abMunicipios de Pie\u00bb en todo el pa\u00eds<\/p>\n","protected":false},"author":2,"featured_media":75719,"comment_status":"closed","ping_status":"open","sticky":false,"template":"","format":"standard","meta":{"footnotes":""},"categories":[26],"tags":[3245],"class_list":["post-75718","post","type-post","status-publish","format-standard","has-post-thumbnail","hentry","category-inferior6","tag-estuvo-avelino-zurro"],"featured_image_urls":{"full":["https:\/\/infoecos.com.ar\/wp-content\/uploads\/2021\/03\/leandronalemzurro.jpg",640,443,false],"thumbnail":["https:\/\/infoecos.com.ar\/wp-content\/uploads\/2021\/03\/leandronalemzurro-150x150.jpg",150,150,true],"medium":["https:\/\/infoecos.com.ar\/wp-content\/uploads\/2021\/03\/leandronalemzurro-460x318.jpg",460,318,true],"medium_large":["https:\/\/infoecos.com.ar\/wp-content\/uploads\/2021\/03\/leandronalemzurro.jpg",640,443,false],"large":["https:\/\/infoecos.com.ar\/wp-content\/uploads\/2021\/03\/leandronalemzurro.jpg",640,443,false],"1536x1536":["https:\/\/infoecos.com.ar\/wp-content\/uploads\/2021\/03\/leandronalemzurro.jpg",640,443,false],"2048x2048":["https:\/\/infoecos.com.ar\/wp-content\/uploads\/2021\/03\/leandronalemzurro.jpg",640,443,false],"covernews-slider-full":["https:\/\/infoecos.com.ar\/wp-content\/uploads\/2021\/03\/leandronalemzurro.jpg",640,443,false],"covernews-slider-center":["https:\/\/infoecos.com.ar\/wp-content\/uploads\/2021\/03\/leandronalemzurro.jpg",640,443,false],"covernews-featured":["https:\/\/infoecos.com.ar\/wp-content\/uploads\/2021\/03\/leandronalemzurro.jpg",640,443,false],"covernews-medium":["https:\/\/infoecos.com.ar\/wp-content\/uploads\/2021\/03\/leandronalemzurro-640x380.jpg",540,321,true],"covernews-medium-square":["https:\/\/infoecos.com.ar\/wp-content\/uploads\/2021\/03\/leandronalemzurro.jpg",361,250,false]},"author_info":{"info":["Jorge Matheus"]},"category_info":"<a href=\"https:\/\/infoecos.com.ar\/index.php\/category\/inferior6\/\" rel=\"category tag\">Bloque inferior - 6<\/a>","tag_info":"Bloque inferior - 6","comment_count":"0","_links":{"self":[{"href":"https:\/\/infoecos.com.ar\/index.php\/wp-json\/wp\/v2\/posts\/75718","targetHints":{"allow":["GET"]}}],"collection":[{"href":"https:\/\/infoecos.com.ar\/index.php\/wp-json\/wp\/v2\/posts"}],"about":[{"href":"https:\/\/infoecos.com.ar\/index.php\/wp-json\/wp\/v2\/types\/post"}],"author":[{"embeddable":true,"href":"https:\/\/infoecos.com.ar\/index.php\/wp-json\/wp\/v2\/users\/2"}],"replies":[{"embeddable":true,"href":"https:\/\/infoecos.com.ar\/index.php\/wp-json\/wp\/v2\/comments?post=75718"}],"version-history":[{"count":2,"href":"https:\/\/infoecos.com.ar\/index.php\/wp-json\/wp\/v2\/posts\/75718\/revisions"}],"predecessor-version":[{"id":75721,"href":"https:\/\/infoecos.com.ar\/index.php\/wp-json\/wp\/v2\/posts\/75718\/revisions\/75721"}],"wp:featuredmedia":[{"embeddable":true,"href":"https:\/\/infoecos.com.ar\/index.php\/wp-json\/wp\/v2\/media\/75719"}],"wp:attachment":[{"href":"https:\/\/infoecos.com.ar\/index.php\/wp-json\/wp\/v2\/media?parent=75718"}],"wp:term":[{"taxonomy":"category","embeddable":true,"href":"https:\/\/infoecos.com.ar\/index.php\/wp-json\/wp\/v2\/categories?post=75718"},{"taxonomy":"post_tag","embeddable":true,"href":"https:\/\/infoecos.com.ar\/index.php\/wp-json\/wp\/v2\/tags?post=75718"}],"curies":[{"name":"wp","href":"https:\/\/api.w.org\/{rel}","templated":true}]}}