{"id":75854,"date":"2021-03-12T02:07:46","date_gmt":"2021-03-12T05:07:46","guid":{"rendered":"http:\/\/infoecos.com.ar\/?p=75854"},"modified":"2021-03-12T14:27:50","modified_gmt":"2021-03-12T17:27:50","slug":"covid-19-mas-de-160-enfermeras-y-enfermeros-murieron-en-argentina","status":"publish","type":"post","link":"https:\/\/infoecos.com.ar\/index.php\/covid-19-mas-de-160-enfermeras-y-enfermeros-murieron-en-argentina\/","title":{"rendered":"Covid 19: M\u00e1s de 160 enfermeras y enfermeros murieron en Argentina"},"content":{"rendered":"\n<p class=\"wp-block-paragraph\">El titular de la Asociaci\u00f3n de Licenciados y Docentes de Enfermer\u00eda de la Provincia de Buenos Aires (ALDEPA), Jos\u00e9 Anile, inform\u00f3 que \u201cm\u00e1s de 160 enfermeros y enfermeras murieron en Argentina por la atenci\u00f3n directa de pacientes con COVID\u201d.<\/p>\n\n\n\n<p class=\"wp-block-paragraph\">En di\u00e1logo con <strong>Radio Provincia<\/strong> advirti\u00f3 sobre las fuertes repercusiones de la pandemia en el sector, que vive con \u201cmiedo e incertidumbre\u201d la situaci\u00f3n sanitaria.<\/p>\n\n\n\n<div class=\"wp-block-image\"><figure class=\"aligncenter size-medium\"><img loading=\"lazy\" decoding=\"async\" width=\"460\" height=\"253\" src=\"http:\/\/infoecos.com.ar\/wp-content\/uploads\/2021\/03\/enfermeros-460x253.jpg\" alt=\"\" class=\"wp-image-75855\" srcset=\"https:\/\/infoecos.com.ar\/wp-content\/uploads\/2021\/03\/enfermeros-460x253.jpg 460w, https:\/\/infoecos.com.ar\/wp-content\/uploads\/2021\/03\/enfermeros-920x505.jpg 920w, https:\/\/infoecos.com.ar\/wp-content\/uploads\/2021\/03\/enfermeros-768x422.jpg 768w, https:\/\/infoecos.com.ar\/wp-content\/uploads\/2021\/03\/enfermeros-1536x844.jpg 1536w, https:\/\/infoecos.com.ar\/wp-content\/uploads\/2021\/03\/enfermeros-1024x563.jpg 1024w, https:\/\/infoecos.com.ar\/wp-content\/uploads\/2021\/03\/enfermeros.jpg 1729w\" sizes=\"auto, (max-width: 460px) 100vw, 460px\" \/><figcaption>Foto: Radio Provincia<\/figcaption><\/figure><\/div>\n\n\n\n<p class=\"wp-block-paragraph\">En ese marco, sostuvo que \u201ceste virus no se focaliza s\u00f3lo en las terapias de cuidados cr\u00edticos\u201d y manifest\u00f3 que tambi\u00e9n hay que considerar \u201clas secuelas pulmonares o discapacidad que dejar\u00e1 la pandemia en el equipo de salud\u201d.<\/p>\n\n\n\n<p class=\"wp-block-paragraph\">Anile revel\u00f3 la importancia del recurso humano que se forma en la Provincia y destac\u00f3 que \u201cla enfermer\u00eda de CABA vive en el primer y segundo cord\u00f3n del conurbano\u201d.<\/p>\n\n\n\n<p class=\"wp-block-paragraph\">En tanto, el entrevistado remarc\u00f3 la exigencia a la que se ve sometido el sector para subsistir. Indic\u00f3 que al igual que los m\u00e9dicos, \u201cel enfermero sum\u00f3 horas, sum\u00f3 trabajos y horas extras en esos trabajos\u201d.<\/p>\n\n\n\n<p class=\"wp-block-paragraph\">M\u00e1s adelante, expres\u00f3 que en todo el pa\u00eds hay \u201c217.000 familias de enfermeros\u201d, de las cuales \u201cel 90% son mujeres y en muchos casos son ellas el sost\u00e9n de familia\u201d. Agreg\u00f3 en esa l\u00ednea que si bien \u201cla matr\u00edcula de enfermer\u00eda crece, no crecen las condiciones de trabajo para que los estudiantes se queden ac\u00e1. La pandemia nos tiene que poner sobre la mesa de discusi\u00f3n como sociedad inteligente, cu\u00e1nto sale tener un plan integral y para todos\u201d.<\/p>\n","protected":false},"excerpt":{"rendered":"<p>En di\u00e1logo con Radio Provincia, Jos\u00e9 Anile, advirti\u00f3 sobre las fuertes repercusiones de la pandemia en el sector, que vive con \u201cmiedo e incertidumbre\u201d la situaci\u00f3n sanitaria<\/p>\n","protected":false},"author":2,"featured_media":75855,"comment_status":"closed","ping_status":"open","sticky":false,"template":"","format":"standard","meta":{"footnotes":""},"categories":[198],"tags":[3262],"class_list":["post-75854","post","type-post","status-publish","format-standard","has-post-thumbnail","hentry","category-c1nota5","tag-la-crueldad-del-virus"],"featured_image_urls":{"full":["https:\/\/infoecos.com.ar\/wp-content\/uploads\/2021\/03\/enfermeros.jpg",1729,950,false],"thumbnail":["https:\/\/infoecos.com.ar\/wp-content\/uploads\/2021\/03\/enfermeros-150x150.jpg",150,150,true],"medium":["https:\/\/infoecos.com.ar\/wp-content\/uploads\/2021\/03\/enfermeros-460x253.jpg",460,253,true],"medium_large":["https:\/\/infoecos.com.ar\/wp-content\/uploads\/2021\/03\/enfermeros-768x422.jpg",640,352,true],"large":["https:\/\/infoecos.com.ar\/wp-content\/uploads\/2021\/03\/enfermeros-920x505.jpg",640,351,true],"1536x1536":["https:\/\/infoecos.com.ar\/wp-content\/uploads\/2021\/03\/enfermeros-1536x844.jpg",1536,844,true],"2048x2048":["https:\/\/infoecos.com.ar\/wp-content\/uploads\/2021\/03\/enfermeros.jpg",1729,950,false],"covernews-slider-full":["https:\/\/infoecos.com.ar\/wp-content\/uploads\/2021\/03\/enfermeros-1536x950.jpg",1115,690,true],"covernews-slider-center":["https:\/\/infoecos.com.ar\/wp-content\/uploads\/2021\/03\/enfermeros-936x897.jpg",522,500,true],"covernews-featured":["https:\/\/infoecos.com.ar\/wp-content\/uploads\/2021\/03\/enfermeros-1024x563.jpg",1024,563,true],"covernews-medium":["https:\/\/infoecos.com.ar\/wp-content\/uploads\/2021\/03\/enfermeros-720x380.jpg",540,285,true],"covernews-medium-square":["https:\/\/infoecos.com.ar\/wp-content\/uploads\/2021\/03\/enfermeros-675x450.jpg",375,250,true]},"author_info":{"info":["Jorge Matheus"]},"category_info":"<a href=\"https:\/\/infoecos.com.ar\/index.php\/category\/c1nota5\/\" rel=\"category tag\">C1 nota 5<\/a>","tag_info":"C1 nota 5","comment_count":"0","_links":{"self":[{"href":"https:\/\/infoecos.com.ar\/index.php\/wp-json\/wp\/v2\/posts\/75854","targetHints":{"allow":["GET"]}}],"collection":[{"href":"https:\/\/infoecos.com.ar\/index.php\/wp-json\/wp\/v2\/posts"}],"about":[{"href":"https:\/\/infoecos.com.ar\/index.php\/wp-json\/wp\/v2\/types\/post"}],"author":[{"embeddable":true,"href":"https:\/\/infoecos.com.ar\/index.php\/wp-json\/wp\/v2\/users\/2"}],"replies":[{"embeddable":true,"href":"https:\/\/infoecos.com.ar\/index.php\/wp-json\/wp\/v2\/comments?post=75854"}],"version-history":[{"count":1,"href":"https:\/\/infoecos.com.ar\/index.php\/wp-json\/wp\/v2\/posts\/75854\/revisions"}],"predecessor-version":[{"id":75856,"href":"https:\/\/infoecos.com.ar\/index.php\/wp-json\/wp\/v2\/posts\/75854\/revisions\/75856"}],"wp:featuredmedia":[{"embeddable":true,"href":"https:\/\/infoecos.com.ar\/index.php\/wp-json\/wp\/v2\/media\/75855"}],"wp:attachment":[{"href":"https:\/\/infoecos.com.ar\/index.php\/wp-json\/wp\/v2\/media?parent=75854"}],"wp:term":[{"taxonomy":"category","embeddable":true,"href":"https:\/\/infoecos.com.ar\/index.php\/wp-json\/wp\/v2\/categories?post=75854"},{"taxonomy":"post_tag","embeddable":true,"href":"https:\/\/infoecos.com.ar\/index.php\/wp-json\/wp\/v2\/tags?post=75854"}],"curies":[{"name":"wp","href":"https:\/\/api.w.org\/{rel}","templated":true}]}}