{"id":75872,"date":"2021-03-12T02:50:42","date_gmt":"2021-03-12T05:50:42","guid":{"rendered":"http:\/\/infoecos.com.ar\/?p=75872"},"modified":"2021-03-16T02:25:45","modified_gmt":"2021-03-16T05:25:45","slug":"el-comisario-inspector-sergio-rodriguez-director-de-la-delegacion-de-inteligencia-criminal-de-trenque-lauquen","status":"publish","type":"post","link":"https:\/\/infoecos.com.ar\/index.php\/el-comisario-inspector-sergio-rodriguez-director-de-la-delegacion-de-inteligencia-criminal-de-trenque-lauquen\/","title":{"rendered":"El Comisario Inspector Sergio Rodr\u00edguez director de la delegaci\u00f3n de Inteligencia Criminal de Trenque Lauquen"},"content":{"rendered":"\n<p class=\"wp-block-paragraph\">Designaron al comisario Inspector Sergio Rodr\u00edguez como director de la delegaci\u00f3n de Inteligencia Criminal en Trenque Lauquen. Ven\u00eda desempe\u00f1\u00e1ndose como titular de la Estaci\u00f3n Departamental de Rivadavia. <\/p>\n\n\n\n<div class=\"wp-block-image\"><figure class=\"aligncenter size-medium\"><img loading=\"lazy\" decoding=\"async\" width=\"460\" height=\"240\" src=\"http:\/\/infoecos.com.ar\/wp-content\/uploads\/2021\/03\/comisario_rodriguez_relevo-460x240.jpg\" alt=\"\" class=\"wp-image-75873\" srcset=\"https:\/\/infoecos.com.ar\/wp-content\/uploads\/2021\/03\/comisario_rodriguez_relevo-460x240.jpg 460w, https:\/\/infoecos.com.ar\/wp-content\/uploads\/2021\/03\/comisario_rodriguez_relevo-768x400.jpg 768w, https:\/\/infoecos.com.ar\/wp-content\/uploads\/2021\/03\/comisario_rodriguez_relevo.jpg 787w\" sizes=\"auto, (max-width: 460px) 100vw, 460px\" \/><\/figure><\/div>\n\n\n\n<p class=\"wp-block-paragraph\">La Estaci\u00f3n policial rivadaviense quedar\u00e1 a cargo del comisario Gast\u00f3n Orellano. El acto de cambio de radicaci\u00f3n se concret\u00f3 este jueves y fue presidido por el superintendente de Seguridad Regi\u00f3n Interior Oeste II, Jos\u00e9 Ismael Gil.<\/p>\n\n\n\n<p class=\"wp-block-paragraph\"><strong>Fuente: tiempodeloeste.com<\/strong><\/p>\n","protected":false},"excerpt":{"rendered":"<p>La Estaci\u00f3n policial rivadaviense quedar\u00e1 a cargo del comisario Gast\u00f3n Orellano.<\/p>\n","protected":false},"author":2,"featured_media":75873,"comment_status":"closed","ping_status":"open","sticky":false,"template":"","format":"standard","meta":{"footnotes":""},"categories":[1335],"tags":[3079],"class_list":["post-75872","post","type-post","status-publish","format-standard","has-post-thumbnail","hentry","category-inferior15","tag-cambios-en-la-policia"],"featured_image_urls":{"full":["https:\/\/infoecos.com.ar\/wp-content\/uploads\/2021\/03\/comisario_rodriguez_relevo.jpg",787,410,false],"thumbnail":["https:\/\/infoecos.com.ar\/wp-content\/uploads\/2021\/03\/comisario_rodriguez_relevo-150x150.jpg",150,150,true],"medium":["https:\/\/infoecos.com.ar\/wp-content\/uploads\/2021\/03\/comisario_rodriguez_relevo-460x240.jpg",460,240,true],"medium_large":["https:\/\/infoecos.com.ar\/wp-content\/uploads\/2021\/03\/comisario_rodriguez_relevo-768x400.jpg",640,333,true],"large":["https:\/\/infoecos.com.ar\/wp-content\/uploads\/2021\/03\/comisario_rodriguez_relevo.jpg",640,333,false],"1536x1536":["https:\/\/infoecos.com.ar\/wp-content\/uploads\/2021\/03\/comisario_rodriguez_relevo.jpg",787,410,false],"2048x2048":["https:\/\/infoecos.com.ar\/wp-content\/uploads\/2021\/03\/comisario_rodriguez_relevo.jpg",787,410,false],"covernews-slider-full":["https:\/\/infoecos.com.ar\/wp-content\/uploads\/2021\/03\/comisario_rodriguez_relevo.jpg",787,410,false],"covernews-slider-center":["https:\/\/infoecos.com.ar\/wp-content\/uploads\/2021\/03\/comisario_rodriguez_relevo.jpg",787,410,false],"covernews-featured":["https:\/\/infoecos.com.ar\/wp-content\/uploads\/2021\/03\/comisario_rodriguez_relevo.jpg",787,410,false],"covernews-medium":["https:\/\/infoecos.com.ar\/wp-content\/uploads\/2021\/03\/comisario_rodriguez_relevo-720x380.jpg",540,285,true],"covernews-medium-square":["https:\/\/infoecos.com.ar\/wp-content\/uploads\/2021\/03\/comisario_rodriguez_relevo-675x410.jpg",400,243,true]},"author_info":{"info":["Jorge Matheus"]},"category_info":"<a href=\"https:\/\/infoecos.com.ar\/index.php\/category\/inferior15\/\" rel=\"category tag\">Bloque inferior - 15<\/a>","tag_info":"Bloque inferior - 15","comment_count":"0","_links":{"self":[{"href":"https:\/\/infoecos.com.ar\/index.php\/wp-json\/wp\/v2\/posts\/75872","targetHints":{"allow":["GET"]}}],"collection":[{"href":"https:\/\/infoecos.com.ar\/index.php\/wp-json\/wp\/v2\/posts"}],"about":[{"href":"https:\/\/infoecos.com.ar\/index.php\/wp-json\/wp\/v2\/types\/post"}],"author":[{"embeddable":true,"href":"https:\/\/infoecos.com.ar\/index.php\/wp-json\/wp\/v2\/users\/2"}],"replies":[{"embeddable":true,"href":"https:\/\/infoecos.com.ar\/index.php\/wp-json\/wp\/v2\/comments?post=75872"}],"version-history":[{"count":1,"href":"https:\/\/infoecos.com.ar\/index.php\/wp-json\/wp\/v2\/posts\/75872\/revisions"}],"predecessor-version":[{"id":75874,"href":"https:\/\/infoecos.com.ar\/index.php\/wp-json\/wp\/v2\/posts\/75872\/revisions\/75874"}],"wp:featuredmedia":[{"embeddable":true,"href":"https:\/\/infoecos.com.ar\/index.php\/wp-json\/wp\/v2\/media\/75873"}],"wp:attachment":[{"href":"https:\/\/infoecos.com.ar\/index.php\/wp-json\/wp\/v2\/media?parent=75872"}],"wp:term":[{"taxonomy":"category","embeddable":true,"href":"https:\/\/infoecos.com.ar\/index.php\/wp-json\/wp\/v2\/categories?post=75872"},{"taxonomy":"post_tag","embeddable":true,"href":"https:\/\/infoecos.com.ar\/index.php\/wp-json\/wp\/v2\/tags?post=75872"}],"curies":[{"name":"wp","href":"https:\/\/api.w.org\/{rel}","templated":true}]}}