{"id":75936,"date":"2021-03-12T19:07:51","date_gmt":"2021-03-12T22:07:51","guid":{"rendered":"http:\/\/infoecos.com.ar\/?p=75936"},"modified":"2021-03-16T02:21:37","modified_gmt":"2021-03-16T05:21:37","slug":"ate-provincia-de-buenos-aires-acepto-la-propuesta-salarial-realizada-por-el-gobierno-de-kicillof","status":"publish","type":"post","link":"https:\/\/infoecos.com.ar\/index.php\/ate-provincia-de-buenos-aires-acepto-la-propuesta-salarial-realizada-por-el-gobierno-de-kicillof\/","title":{"rendered":"ATE provincia de Buenos Aires acept\u00f3 la propuesta salarial realizada por el gobierno de Kicillof"},"content":{"rendered":"\n<p class=\"wp-block-paragraph\">Por amplia mayor\u00eda, el Consejo Directivo Provincial de ATE aprob\u00f3 la propuesta salarial realizada por el gobierno bonarerense para los trabajadores agrupados bajo la Ley 10.430. Consideraron que la propuesta fue superadora con respecto a la recibida y rechazada el d\u00eda martes, y decidieron cerrar las tratativas en el 35,2% propuesto.<\/p>\n\n\n\n<div class=\"wp-block-image\"><figure class=\"aligncenter size-medium\"><img loading=\"lazy\" decoding=\"async\" width=\"460\" height=\"258\" src=\"http:\/\/infoecos.com.ar\/wp-content\/uploads\/2021\/03\/ateprosala-460x258.jpeg\" alt=\"\" class=\"wp-image-75937\" srcset=\"https:\/\/infoecos.com.ar\/wp-content\/uploads\/2021\/03\/ateprosala-460x258.jpeg 460w, https:\/\/infoecos.com.ar\/wp-content\/uploads\/2021\/03\/ateprosala-768x430.jpeg 768w, https:\/\/infoecos.com.ar\/wp-content\/uploads\/2021\/03\/ateprosala.jpeg 880w\" sizes=\"auto, (max-width: 460px) 100vw, 460px\" \/><\/figure><\/div>\n\n\n\n<p class=\"wp-block-paragraph\">El incremento propuesto, como se indica en otra de las noticias de Infoecos, se otorgar\u00e1 en 3 etapas: 14% en marzo, 9% en julio y 11% en septiembre. Adem\u00e1s, el acuerdo tambi\u00e9n traspasa al sueldo b\u00e1sico parte de la suma de los 4000 pesos otorgados en febrero de 2020.<\/p>\n\n\n\n<p class=\"wp-block-paragraph\">Por otra parte, se elimina definitivamente la figura del presentismo, traslad\u00e1ndose dicho monto al salario. &nbsp;Tambi\u00e9n se acord\u00f3 que en la primera semana de abril se convocar\u00e1 a una mesa t\u00e9cnica para la discusi\u00f3n de un nuevo Convenio Colectivo de Trabajo para los estatales bonaerenses.<\/p>\n\n\n\n<p class=\"wp-block-paragraph\">Para el secretario general de ATE Bonaerense,&nbsp;<strong>Oscar de Isasi<\/strong>, la propuesta es positiva.<\/p>\n\n\n\n<p class=\"wp-block-paragraph\"><\/p>\n","protected":false},"excerpt":{"rendered":"<p>Para el secretario general de ATE Bonaerense, Oscar de Isasi, la propuesta es positiva<\/p>\n","protected":false},"author":2,"featured_media":75937,"comment_status":"closed","ping_status":"open","sticky":false,"template":"","format":"standard","meta":{"footnotes":""},"categories":[1331],"tags":[3278],"class_list":["post-75936","post","type-post","status-publish","format-standard","has-post-thumbnail","hentry","category-inferior11","tag-el-presentismo-se-incorpora-al-salario"],"featured_image_urls":{"full":["https:\/\/infoecos.com.ar\/wp-content\/uploads\/2021\/03\/ateprosala.jpeg",880,493,false],"thumbnail":["https:\/\/infoecos.com.ar\/wp-content\/uploads\/2021\/03\/ateprosala-150x150.jpeg",150,150,true],"medium":["https:\/\/infoecos.com.ar\/wp-content\/uploads\/2021\/03\/ateprosala-460x258.jpeg",460,258,true],"medium_large":["https:\/\/infoecos.com.ar\/wp-content\/uploads\/2021\/03\/ateprosala-768x430.jpeg",640,358,true],"large":["https:\/\/infoecos.com.ar\/wp-content\/uploads\/2021\/03\/ateprosala.jpeg",640,359,false],"1536x1536":["https:\/\/infoecos.com.ar\/wp-content\/uploads\/2021\/03\/ateprosala.jpeg",880,493,false],"2048x2048":["https:\/\/infoecos.com.ar\/wp-content\/uploads\/2021\/03\/ateprosala.jpeg",880,493,false],"covernews-slider-full":["https:\/\/infoecos.com.ar\/wp-content\/uploads\/2021\/03\/ateprosala.jpeg",880,493,false],"covernews-slider-center":["https:\/\/infoecos.com.ar\/wp-content\/uploads\/2021\/03\/ateprosala.jpeg",800,448,false],"covernews-featured":["https:\/\/infoecos.com.ar\/wp-content\/uploads\/2021\/03\/ateprosala.jpeg",880,493,false],"covernews-medium":["https:\/\/infoecos.com.ar\/wp-content\/uploads\/2021\/03\/ateprosala-720x380.jpeg",540,285,true],"covernews-medium-square":["https:\/\/infoecos.com.ar\/wp-content\/uploads\/2021\/03\/ateprosala-675x450.jpeg",375,250,true]},"author_info":{"info":["Jorge Matheus"]},"category_info":"<a href=\"https:\/\/infoecos.com.ar\/index.php\/category\/inferior11\/\" rel=\"category tag\">Bloque inferior - 11<\/a>","tag_info":"Bloque inferior - 11","comment_count":"0","_links":{"self":[{"href":"https:\/\/infoecos.com.ar\/index.php\/wp-json\/wp\/v2\/posts\/75936","targetHints":{"allow":["GET"]}}],"collection":[{"href":"https:\/\/infoecos.com.ar\/index.php\/wp-json\/wp\/v2\/posts"}],"about":[{"href":"https:\/\/infoecos.com.ar\/index.php\/wp-json\/wp\/v2\/types\/post"}],"author":[{"embeddable":true,"href":"https:\/\/infoecos.com.ar\/index.php\/wp-json\/wp\/v2\/users\/2"}],"replies":[{"embeddable":true,"href":"https:\/\/infoecos.com.ar\/index.php\/wp-json\/wp\/v2\/comments?post=75936"}],"version-history":[{"count":2,"href":"https:\/\/infoecos.com.ar\/index.php\/wp-json\/wp\/v2\/posts\/75936\/revisions"}],"predecessor-version":[{"id":76061,"href":"https:\/\/infoecos.com.ar\/index.php\/wp-json\/wp\/v2\/posts\/75936\/revisions\/76061"}],"wp:featuredmedia":[{"embeddable":true,"href":"https:\/\/infoecos.com.ar\/index.php\/wp-json\/wp\/v2\/media\/75937"}],"wp:attachment":[{"href":"https:\/\/infoecos.com.ar\/index.php\/wp-json\/wp\/v2\/media?parent=75936"}],"wp:term":[{"taxonomy":"category","embeddable":true,"href":"https:\/\/infoecos.com.ar\/index.php\/wp-json\/wp\/v2\/categories?post=75936"},{"taxonomy":"post_tag","embeddable":true,"href":"https:\/\/infoecos.com.ar\/index.php\/wp-json\/wp\/v2\/tags?post=75936"}],"curies":[{"name":"wp","href":"https:\/\/api.w.org\/{rel}","templated":true}]}}