{"id":75943,"date":"2021-03-12T19:37:16","date_gmt":"2021-03-12T22:37:16","guid":{"rendered":"http:\/\/infoecos.com.ar\/?p=75943"},"modified":"2021-03-12T19:37:20","modified_gmt":"2021-03-12T22:37:20","slug":"ypf-comunico-un-nuevo-aumento-en-los-combustibles-del-231-por-ciento","status":"publish","type":"post","link":"https:\/\/infoecos.com.ar\/index.php\/ypf-comunico-un-nuevo-aumento-en-los-combustibles-del-231-por-ciento\/","title":{"rendered":"YPF comunic\u00f3 un nuevo aumento en los combustibles del 23,1 por ciento"},"content":{"rendered":"\n<p class=\"wp-block-paragraph\">YPF adelant\u00f3 que realizar\u00e1 varios aumentos al combustible&nbsp;en los pr\u00f3ximos tres meses. La suba ser\u00e1 del 15% en 90 d\u00edas y va en l\u00ednea con los aumentos impositivos, el precio internacional del barril y la inflaci\u00f3n. Tambi\u00e9n se sumar\u00e1n los aumentos de impuestos que se vayan aplicando.<\/p>\n\n\n\n<div class=\"wp-block-image\"><figure class=\"aligncenter size-medium\"><img loading=\"lazy\" decoding=\"async\" width=\"460\" height=\"305\" src=\"http:\/\/infoecos.com.ar\/wp-content\/uploads\/2020\/08\/surtidores-460x305.jpg\" alt=\"\" class=\"wp-image-66209\" srcset=\"https:\/\/infoecos.com.ar\/wp-content\/uploads\/2020\/08\/surtidores-460x305.jpg 460w, https:\/\/infoecos.com.ar\/wp-content\/uploads\/2020\/08\/surtidores-920x611.jpg 920w, https:\/\/infoecos.com.ar\/wp-content\/uploads\/2020\/08\/surtidores-768x510.jpg 768w, https:\/\/infoecos.com.ar\/wp-content\/uploads\/2020\/08\/surtidores.jpg 1024w\" sizes=\"auto, (max-width: 460px) 100vw, 460px\" \/><\/figure><\/div>\n\n\n\n<p class=\"wp-block-paragraph\">Seg\u00fan se precis\u00f3, el incremento se aplicar\u00e1 a partir de la semana pr\u00f3xima, cuando podr\u00eda anunciarse una suba cercana al 6%. El saldo restante se impondr\u00e1 entre abril y mayo. A principios de abril, en tanto, se espera una suba extra del 3%, correspondiente a una suba impositiva.<\/p>\n\n\n\n<p class=\"wp-block-paragraph\">\u00abVamos a incrementar los precios en 3 meses un 15 por ciento, m\u00e1s las subas de impuestos. Tenemos que generar y nutrirnos de fondos para desarrollar nuestro plan de negocios y las inversiones\u00bb, asegur\u00f3&nbsp;<strong>Sergio Afrontti,<\/strong>&nbsp;CEO de la petrolera, en un evento que fue transmitido de manera virtual.<\/p>\n\n\n\n<p class=\"wp-block-paragraph\">\u00abNo queremos que la gente se entere a la ma\u00f1ana de los aumentos. Queremos previsibilidad y para eso trabajamos\u00bb, agreg\u00f3 el nuevo presidente de la petrolera,&nbsp;<strong>Pablo Gonz\u00e1lez.<\/strong><\/p>\n\n\n\n<p class=\"wp-block-paragraph\">La petrolera hab\u00eda anunciado este jueves un 15% de descuento en combustibles a trabajadores de la educaci\u00f3n, en&nbsp;\u00abreconocimiento al gran trabajo que han hecho docentes y auxiliares para sostener las clases durante todo el 2020\u00bb&nbsp;pero&nbsp;desapareci\u00f3 con este nuevo aumento.&nbsp;<\/p>\n\n\n\n<p class=\"wp-block-paragraph\">El anuncio fue realizado por el presidente de YPF, Pablo Gonz\u00e1lez, y el CEO de la compa\u00f1\u00eda, Sergio Affronti, en una videoconferencia de la que participaron gobernadores de provincias petroleras, el ministro de Desarrollo Productivo,&nbsp;<strong>Matias Kulfas;&nbsp;<\/strong>y el secretario de Energ\u00eda,&nbsp;<strong>Dar\u00edo Mart\u00ednez.<\/strong><\/p>\n","protected":false},"excerpt":{"rendered":"<p>La petrolera hab\u00eda anunciado este jueves un 15% de descuento en combustibles a trabajadores de la educaci\u00f3n, pero desapareci\u00f3 con este nuevo aumento<\/p>\n","protected":false},"author":2,"featured_media":66209,"comment_status":"closed","ping_status":"open","sticky":false,"template":"","format":"standard","meta":{"footnotes":""},"categories":[50],"tags":[3279],"class_list":["post-75943","post","type-post","status-publish","format-standard","has-post-thumbnail","hentry","category-c1nota4","tag-se-aplicara-desde-la-semana-proxima"],"featured_image_urls":{"full":["https:\/\/infoecos.com.ar\/wp-content\/uploads\/2020\/08\/surtidores.jpg",1024,680,false],"thumbnail":["https:\/\/infoecos.com.ar\/wp-content\/uploads\/2020\/08\/surtidores-150x150.jpg",150,150,true],"medium":["https:\/\/infoecos.com.ar\/wp-content\/uploads\/2020\/08\/surtidores-460x305.jpg",460,305,true],"medium_large":["https:\/\/infoecos.com.ar\/wp-content\/uploads\/2020\/08\/surtidores-768x510.jpg",640,425,true],"large":["https:\/\/infoecos.com.ar\/wp-content\/uploads\/2020\/08\/surtidores-920x611.jpg",640,425,true],"1536x1536":["https:\/\/infoecos.com.ar\/wp-content\/uploads\/2020\/08\/surtidores.jpg",1024,680,false],"2048x2048":["https:\/\/infoecos.com.ar\/wp-content\/uploads\/2020\/08\/surtidores.jpg",1024,680,false],"covernews-slider-full":["https:\/\/infoecos.com.ar\/wp-content\/uploads\/2020\/08\/surtidores.jpg",1024,680,false],"covernews-slider-center":["https:\/\/infoecos.com.ar\/wp-content\/uploads\/2020\/08\/surtidores-936x680.jpg",688,500,true],"covernews-featured":["https:\/\/infoecos.com.ar\/wp-content\/uploads\/2020\/08\/surtidores.jpg",1024,680,false],"covernews-medium":["https:\/\/infoecos.com.ar\/wp-content\/uploads\/2020\/08\/surtidores-720x380.jpg",540,285,true],"covernews-medium-square":["https:\/\/infoecos.com.ar\/wp-content\/uploads\/2020\/08\/surtidores-675x450.jpg",375,250,true]},"author_info":{"info":["Jorge Matheus"]},"category_info":"<a href=\"https:\/\/infoecos.com.ar\/index.php\/category\/c1nota4\/\" rel=\"category tag\">C1 N4<\/a>","tag_info":"C1 N4","comment_count":"0","_links":{"self":[{"href":"https:\/\/infoecos.com.ar\/index.php\/wp-json\/wp\/v2\/posts\/75943","targetHints":{"allow":["GET"]}}],"collection":[{"href":"https:\/\/infoecos.com.ar\/index.php\/wp-json\/wp\/v2\/posts"}],"about":[{"href":"https:\/\/infoecos.com.ar\/index.php\/wp-json\/wp\/v2\/types\/post"}],"author":[{"embeddable":true,"href":"https:\/\/infoecos.com.ar\/index.php\/wp-json\/wp\/v2\/users\/2"}],"replies":[{"embeddable":true,"href":"https:\/\/infoecos.com.ar\/index.php\/wp-json\/wp\/v2\/comments?post=75943"}],"version-history":[{"count":1,"href":"https:\/\/infoecos.com.ar\/index.php\/wp-json\/wp\/v2\/posts\/75943\/revisions"}],"predecessor-version":[{"id":75944,"href":"https:\/\/infoecos.com.ar\/index.php\/wp-json\/wp\/v2\/posts\/75943\/revisions\/75944"}],"wp:featuredmedia":[{"embeddable":true,"href":"https:\/\/infoecos.com.ar\/index.php\/wp-json\/wp\/v2\/media\/66209"}],"wp:attachment":[{"href":"https:\/\/infoecos.com.ar\/index.php\/wp-json\/wp\/v2\/media?parent=75943"}],"wp:term":[{"taxonomy":"category","embeddable":true,"href":"https:\/\/infoecos.com.ar\/index.php\/wp-json\/wp\/v2\/categories?post=75943"},{"taxonomy":"post_tag","embeddable":true,"href":"https:\/\/infoecos.com.ar\/index.php\/wp-json\/wp\/v2\/tags?post=75943"}],"curies":[{"name":"wp","href":"https:\/\/api.w.org\/{rel}","templated":true}]}}