{"id":75968,"date":"2021-03-15T01:38:10","date_gmt":"2021-03-15T04:38:10","guid":{"rendered":"http:\/\/infoecos.com.ar\/?p=75968"},"modified":"2021-03-15T01:38:12","modified_gmt":"2021-03-15T04:38:12","slug":"kicillof-la-provincia-brindo-150-mil-nuevos-turnos-para-vacunar-a-mayores-de-70-anos-en-los-proximos-dias","status":"publish","type":"post","link":"https:\/\/infoecos.com.ar\/index.php\/kicillof-la-provincia-brindo-150-mil-nuevos-turnos-para-vacunar-a-mayores-de-70-anos-en-los-proximos-dias\/","title":{"rendered":"Kicillof: \u201cLa Provincia brind\u00f3 150 mil nuevos turnos para vacunar a mayores de 70 a\u00f1os en los pr\u00f3ximos d\u00edas\u201d"},"content":{"rendered":"\n<p class=\"wp-block-paragraph\">El gobernador Axel Kicillof expres\u00f3 este domingo que \u201cla campa\u00f1a de inmunizaci\u00f3n ya es masiva y est\u00e1 por llegar al mill\u00f3n de vecinas y vecinos que han sido vacunados en la provincia de Buenos Aires\u201d, al ser entrevistado en el programa \u201cAire de Ma\u00f1ana\u201d por CNN Radio. \u201cRecibimos un nuevo lote de vacunas Sputnik V y se emitieron 150 mil turnos m\u00e1s para mayores de 70 a\u00f1os\u201d, inform\u00f3.<\/p>\n\n\n\n<div class=\"wp-block-image\"><figure class=\"aligncenter size-medium\"><img loading=\"lazy\" decoding=\"async\" width=\"460\" height=\"306\" src=\"http:\/\/infoecos.com.ar\/wp-content\/uploads\/2021\/02\/kicillofconfprensa-460x306.jpeg\" alt=\"\" class=\"wp-image-74478\" srcset=\"https:\/\/infoecos.com.ar\/wp-content\/uploads\/2021\/02\/kicillofconfprensa-460x306.jpeg 460w, https:\/\/infoecos.com.ar\/wp-content\/uploads\/2021\/02\/kicillofconfprensa-768x511.jpeg 768w, https:\/\/infoecos.com.ar\/wp-content\/uploads\/2021\/02\/kicillofconfprensa-675x450.jpeg 675w, https:\/\/infoecos.com.ar\/wp-content\/uploads\/2021\/02\/kicillofconfprensa.jpeg 880w\" sizes=\"auto, (max-width: 460px) 100vw, 460px\" \/><\/figure><\/div>\n\n\n\n<p class=\"wp-block-paragraph\">\u201cCon la vacuna Sinopharm estamos vacunando tambi\u00e9n a menores de 60 a\u00f1os que presentan comorbilidades e integran grupos de riesgo, quienes tienen que presentar un certificado y firmar una declaraci\u00f3n jurada\u201d, se\u00f1al\u00f3 el Gobernador, en tanto que subray\u00f3 que \u201ca partir de las denuncias que recibimos por el bot\u00f3n habilitado en nuestra web, abrimos investigaciones y en caso de que se observe algo irregular, se sanciona a los responsables\u201d.<\/p>\n\n\n\n<p class=\"wp-block-paragraph\">Asimismo, Kicillof enfatiz\u00f3 que \u201cen la Provincia hemos organizado 500 postas de vacunaci\u00f3n con mucho tiempo de antelaci\u00f3n, planificando para que podamos brindar comodidades en el marco de un operativo inmenso de inmunizaci\u00f3n\u201d. \u201cEstamos aplicando m\u00e1s de 50 mil dosis diarias y tenemos la capacidad de aumentar el ritmo en cuanto lleguen m\u00e1s vacunas\u201d, a\u00f1adi\u00f3.<\/p>\n","protected":false},"excerpt":{"rendered":"<p>Expres\u00f3 este domingo que \u201cla campa\u00f1a de inmunizaci\u00f3n ya es masiva y est\u00e1 por llegar al mill\u00f3n de vecinas y vecinos que han sido vacunados en la provincia de Buenos Aires\u201d<\/p>\n","protected":false},"author":2,"featured_media":74478,"comment_status":"closed","ping_status":"open","sticky":false,"template":"","format":"standard","meta":{"footnotes":""},"categories":[198],"tags":[3285],"class_list":["post-75968","post","type-post","status-publish","format-standard","has-post-thumbnail","hentry","category-c1nota5","tag-declaraciones-del-gobernador"],"featured_image_urls":{"full":["https:\/\/infoecos.com.ar\/wp-content\/uploads\/2021\/02\/kicillofconfprensa.jpeg",880,586,false],"thumbnail":["https:\/\/infoecos.com.ar\/wp-content\/uploads\/2021\/02\/kicillofconfprensa-150x150.jpeg",150,150,true],"medium":["https:\/\/infoecos.com.ar\/wp-content\/uploads\/2021\/02\/kicillofconfprensa-460x306.jpeg",460,306,true],"medium_large":["https:\/\/infoecos.com.ar\/wp-content\/uploads\/2021\/02\/kicillofconfprensa-768x511.jpeg",640,426,true],"large":["https:\/\/infoecos.com.ar\/wp-content\/uploads\/2021\/02\/kicillofconfprensa.jpeg",640,426,false],"1536x1536":["https:\/\/infoecos.com.ar\/wp-content\/uploads\/2021\/02\/kicillofconfprensa.jpeg",880,586,false],"2048x2048":["https:\/\/infoecos.com.ar\/wp-content\/uploads\/2021\/02\/kicillofconfprensa.jpeg",880,586,false],"covernews-slider-full":["https:\/\/infoecos.com.ar\/wp-content\/uploads\/2021\/02\/kicillofconfprensa.jpeg",880,586,false],"covernews-slider-center":["https:\/\/infoecos.com.ar\/wp-content\/uploads\/2021\/02\/kicillofconfprensa.jpeg",751,500,false],"covernews-featured":["https:\/\/infoecos.com.ar\/wp-content\/uploads\/2021\/02\/kicillofconfprensa.jpeg",880,586,false],"covernews-medium":["https:\/\/infoecos.com.ar\/wp-content\/uploads\/2021\/02\/kicillofconfprensa-720x380.jpeg",540,285,true],"covernews-medium-square":["https:\/\/infoecos.com.ar\/wp-content\/uploads\/2021\/02\/kicillofconfprensa-675x450.jpeg",375,250,true]},"author_info":{"info":["Jorge Matheus"]},"category_info":"<a href=\"https:\/\/infoecos.com.ar\/index.php\/category\/c1nota5\/\" rel=\"category tag\">C1 nota 5<\/a>","tag_info":"C1 nota 5","comment_count":"0","_links":{"self":[{"href":"https:\/\/infoecos.com.ar\/index.php\/wp-json\/wp\/v2\/posts\/75968","targetHints":{"allow":["GET"]}}],"collection":[{"href":"https:\/\/infoecos.com.ar\/index.php\/wp-json\/wp\/v2\/posts"}],"about":[{"href":"https:\/\/infoecos.com.ar\/index.php\/wp-json\/wp\/v2\/types\/post"}],"author":[{"embeddable":true,"href":"https:\/\/infoecos.com.ar\/index.php\/wp-json\/wp\/v2\/users\/2"}],"replies":[{"embeddable":true,"href":"https:\/\/infoecos.com.ar\/index.php\/wp-json\/wp\/v2\/comments?post=75968"}],"version-history":[{"count":1,"href":"https:\/\/infoecos.com.ar\/index.php\/wp-json\/wp\/v2\/posts\/75968\/revisions"}],"predecessor-version":[{"id":75969,"href":"https:\/\/infoecos.com.ar\/index.php\/wp-json\/wp\/v2\/posts\/75968\/revisions\/75969"}],"wp:featuredmedia":[{"embeddable":true,"href":"https:\/\/infoecos.com.ar\/index.php\/wp-json\/wp\/v2\/media\/74478"}],"wp:attachment":[{"href":"https:\/\/infoecos.com.ar\/index.php\/wp-json\/wp\/v2\/media?parent=75968"}],"wp:term":[{"taxonomy":"category","embeddable":true,"href":"https:\/\/infoecos.com.ar\/index.php\/wp-json\/wp\/v2\/categories?post=75968"},{"taxonomy":"post_tag","embeddable":true,"href":"https:\/\/infoecos.com.ar\/index.php\/wp-json\/wp\/v2\/tags?post=75968"}],"curies":[{"name":"wp","href":"https:\/\/api.w.org\/{rel}","templated":true}]}}