{"id":75978,"date":"2021-03-15T02:31:34","date_gmt":"2021-03-15T05:31:34","guid":{"rendered":"http:\/\/infoecos.com.ar\/?p=75978"},"modified":"2021-03-15T02:32:20","modified_gmt":"2021-03-15T05:32:20","slug":"veinticuatro-muertes-fueron-reportadas-este-domingo-en-todo-el-pais-y-3-697-nuevos-pacientes-con-coronavirus","status":"publish","type":"post","link":"https:\/\/infoecos.com.ar\/index.php\/veinticuatro-muertes-fueron-reportadas-este-domingo-en-todo-el-pais-y-3-697-nuevos-pacientes-con-coronavirus\/","title":{"rendered":"Veinticuatro muertes fueron reportadas este domingo en todo el pa\u00eds y 3.697 nuevos pacientes con coronavirus"},"content":{"rendered":"\n<p class=\"wp-block-paragraph\">Veinticuatro muertes&nbsp;fueron reportadas este domingo en todo el pa\u00eds y&nbsp;3.697 nuevos pacientes con coronavirus&nbsp;se confirmaron, por lo que suman&nbsp;2.195.722 los contagiados&nbsp;desde el inicio del brote y&nbsp;53.670 las v\u00edctimas fatales, seg\u00fan inform\u00f3 el Ministerio de Salud de la Naci\u00f3n.<\/p>\n\n\n\n<div class=\"wp-block-image\"><figure class=\"aligncenter size-medium\"><img loading=\"lazy\" decoding=\"async\" width=\"460\" height=\"258\" src=\"http:\/\/infoecos.com.ar\/wp-content\/uploads\/2021\/02\/coronavirustelam-460x258.jpg\" alt=\"\" class=\"wp-image-74696\" srcset=\"https:\/\/infoecos.com.ar\/wp-content\/uploads\/2021\/02\/coronavirustelam-460x258.jpg 460w, https:\/\/infoecos.com.ar\/wp-content\/uploads\/2021\/02\/coronavirustelam-920x517.jpg 920w, https:\/\/infoecos.com.ar\/wp-content\/uploads\/2021\/02\/coronavirustelam-768x431.jpg 768w, https:\/\/infoecos.com.ar\/wp-content\/uploads\/2021\/02\/coronavirustelam.jpg 1004w\" sizes=\"auto, (max-width: 460px) 100vw, 460px\" \/><\/figure><\/div>\n\n\n\n<p class=\"wp-block-paragraph\">La cartera sanitaria indic\u00f3 que de acuerdo al \u00faltimo reporte del total de casos,&nbsp;1.986.903 son pacientes recuperados,&nbsp;155.149 permanec\u00edan activos&nbsp;mientras que los testeos realizados durante el d\u00eda fueron&nbsp;26.221&nbsp;y los totales efectuados,&nbsp;7.998.673.<\/p>\n","protected":false},"excerpt":{"rendered":"<p>Suman 2.195.722 los contagiados desde el inicio del brote y 53.670 las v\u00edctimas fatales, seg\u00fan inform\u00f3 el Ministerio de Salud de la Naci\u00f3n<\/p>\n","protected":false},"author":2,"featured_media":74696,"comment_status":"closed","ping_status":"open","sticky":false,"template":"","format":"standard","meta":{"footnotes":""},"categories":[198],"tags":[156],"class_list":["post-75978","post","type-post","status-publish","format-standard","has-post-thumbnail","hentry","category-c1nota5","tag-salud"],"featured_image_urls":{"full":["https:\/\/infoecos.com.ar\/wp-content\/uploads\/2021\/02\/coronavirustelam.jpg",1004,564,false],"thumbnail":["https:\/\/infoecos.com.ar\/wp-content\/uploads\/2021\/02\/coronavirustelam-150x150.jpg",150,150,true],"medium":["https:\/\/infoecos.com.ar\/wp-content\/uploads\/2021\/02\/coronavirustelam-460x258.jpg",460,258,true],"medium_large":["https:\/\/infoecos.com.ar\/wp-content\/uploads\/2021\/02\/coronavirustelam-768x431.jpg",640,359,true],"large":["https:\/\/infoecos.com.ar\/wp-content\/uploads\/2021\/02\/coronavirustelam-920x517.jpg",640,360,true],"1536x1536":["https:\/\/infoecos.com.ar\/wp-content\/uploads\/2021\/02\/coronavirustelam.jpg",1004,564,false],"2048x2048":["https:\/\/infoecos.com.ar\/wp-content\/uploads\/2021\/02\/coronavirustelam.jpg",1004,564,false],"covernews-slider-full":["https:\/\/infoecos.com.ar\/wp-content\/uploads\/2021\/02\/coronavirustelam.jpg",1004,564,false],"covernews-slider-center":["https:\/\/infoecos.com.ar\/wp-content\/uploads\/2021\/02\/coronavirustelam-936x564.jpg",800,482,true],"covernews-featured":["https:\/\/infoecos.com.ar\/wp-content\/uploads\/2021\/02\/coronavirustelam.jpg",1004,564,false],"covernews-medium":["https:\/\/infoecos.com.ar\/wp-content\/uploads\/2021\/02\/coronavirustelam-720x380.jpg",540,285,true],"covernews-medium-square":["https:\/\/infoecos.com.ar\/wp-content\/uploads\/2021\/02\/coronavirustelam-675x450.jpg",375,250,true]},"author_info":{"info":["Jorge Matheus"]},"category_info":"<a href=\"https:\/\/infoecos.com.ar\/index.php\/category\/c1nota5\/\" rel=\"category tag\">C1 nota 5<\/a>","tag_info":"C1 nota 5","comment_count":"0","_links":{"self":[{"href":"https:\/\/infoecos.com.ar\/index.php\/wp-json\/wp\/v2\/posts\/75978","targetHints":{"allow":["GET"]}}],"collection":[{"href":"https:\/\/infoecos.com.ar\/index.php\/wp-json\/wp\/v2\/posts"}],"about":[{"href":"https:\/\/infoecos.com.ar\/index.php\/wp-json\/wp\/v2\/types\/post"}],"author":[{"embeddable":true,"href":"https:\/\/infoecos.com.ar\/index.php\/wp-json\/wp\/v2\/users\/2"}],"replies":[{"embeddable":true,"href":"https:\/\/infoecos.com.ar\/index.php\/wp-json\/wp\/v2\/comments?post=75978"}],"version-history":[{"count":1,"href":"https:\/\/infoecos.com.ar\/index.php\/wp-json\/wp\/v2\/posts\/75978\/revisions"}],"predecessor-version":[{"id":75979,"href":"https:\/\/infoecos.com.ar\/index.php\/wp-json\/wp\/v2\/posts\/75978\/revisions\/75979"}],"wp:featuredmedia":[{"embeddable":true,"href":"https:\/\/infoecos.com.ar\/index.php\/wp-json\/wp\/v2\/media\/74696"}],"wp:attachment":[{"href":"https:\/\/infoecos.com.ar\/index.php\/wp-json\/wp\/v2\/media?parent=75978"}],"wp:term":[{"taxonomy":"category","embeddable":true,"href":"https:\/\/infoecos.com.ar\/index.php\/wp-json\/wp\/v2\/categories?post=75978"},{"taxonomy":"post_tag","embeddable":true,"href":"https:\/\/infoecos.com.ar\/index.php\/wp-json\/wp\/v2\/tags?post=75978"}],"curies":[{"name":"wp","href":"https:\/\/api.w.org\/{rel}","templated":true}]}}