{"id":75987,"date":"2021-03-15T03:06:50","date_gmt":"2021-03-15T06:06:50","guid":{"rendered":"http:\/\/infoecos.com.ar\/?p=75987"},"modified":"2021-03-16T02:13:32","modified_gmt":"2021-03-16T05:13:32","slug":"despues-de-12-anos-fedecoba-se-reunio-en-bolivar","status":"publish","type":"post","link":"https:\/\/infoecos.com.ar\/index.php\/despues-de-12-anos-fedecoba-se-reunio-en-bolivar\/","title":{"rendered":"Despu\u00e9s de 12 a\u00f1os FEDECOBA se reuni\u00f3 en Bol\u00edvar"},"content":{"rendered":"\n<p class=\"wp-block-paragraph\">Se reuni\u00f3 en Bol\u00edvar la Federaci\u00f3n de Cooperativas El\u00e9ctricas de la provincia de Buenos Aires (FEDECOBA). <\/p>\n\n\n\n<div class=\"wp-block-image\"><figure class=\"aligncenter size-medium\"><img loading=\"lazy\" decoding=\"async\" width=\"460\" height=\"345\" src=\"http:\/\/infoecos.com.ar\/wp-content\/uploads\/2021\/03\/fedecobaenbolivar-460x345.jpg\" alt=\"\" class=\"wp-image-75988\" srcset=\"https:\/\/infoecos.com.ar\/wp-content\/uploads\/2021\/03\/fedecobaenbolivar-460x345.jpg 460w, https:\/\/infoecos.com.ar\/wp-content\/uploads\/2021\/03\/fedecobaenbolivar-920x689.jpg 920w, https:\/\/infoecos.com.ar\/wp-content\/uploads\/2021\/03\/fedecobaenbolivar-768x575.jpg 768w, https:\/\/infoecos.com.ar\/wp-content\/uploads\/2021\/03\/fedecobaenbolivar.jpg 1024w\" sizes=\"auto, (max-width: 460px) 100vw, 460px\" \/><\/figure><\/div>\n\n\n\n<p class=\"wp-block-paragraph\">Encabezados por el presidente de la entidad, Ariel Guarco, visitaron el centro de salud de la cooperativa bolivarense, denominado CoopeMed. <\/p>\n\n\n\n<p class=\"wp-block-paragraph\">El tambi\u00e9n presidente de la Alianza Ccoperativa Internacional se mostr\u00f3 sorprendido y muy contento por la envergadura del proyecto y su resultado final.<\/p>\n\n\n\n<p class=\"wp-block-paragraph\">\u201cSaber que una de nuestras Cooperativas se anima a afrontar un desaf\u00edo como este, y que su resultado es el que ahora estamos viendo, nos llena de orgullo y sin dudas marca un camino a seguir para dem\u00e1s instituciones como esta\u201d se\u00f1al\u00f3 Ariel Guarco.&nbsp;<\/p>\n\n\n\n<p class=\"wp-block-paragraph\">\u00abCada vez que vengo encuentro una Cooperativa con m\u00e1s empuje, consustanciada con la comunidad, atenta a las problem\u00e1ticas y con un equipo joven con much\u00edsima energ\u00eda y mucho para dar\u00bb, se\u00f1al\u00f3 Guarco en declaraciones period\u00edsticas<\/p>\n\n\n\n<p class=\"wp-block-paragraph\">Defini\u00f3 el establecimiento como muy activo y participativo dentro de la Federaci\u00f3n que, al d\u00eda de hoy, cobija a m\u00e1s de 150 Instituciones.<\/p>\n","protected":false},"excerpt":{"rendered":"<p>Encabezados por el presidente de la entidad, Ariel Guarco, visitaron el centro de salud de la cooperativa bolivarense, denominado CoopeMed<\/p>\n","protected":false},"author":2,"featured_media":75988,"comment_status":"closed","ping_status":"open","sticky":false,"template":"","format":"standard","meta":{"footnotes":""},"categories":[41],"tags":[3290],"class_list":["post-75987","post","type-post","status-publish","format-standard","has-post-thumbnail","hentry","category-inferior2","tag-jueves-y-viernes-pasado"],"featured_image_urls":{"full":["https:\/\/infoecos.com.ar\/wp-content\/uploads\/2021\/03\/fedecobaenbolivar.jpg",1024,767,false],"thumbnail":["https:\/\/infoecos.com.ar\/wp-content\/uploads\/2021\/03\/fedecobaenbolivar-150x150.jpg",150,150,true],"medium":["https:\/\/infoecos.com.ar\/wp-content\/uploads\/2021\/03\/fedecobaenbolivar-460x345.jpg",460,345,true],"medium_large":["https:\/\/infoecos.com.ar\/wp-content\/uploads\/2021\/03\/fedecobaenbolivar-768x575.jpg",640,479,true],"large":["https:\/\/infoecos.com.ar\/wp-content\/uploads\/2021\/03\/fedecobaenbolivar-920x689.jpg",640,479,true],"1536x1536":["https:\/\/infoecos.com.ar\/wp-content\/uploads\/2021\/03\/fedecobaenbolivar.jpg",1024,767,false],"2048x2048":["https:\/\/infoecos.com.ar\/wp-content\/uploads\/2021\/03\/fedecobaenbolivar.jpg",1024,767,false],"covernews-slider-full":["https:\/\/infoecos.com.ar\/wp-content\/uploads\/2021\/03\/fedecobaenbolivar.jpg",955,715,false],"covernews-slider-center":["https:\/\/infoecos.com.ar\/wp-content\/uploads\/2021\/03\/fedecobaenbolivar-936x767.jpg",610,500,true],"covernews-featured":["https:\/\/infoecos.com.ar\/wp-content\/uploads\/2021\/03\/fedecobaenbolivar.jpg",1024,767,false],"covernews-medium":["https:\/\/infoecos.com.ar\/wp-content\/uploads\/2021\/03\/fedecobaenbolivar-720x380.jpg",540,285,true],"covernews-medium-square":["https:\/\/infoecos.com.ar\/wp-content\/uploads\/2021\/03\/fedecobaenbolivar-675x450.jpg",375,250,true]},"author_info":{"info":["Jorge Matheus"]},"category_info":"<a href=\"https:\/\/infoecos.com.ar\/index.php\/category\/inferior2\/\" rel=\"category tag\">Bloque inferior - 2<\/a>","tag_info":"Bloque inferior - 2","comment_count":"0","_links":{"self":[{"href":"https:\/\/infoecos.com.ar\/index.php\/wp-json\/wp\/v2\/posts\/75987","targetHints":{"allow":["GET"]}}],"collection":[{"href":"https:\/\/infoecos.com.ar\/index.php\/wp-json\/wp\/v2\/posts"}],"about":[{"href":"https:\/\/infoecos.com.ar\/index.php\/wp-json\/wp\/v2\/types\/post"}],"author":[{"embeddable":true,"href":"https:\/\/infoecos.com.ar\/index.php\/wp-json\/wp\/v2\/users\/2"}],"replies":[{"embeddable":true,"href":"https:\/\/infoecos.com.ar\/index.php\/wp-json\/wp\/v2\/comments?post=75987"}],"version-history":[{"count":1,"href":"https:\/\/infoecos.com.ar\/index.php\/wp-json\/wp\/v2\/posts\/75987\/revisions"}],"predecessor-version":[{"id":75989,"href":"https:\/\/infoecos.com.ar\/index.php\/wp-json\/wp\/v2\/posts\/75987\/revisions\/75989"}],"wp:featuredmedia":[{"embeddable":true,"href":"https:\/\/infoecos.com.ar\/index.php\/wp-json\/wp\/v2\/media\/75988"}],"wp:attachment":[{"href":"https:\/\/infoecos.com.ar\/index.php\/wp-json\/wp\/v2\/media?parent=75987"}],"wp:term":[{"taxonomy":"category","embeddable":true,"href":"https:\/\/infoecos.com.ar\/index.php\/wp-json\/wp\/v2\/categories?post=75987"},{"taxonomy":"post_tag","embeddable":true,"href":"https:\/\/infoecos.com.ar\/index.php\/wp-json\/wp\/v2\/tags?post=75987"}],"curies":[{"name":"wp","href":"https:\/\/api.w.org\/{rel}","templated":true}]}}