{"id":75990,"date":"2021-03-15T03:18:11","date_gmt":"2021-03-15T06:18:11","guid":{"rendered":"http:\/\/infoecos.com.ar\/?p=75990"},"modified":"2021-03-16T02:12:57","modified_gmt":"2021-03-16T05:12:57","slug":"semana-de-visitas-kicillof-en-30-de-agosto-el-jueves-y-teresa-garcia-entregara-escrituras-el-viernes","status":"publish","type":"post","link":"https:\/\/infoecos.com.ar\/index.php\/semana-de-visitas-kicillof-en-30-de-agosto-el-jueves-y-teresa-garcia-entregara-escrituras-el-viernes\/","title":{"rendered":"Semana de visitas: Kicillof en 30 de Agosto, el jueves y Teresa Garc\u00eda entregar\u00e1 escrituras el viernes"},"content":{"rendered":"\n<p class=\"wp-block-paragraph\">Ser\u00e1 intensa en t\u00e9rminos pol\u00edticos esta semana en el distrito de Trenque Lauquen.<\/p>\n\n\n\n<div class=\"wp-block-image\"><figure class=\"aligncenter size-medium\"><img loading=\"lazy\" decoding=\"async\" width=\"460\" height=\"307\" src=\"http:\/\/infoecos.com.ar\/wp-content\/uploads\/2021\/03\/AB8374_2-460x307.jpg\" alt=\"\" class=\"wp-image-75140\" srcset=\"https:\/\/infoecos.com.ar\/wp-content\/uploads\/2021\/03\/AB8374_2-460x307.jpg 460w, https:\/\/infoecos.com.ar\/wp-content\/uploads\/2021\/03\/AB8374_2-920x613.jpg 920w, https:\/\/infoecos.com.ar\/wp-content\/uploads\/2021\/03\/AB8374_2-768x512.jpg 768w, https:\/\/infoecos.com.ar\/wp-content\/uploads\/2021\/03\/AB8374_2-1536x1024.jpg 1536w, https:\/\/infoecos.com.ar\/wp-content\/uploads\/2021\/03\/AB8374_2-2048x1365.jpg 2048w, https:\/\/infoecos.com.ar\/wp-content\/uploads\/2021\/03\/AB8374_2-1024x682.jpg 1024w, https:\/\/infoecos.com.ar\/wp-content\/uploads\/2021\/03\/AB8374_2-675x450.jpg 675w\" sizes=\"auto, (max-width: 460px) 100vw, 460px\" \/><\/figure><\/div>\n\n\n\n<p class=\"wp-block-paragraph\">El jueves visitar\u00e1 30 de Agosto, el gobernador de la provincia de Buenos Aires, Axel Kicillof, acompa\u00f1ado por el ministro de Infraestructura, Pablo Simone. Tambi\u00e9n integrar\u00eda la comitiva el jefe de Gabinete, Carlos Bianco.<\/p>\n\n\n\n<p class=\"wp-block-paragraph\">En horas de la tarde de ese d\u00eda tambi\u00e9n llegar al distrito, la ministra de Gobierno, Teresa Garc\u00eda.<\/p>\n\n\n\n<p class=\"wp-block-paragraph\">En el caso del gobernador inaugurar\u00e1 11 viviendas construidas con fondos de la provincia en terrenos propiedad y administrados por AMOC. Terminado ese acto se trasladar\u00e1 a Pehuaj\u00f3. <\/p>\n\n\n\n<p class=\"wp-block-paragraph\">La titular de gobierno llegar\u00e1 el jueves, mantendr\u00e1 una reuni\u00f3n de car\u00e1cter pol\u00edtico. Es posible mantenga alguna actividad institucional. El viernes compartir\u00e1 un desayuno con el intendente y luego participar\u00e1 de la entrega de 129 escrituras de viviendas.<\/p>\n","protected":false},"excerpt":{"rendered":"<p>En horas de la tarde de ese d\u00eda tambi\u00e9n llegar al distrito, la ministra de Gobierno, Teresa Garc\u00eda<\/p>\n","protected":false},"author":2,"featured_media":75140,"comment_status":"closed","ping_status":"open","sticky":false,"template":"","format":"standard","meta":{"footnotes":""},"categories":[40],"tags":[3292],"class_list":["post-75990","post","type-post","status-publish","format-standard","has-post-thumbnail","hentry","category-inferior1","tag-el-gobernador-inaugurara-viviendas"],"featured_image_urls":{"full":["https:\/\/infoecos.com.ar\/wp-content\/uploads\/2021\/03\/AB8374_2-scaled.jpg",2560,1706,false],"thumbnail":["https:\/\/infoecos.com.ar\/wp-content\/uploads\/2021\/03\/AB8374_2-150x150.jpg",150,150,true],"medium":["https:\/\/infoecos.com.ar\/wp-content\/uploads\/2021\/03\/AB8374_2-460x307.jpg",460,307,true],"medium_large":["https:\/\/infoecos.com.ar\/wp-content\/uploads\/2021\/03\/AB8374_2-768x512.jpg",640,427,true],"large":["https:\/\/infoecos.com.ar\/wp-content\/uploads\/2021\/03\/AB8374_2-920x613.jpg",640,426,true],"1536x1536":["https:\/\/infoecos.com.ar\/wp-content\/uploads\/2021\/03\/AB8374_2-1536x1024.jpg",1536,1024,true],"2048x2048":["https:\/\/infoecos.com.ar\/wp-content\/uploads\/2021\/03\/AB8374_2-2048x1365.jpg",2048,1365,true],"covernews-slider-full":["https:\/\/infoecos.com.ar\/wp-content\/uploads\/2021\/03\/AB8374_2-1536x1020.jpg",1077,715,true],"covernews-slider-center":["https:\/\/infoecos.com.ar\/wp-content\/uploads\/2021\/03\/AB8374_2-936x897.jpg",522,500,true],"covernews-featured":["https:\/\/infoecos.com.ar\/wp-content\/uploads\/2021\/03\/AB8374_2-1024x682.jpg",1024,682,true],"covernews-medium":["https:\/\/infoecos.com.ar\/wp-content\/uploads\/2021\/03\/AB8374_2-720x380.jpg",540,285,true],"covernews-medium-square":["https:\/\/infoecos.com.ar\/wp-content\/uploads\/2021\/03\/AB8374_2-675x450.jpg",375,250,true]},"author_info":{"info":["Jorge Matheus"]},"category_info":"<a href=\"https:\/\/infoecos.com.ar\/index.php\/category\/inferior1\/\" rel=\"category tag\">Bloque inferior - 1<\/a>","tag_info":"Bloque inferior - 1","comment_count":"0","_links":{"self":[{"href":"https:\/\/infoecos.com.ar\/index.php\/wp-json\/wp\/v2\/posts\/75990","targetHints":{"allow":["GET"]}}],"collection":[{"href":"https:\/\/infoecos.com.ar\/index.php\/wp-json\/wp\/v2\/posts"}],"about":[{"href":"https:\/\/infoecos.com.ar\/index.php\/wp-json\/wp\/v2\/types\/post"}],"author":[{"embeddable":true,"href":"https:\/\/infoecos.com.ar\/index.php\/wp-json\/wp\/v2\/users\/2"}],"replies":[{"embeddable":true,"href":"https:\/\/infoecos.com.ar\/index.php\/wp-json\/wp\/v2\/comments?post=75990"}],"version-history":[{"count":1,"href":"https:\/\/infoecos.com.ar\/index.php\/wp-json\/wp\/v2\/posts\/75990\/revisions"}],"predecessor-version":[{"id":75991,"href":"https:\/\/infoecos.com.ar\/index.php\/wp-json\/wp\/v2\/posts\/75990\/revisions\/75991"}],"wp:featuredmedia":[{"embeddable":true,"href":"https:\/\/infoecos.com.ar\/index.php\/wp-json\/wp\/v2\/media\/75140"}],"wp:attachment":[{"href":"https:\/\/infoecos.com.ar\/index.php\/wp-json\/wp\/v2\/media?parent=75990"}],"wp:term":[{"taxonomy":"category","embeddable":true,"href":"https:\/\/infoecos.com.ar\/index.php\/wp-json\/wp\/v2\/categories?post=75990"},{"taxonomy":"post_tag","embeddable":true,"href":"https:\/\/infoecos.com.ar\/index.php\/wp-json\/wp\/v2\/tags?post=75990"}],"curies":[{"name":"wp","href":"https:\/\/api.w.org\/{rel}","templated":true}]}}