{"id":75998,"date":"2021-03-15T19:36:48","date_gmt":"2021-03-15T22:36:48","guid":{"rendered":"http:\/\/infoecos.com.ar\/?p=75998"},"modified":"2021-03-17T03:34:34","modified_gmt":"2021-03-17T06:34:34","slug":"el-senado-de-la-provincia-tendra-su-primera-sesion-del-ano-el-proximo-martes-23","status":"publish","type":"post","link":"https:\/\/infoecos.com.ar\/index.php\/el-senado-de-la-provincia-tendra-su-primera-sesion-del-ano-el-proximo-martes-23\/","title":{"rendered":"El Senado de la provincia tendr\u00e1 su primera sesi\u00f3n del a\u00f1o, el pr\u00f3ximo martes 23"},"content":{"rendered":"\n<p class=\"wp-block-paragraph\">La primera sesi\u00f3n del a\u00f1o de la C\u00e1mara de Senadores de la provincia de Buenos Aires se realizar\u00e1 el pr\u00f3ximo martes 23 de marzo.<\/p>\n\n\n\n<p class=\"wp-block-paragraph\">Ser\u00e1 para conmemorar el&nbsp;D\u00eda Nacional de la Memoria por la Verdad y la Justicia. <\/p>\n\n\n\n<div class=\"wp-block-image\"><figure class=\"aligncenter size-medium\"><img decoding=\"async\" src=\"http:\/\/infoecos.com.ar\/wp-content\/uploads\/20191226160245_senadores-bonaerenses-460x258.jpg\" alt=\"\" class=\"wp-image-56995\"\/><figcaption>C\u00e1mara de Senadores provincia de Buenos Aires<\/figcaption><\/figure><\/div>\n\n\n\n<p class=\"wp-block-paragraph\">El acuerdo entre el Frente de Todos y Juntos por el Cambio contempl\u00f3 que en principio la sesi\u00f3n comience a las 12.00 horas y haya seis oradores en total, tres de cada bloque pol\u00edtico.<\/p>\n\n\n\n<p class=\"wp-block-paragraph\">No se pondr\u00e1 a consideraci\u00f3n&nbsp;un temario que incluya proyectos de ley. &nbsp;<\/p>\n","protected":false},"excerpt":{"rendered":"<p>Ser\u00e1 para conmemorar el D\u00eda Nacional de la Memoria por la Verdad y la Justicia<\/p>\n","protected":false},"author":2,"featured_media":56995,"comment_status":"closed","ping_status":"open","sticky":false,"template":"","format":"standard","meta":{"footnotes":""},"categories":[1333],"tags":[3294],"class_list":["post-75998","post","type-post","status-publish","format-standard","has-post-thumbnail","hentry","category-inferior13","tag-un-solo-tema"],"featured_image_urls":{"full":"","thumbnail":"","medium":"","medium_large":"","large":"","1536x1536":"","2048x2048":"","covernews-slider-full":"","covernews-slider-center":"","covernews-featured":"","covernews-medium":"","covernews-medium-square":""},"author_info":{"info":["Jorge Matheus"]},"category_info":"<a href=\"https:\/\/infoecos.com.ar\/index.php\/category\/inferior13\/\" rel=\"category tag\">Bloque inferior - 13<\/a>","tag_info":"Bloque inferior - 13","comment_count":"0","_links":{"self":[{"href":"https:\/\/infoecos.com.ar\/index.php\/wp-json\/wp\/v2\/posts\/75998","targetHints":{"allow":["GET"]}}],"collection":[{"href":"https:\/\/infoecos.com.ar\/index.php\/wp-json\/wp\/v2\/posts"}],"about":[{"href":"https:\/\/infoecos.com.ar\/index.php\/wp-json\/wp\/v2\/types\/post"}],"author":[{"embeddable":true,"href":"https:\/\/infoecos.com.ar\/index.php\/wp-json\/wp\/v2\/users\/2"}],"replies":[{"embeddable":true,"href":"https:\/\/infoecos.com.ar\/index.php\/wp-json\/wp\/v2\/comments?post=75998"}],"version-history":[{"count":2,"href":"https:\/\/infoecos.com.ar\/index.php\/wp-json\/wp\/v2\/posts\/75998\/revisions"}],"predecessor-version":[{"id":76146,"href":"https:\/\/infoecos.com.ar\/index.php\/wp-json\/wp\/v2\/posts\/75998\/revisions\/76146"}],"wp:attachment":[{"href":"https:\/\/infoecos.com.ar\/index.php\/wp-json\/wp\/v2\/media?parent=75998"}],"wp:term":[{"taxonomy":"category","embeddable":true,"href":"https:\/\/infoecos.com.ar\/index.php\/wp-json\/wp\/v2\/categories?post=75998"},{"taxonomy":"post_tag","embeddable":true,"href":"https:\/\/infoecos.com.ar\/index.php\/wp-json\/wp\/v2\/tags?post=75998"}],"curies":[{"name":"wp","href":"https:\/\/api.w.org\/{rel}","templated":true}]}}