{"id":76002,"date":"2021-03-15T20:02:29","date_gmt":"2021-03-15T23:02:29","guid":{"rendered":"http:\/\/infoecos.com.ar\/?p=76002"},"modified":"2021-03-17T03:33:33","modified_gmt":"2021-03-17T06:33:33","slug":"kicillof-se-reunio-con-representantes-de-la-industria-de-la-provincia-de-buenos-aires","status":"publish","type":"post","link":"https:\/\/infoecos.com.ar\/index.php\/kicillof-se-reunio-con-representantes-de-la-industria-de-la-provincia-de-buenos-aires\/","title":{"rendered":"Kicillof se reuni\u00f3 con representantes de la industria de la provincia de Buenos Aires"},"content":{"rendered":"\n<p class=\"wp-block-paragraph\">El gobernador&nbsp;Axel Kicillof&nbsp;recibi\u00f3 este lunes junto al ministro de Producci\u00f3n, Ciencia e Innovaci\u00f3n Tecnol\u00f3gica,&nbsp;Augusto Costa, a representantes de la industria de la provincia de Buenos Aires, con quienes analiz\u00f3 la situaci\u00f3n de la actividad econ\u00f3mica y abord\u00f3 las pol\u00edticas que se est\u00e1n llevando a cabo para acompa\u00f1ar al sector durante la pandemia. Adem\u00e1s, los funcionarios presentaron a las entidades el Plan de Reactivaci\u00f3n Productiva que el Gobernador anunci\u00f3 el 1 de marzo ante la Asamblea Legislativa.<\/p>\n\n\n\n<div class=\"wp-block-image\"><figure class=\"aligncenter size-medium\"><img loading=\"lazy\" decoding=\"async\" width=\"460\" height=\"307\" src=\"http:\/\/infoecos.com.ar\/wp-content\/uploads\/2021\/03\/2021_03_15_AK_Reunion-UIPBA-ADIBA-FEBA_015-460x307.jpg\" alt=\"\" class=\"wp-image-76003\" srcset=\"https:\/\/infoecos.com.ar\/wp-content\/uploads\/2021\/03\/2021_03_15_AK_Reunion-UIPBA-ADIBA-FEBA_015-460x307.jpg 460w, https:\/\/infoecos.com.ar\/wp-content\/uploads\/2021\/03\/2021_03_15_AK_Reunion-UIPBA-ADIBA-FEBA_015-920x613.jpg 920w, https:\/\/infoecos.com.ar\/wp-content\/uploads\/2021\/03\/2021_03_15_AK_Reunion-UIPBA-ADIBA-FEBA_015-768x512.jpg 768w, https:\/\/infoecos.com.ar\/wp-content\/uploads\/2021\/03\/2021_03_15_AK_Reunion-UIPBA-ADIBA-FEBA_015-1536x1024.jpg 1536w, https:\/\/infoecos.com.ar\/wp-content\/uploads\/2021\/03\/2021_03_15_AK_Reunion-UIPBA-ADIBA-FEBA_015-2048x1365.jpg 2048w, https:\/\/infoecos.com.ar\/wp-content\/uploads\/2021\/03\/2021_03_15_AK_Reunion-UIPBA-ADIBA-FEBA_015-1024x683.jpg 1024w, https:\/\/infoecos.com.ar\/wp-content\/uploads\/2021\/03\/2021_03_15_AK_Reunion-UIPBA-ADIBA-FEBA_015-675x450.jpg 675w\" sizes=\"auto, (max-width: 460px) 100vw, 460px\" \/><\/figure><\/div>\n\n\n\n<p class=\"wp-block-paragraph\">En ese marco, Kicillof y los representantes de las c\u00e1maras coincidieron en el potencial industrial de la Provincia y en \u201cla necesidad de trabajar en conjunto para desarrollar proyectos en materia productiva\u201d.&nbsp;<\/p>\n\n\n\n<p class=\"wp-block-paragraph\">\u201cDesde el Gobierno provincial lanzamos programas de reactivaci\u00f3n de la actividad econ\u00f3mica, que tienen a la obra p\u00fablica como elemento dinamizador e incluyen mejoras en puertos, conectividad e infraestructura\u201d, explic\u00f3 el Gobernador, al tiempo que valor\u00f3 que \u201cla recuperaci\u00f3n que promovemos tiene como eje el acompa\u00f1amiento de las peque\u00f1as y medianas empresas para evitar la concentraci\u00f3n de la econom\u00eda\u201d.<\/p>\n\n\n\n<div class=\"wp-block-image\"><figure class=\"aligncenter size-medium\"><img loading=\"lazy\" decoding=\"async\" width=\"460\" height=\"307\" src=\"http:\/\/infoecos.com.ar\/wp-content\/uploads\/2021\/03\/2021_03_15_AK_Reunion-UIPBA-ADIBA-FEBA_012-460x307.jpg\" alt=\"\" class=\"wp-image-76004\" srcset=\"https:\/\/infoecos.com.ar\/wp-content\/uploads\/2021\/03\/2021_03_15_AK_Reunion-UIPBA-ADIBA-FEBA_012-460x307.jpg 460w, https:\/\/infoecos.com.ar\/wp-content\/uploads\/2021\/03\/2021_03_15_AK_Reunion-UIPBA-ADIBA-FEBA_012-920x613.jpg 920w, https:\/\/infoecos.com.ar\/wp-content\/uploads\/2021\/03\/2021_03_15_AK_Reunion-UIPBA-ADIBA-FEBA_012-768x512.jpg 768w, https:\/\/infoecos.com.ar\/wp-content\/uploads\/2021\/03\/2021_03_15_AK_Reunion-UIPBA-ADIBA-FEBA_012-1536x1024.jpg 1536w, https:\/\/infoecos.com.ar\/wp-content\/uploads\/2021\/03\/2021_03_15_AK_Reunion-UIPBA-ADIBA-FEBA_012-2048x1365.jpg 2048w, https:\/\/infoecos.com.ar\/wp-content\/uploads\/2021\/03\/2021_03_15_AK_Reunion-UIPBA-ADIBA-FEBA_012-1024x683.jpg 1024w, https:\/\/infoecos.com.ar\/wp-content\/uploads\/2021\/03\/2021_03_15_AK_Reunion-UIPBA-ADIBA-FEBA_012-675x450.jpg 675w\" sizes=\"auto, (max-width: 460px) 100vw, 460px\" \/><\/figure><\/div>\n\n\n\n<p class=\"wp-block-paragraph\">En ese sentido, Kicillof destac\u00f3 el rol del Banco Provincia: \u201cEstaba abocado a la especulaci\u00f3n financiera y r\u00e1pidamente lo convertimos en la instituci\u00f3n que lidera el cr\u00e9dito para la producci\u00f3n\u201d. &nbsp;Respecto a la pandemia, se\u00f1al\u00f3 que \u201ctrabajamos junto al Gobierno Nacional para inyectar los recursos que permitieran sostener a la actividad\u201d. \u201cHemos hecho hincapi\u00e9 todo el tiempo en la necesidad de hacer el esfuerzo para garantizar la supervivencia de PyMEs y del entramado productivo en toda la Provincia\u201d, agreg\u00f3.<\/p>\n\n\n\n<p class=\"wp-block-paragraph\">\u201cNuestro objetivo es industrializar la Provincia y las oportunidades de desarrollo son inmensas, pero para potenciarlas necesitamos seguir trabajando de forma conjunta\u201d, concluy\u00f3 Kicillof.<\/p>\n\n\n\n<div class=\"wp-block-image\"><figure class=\"aligncenter size-medium\"><img loading=\"lazy\" decoding=\"async\" width=\"460\" height=\"307\" src=\"http:\/\/infoecos.com.ar\/wp-content\/uploads\/2021\/03\/2021_03_15_AK_Reunion-UIPBA-ADIBA-FEBA_005-460x307.jpg\" alt=\"\" class=\"wp-image-76005\" srcset=\"https:\/\/infoecos.com.ar\/wp-content\/uploads\/2021\/03\/2021_03_15_AK_Reunion-UIPBA-ADIBA-FEBA_005-460x307.jpg 460w, https:\/\/infoecos.com.ar\/wp-content\/uploads\/2021\/03\/2021_03_15_AK_Reunion-UIPBA-ADIBA-FEBA_005-920x613.jpg 920w, https:\/\/infoecos.com.ar\/wp-content\/uploads\/2021\/03\/2021_03_15_AK_Reunion-UIPBA-ADIBA-FEBA_005-768x512.jpg 768w, https:\/\/infoecos.com.ar\/wp-content\/uploads\/2021\/03\/2021_03_15_AK_Reunion-UIPBA-ADIBA-FEBA_005-1536x1024.jpg 1536w, https:\/\/infoecos.com.ar\/wp-content\/uploads\/2021\/03\/2021_03_15_AK_Reunion-UIPBA-ADIBA-FEBA_005-2048x1365.jpg 2048w, https:\/\/infoecos.com.ar\/wp-content\/uploads\/2021\/03\/2021_03_15_AK_Reunion-UIPBA-ADIBA-FEBA_005-1024x683.jpg 1024w, https:\/\/infoecos.com.ar\/wp-content\/uploads\/2021\/03\/2021_03_15_AK_Reunion-UIPBA-ADIBA-FEBA_005-675x450.jpg 675w\" sizes=\"auto, (max-width: 460px) 100vw, 460px\" \/><\/figure><\/div>\n\n\n\n<p class=\"wp-block-paragraph\">Participaron de la reuni\u00f3n los presidentes de la Uni\u00f3n Industrial de la Provincia de Buenos Aires (UIPBA),&nbsp;Mart\u00edn Rapallini;&nbsp;de la Asociaci\u00f3n de Industriales (ADIBA),&nbsp;Silvio Zurzolo;&nbsp;de la Federaci\u00f3n Econ\u00f3mica Buenos Aires (FEBA), Camilo Kahale;&nbsp;y de la Confederaci\u00f3n Econ\u00f3mica de la Provincia de Buenos Aires (CEPBA),&nbsp;Guillermo Siro.&nbsp;Estuvieron presentes tambi\u00e9n la subsecretaria de Industria, PyMEs y Cooperativas,&nbsp;Mariela Bembi;&nbsp;y el director provincial de Desarrollo Territorial y Pymes,&nbsp;Ariel Aguilar.<\/p>\n","protected":false},"excerpt":{"rendered":"<p>Kicillof y los representantes de las c\u00e1maras coincidieron en el potencial industrial de la Provincia y en \u201cla necesidad de trabajar en conjunto para desarrollar proyectos en materia productiva\u201d<\/p>\n","protected":false},"author":2,"featured_media":76005,"comment_status":"closed","ping_status":"open","sticky":false,"template":"","format":"standard","meta":{"footnotes":""},"categories":[1331],"tags":[3296],"class_list":["post-76002","post","type-post","status-publish","format-standard","has-post-thumbnail","hentry","category-inferior11","tag-economia-salud-politica"],"featured_image_urls":{"full":["https:\/\/infoecos.com.ar\/wp-content\/uploads\/2021\/03\/2021_03_15_AK_Reunion-UIPBA-ADIBA-FEBA_005-scaled.jpg",2560,1707,false],"thumbnail":["https:\/\/infoecos.com.ar\/wp-content\/uploads\/2021\/03\/2021_03_15_AK_Reunion-UIPBA-ADIBA-FEBA_005-150x150.jpg",150,150,true],"medium":["https:\/\/infoecos.com.ar\/wp-content\/uploads\/2021\/03\/2021_03_15_AK_Reunion-UIPBA-ADIBA-FEBA_005-460x307.jpg",460,307,true],"medium_large":["https:\/\/infoecos.com.ar\/wp-content\/uploads\/2021\/03\/2021_03_15_AK_Reunion-UIPBA-ADIBA-FEBA_005-768x512.jpg",640,427,true],"large":["https:\/\/infoecos.com.ar\/wp-content\/uploads\/2021\/03\/2021_03_15_AK_Reunion-UIPBA-ADIBA-FEBA_005-920x613.jpg",640,426,true],"1536x1536":["https:\/\/infoecos.com.ar\/wp-content\/uploads\/2021\/03\/2021_03_15_AK_Reunion-UIPBA-ADIBA-FEBA_005-1536x1024.jpg",1536,1024,true],"2048x2048":["https:\/\/infoecos.com.ar\/wp-content\/uploads\/2021\/03\/2021_03_15_AK_Reunion-UIPBA-ADIBA-FEBA_005-2048x1365.jpg",2048,1365,true],"covernews-slider-full":["https:\/\/infoecos.com.ar\/wp-content\/uploads\/2021\/03\/2021_03_15_AK_Reunion-UIPBA-ADIBA-FEBA_005-1536x1020.jpg",1077,715,true],"covernews-slider-center":["https:\/\/infoecos.com.ar\/wp-content\/uploads\/2021\/03\/2021_03_15_AK_Reunion-UIPBA-ADIBA-FEBA_005-936x897.jpg",522,500,true],"covernews-featured":["https:\/\/infoecos.com.ar\/wp-content\/uploads\/2021\/03\/2021_03_15_AK_Reunion-UIPBA-ADIBA-FEBA_005-1024x683.jpg",1024,683,true],"covernews-medium":["https:\/\/infoecos.com.ar\/wp-content\/uploads\/2021\/03\/2021_03_15_AK_Reunion-UIPBA-ADIBA-FEBA_005-720x380.jpg",540,285,true],"covernews-medium-square":["https:\/\/infoecos.com.ar\/wp-content\/uploads\/2021\/03\/2021_03_15_AK_Reunion-UIPBA-ADIBA-FEBA_005-675x450.jpg",375,250,true]},"author_info":{"info":["Jorge Matheus"]},"category_info":"<a href=\"https:\/\/infoecos.com.ar\/index.php\/category\/inferior11\/\" rel=\"category tag\">Bloque inferior - 11<\/a>","tag_info":"Bloque inferior - 11","comment_count":"0","_links":{"self":[{"href":"https:\/\/infoecos.com.ar\/index.php\/wp-json\/wp\/v2\/posts\/76002","targetHints":{"allow":["GET"]}}],"collection":[{"href":"https:\/\/infoecos.com.ar\/index.php\/wp-json\/wp\/v2\/posts"}],"about":[{"href":"https:\/\/infoecos.com.ar\/index.php\/wp-json\/wp\/v2\/types\/post"}],"author":[{"embeddable":true,"href":"https:\/\/infoecos.com.ar\/index.php\/wp-json\/wp\/v2\/users\/2"}],"replies":[{"embeddable":true,"href":"https:\/\/infoecos.com.ar\/index.php\/wp-json\/wp\/v2\/comments?post=76002"}],"version-history":[{"count":2,"href":"https:\/\/infoecos.com.ar\/index.php\/wp-json\/wp\/v2\/posts\/76002\/revisions"}],"predecessor-version":[{"id":76144,"href":"https:\/\/infoecos.com.ar\/index.php\/wp-json\/wp\/v2\/posts\/76002\/revisions\/76144"}],"wp:featuredmedia":[{"embeddable":true,"href":"https:\/\/infoecos.com.ar\/index.php\/wp-json\/wp\/v2\/media\/76005"}],"wp:attachment":[{"href":"https:\/\/infoecos.com.ar\/index.php\/wp-json\/wp\/v2\/media?parent=76002"}],"wp:term":[{"taxonomy":"category","embeddable":true,"href":"https:\/\/infoecos.com.ar\/index.php\/wp-json\/wp\/v2\/categories?post=76002"},{"taxonomy":"post_tag","embeddable":true,"href":"https:\/\/infoecos.com.ar\/index.php\/wp-json\/wp\/v2\/tags?post=76002"}],"curies":[{"name":"wp","href":"https:\/\/api.w.org\/{rel}","templated":true}]}}