{"id":76022,"date":"2021-03-16T00:33:46","date_gmt":"2021-03-16T03:33:46","guid":{"rendered":"http:\/\/infoecos.com.ar\/?p=76022"},"modified":"2021-03-16T00:33:49","modified_gmt":"2021-03-16T03:33:49","slug":"durante-esta-semana-la-provincia-superara-el-millon-de-vacunas-aplicadas","status":"publish","type":"post","link":"https:\/\/infoecos.com.ar\/index.php\/durante-esta-semana-la-provincia-superara-el-millon-de-vacunas-aplicadas\/","title":{"rendered":"Durante esta semana la Provincia superar\u00e1 el mill\u00f3n de vacunas aplicadas"},"content":{"rendered":"\n<p>El gobierno de la Provincia de Buenos Aires asign\u00f3 151.008 turnos a personas mayores de 60 a\u00f1os de los municipios del \u00c1rea Metropolitana (AMBA), a qui\u00e9nes se les aplicar\u00e1 durante esta semana la vacuna Sputnik V.<\/p>\n\n\n\n<div class=\"wp-block-image\"><figure class=\"aligncenter size-medium\"><img loading=\"lazy\" decoding=\"async\" width=\"306\" height=\"460\" src=\"http:\/\/infoecos.com.ar\/wp-content\/uploads\/2021\/02\/210220-Vacuna-Ensenada_1100-306x460.jpg\" alt=\"\" class=\"wp-image-74637\" srcset=\"https:\/\/infoecos.com.ar\/wp-content\/uploads\/2021\/02\/210220-Vacuna-Ensenada_1100-306x460.jpg 306w, https:\/\/infoecos.com.ar\/wp-content\/uploads\/2021\/02\/210220-Vacuna-Ensenada_1100-612x920.jpg 612w, https:\/\/infoecos.com.ar\/wp-content\/uploads\/2021\/02\/210220-Vacuna-Ensenada_1100-768x1154.jpg 768w, https:\/\/infoecos.com.ar\/wp-content\/uploads\/2021\/02\/210220-Vacuna-Ensenada_1100-1022x1536.jpg 1022w, https:\/\/infoecos.com.ar\/wp-content\/uploads\/2021\/02\/210220-Vacuna-Ensenada_1100-1363x2048.jpg 1363w, https:\/\/infoecos.com.ar\/wp-content\/uploads\/2021\/02\/210220-Vacuna-Ensenada_1100-1024x1539.jpg 1024w, https:\/\/infoecos.com.ar\/wp-content\/uploads\/2021\/02\/210220-Vacuna-Ensenada_1100-scaled.jpg 1703w\" sizes=\"(max-width: 306px) 100vw, 306px\" \/><\/figure><\/div>\n\n\n\n<p>De acuerdo con la planificaci\u00f3n dada a conocer por el ministerio de Salud bonaerense, de lunes a viernes se aplicar\u00e1 la primera dosis a mayores de 60 en postas del AMBA. En tanto, entre este lunes y el mi\u00e9rcoles se aplicar\u00e1, tambi\u00e9n, el primer componente de esa vacuna en hospitales y desde el jueves hasta el s\u00e1bado se vacunar\u00e1 con la segunda dosis tambi\u00e9n en establecimientos de salud. Por otra parte, se aplicar\u00e1 la vacuna Sinopharm en postas de IOMA a personal de educaci\u00f3n y seguridad.<\/p>\n\n\n\n<p>La priorizaci\u00f3n para la asignaci\u00f3n de turnos seguir\u00e1 el siguiente orden: mayores de 80, mayores de 70,&nbsp; trabajadores de la salud mayores de 60 y mayores de 60.<\/p>\n\n\n\n<p>La Provincia cuenta con m\u00e1s de 570 puntos de vacunaci\u00f3n contra COVID-19 distribuidos en hospitales provinciales y municipales, sedes de IOMA e instituciones p\u00fablicas y privadas, entre ellas Unidades de Pronta Atenci\u00f3n (UPAs), Universidades, Polideportivos municipales, Clubes, Estadio \u00danico e Hip\u00f3dromo de La Plata, Espacios culturales, Centros de jubilados, Puntos PAMI.<\/p>\n","protected":false},"excerpt":{"rendered":"<p>De acuerdo con la planificaci\u00f3n dada a conocer por el ministerio de Salud bonaerense, de lunes a viernes se aplicar\u00e1 la primera dosis a mayores de 60 en postas del AMBA<\/p>\n","protected":false},"author":2,"featured_media":74637,"comment_status":"closed","ping_status":"open","sticky":false,"template":"","format":"standard","meta":{"footnotes":""},"categories":[47],"tags":[3300],"class_list":["post-76022","post","type-post","status-publish","format-standard","has-post-thumbnail","hentry","category-c3nota2","tag-contra-el-covid-19-2"],"yoast_head":"<!-- This site is optimized with the Yoast SEO plugin v23.4 - https:\/\/yoast.com\/wordpress\/plugins\/seo\/ -->\n<title>Durante esta semana la Provincia superar\u00e1 el mill\u00f3n de vacunas aplicadas - Infoecos<\/title>\n<meta name=\"robots\" content=\"index, follow, max-snippet:-1, max-image-preview:large, max-video-preview:-1\" \/>\n<link rel=\"canonical\" href=\"https:\/\/infoecos.com.ar\/index.php\/durante-esta-semana-la-provincia-superara-el-millon-de-vacunas-aplicadas\/\" \/>\n<meta property=\"og:locale\" content=\"es_ES\" \/>\n<meta property=\"og:type\" content=\"article\" \/>\n<meta property=\"og:title\" content=\"Durante esta semana la Provincia superar\u00e1 el mill\u00f3n de vacunas aplicadas - Infoecos\" \/>\n<meta property=\"og:description\" content=\"De acuerdo con la planificaci\u00f3n dada a conocer por el ministerio de Salud bonaerense, de lunes a viernes se aplicar\u00e1 la primera dosis a mayores de 60 en postas del AMBA\" \/>\n<meta property=\"og:url\" content=\"https:\/\/infoecos.com.ar\/index.php\/durante-esta-semana-la-provincia-superara-el-millon-de-vacunas-aplicadas\/\" \/>\n<meta property=\"og:site_name\" content=\"Infoecos\" \/>\n<meta property=\"article:publisher\" content=\"https:\/\/www.facebook.com\/profile.php?id=100063200290284\" \/>\n<meta property=\"article:published_time\" content=\"2021-03-16T03:33:46+00:00\" \/>\n<meta property=\"article:modified_time\" content=\"2021-03-16T03:33:49+00:00\" \/>\n<meta property=\"og:image\" content=\"https:\/\/infoecos.com.ar\/wp-content\/uploads\/2021\/02\/210220-Vacuna-Ensenada_1100-scaled.jpg\" \/>\n\t<meta property=\"og:image:width\" content=\"1703\" \/>\n\t<meta property=\"og:image:height\" content=\"2560\" \/>\n\t<meta property=\"og:image:type\" content=\"image\/jpeg\" \/>\n<meta name=\"author\" content=\"Jorge Matheus\" \/>\n<meta name=\"twitter:card\" content=\"summary_large_image\" \/>\n<meta name=\"twitter:creator\" content=\"@infoecos\" \/>\n<meta name=\"twitter:site\" content=\"@infoecos\" \/>\n<meta name=\"twitter:label1\" content=\"Escrito por\" \/>\n\t<meta name=\"twitter:data1\" content=\"Jorge Matheus\" \/>\n\t<meta name=\"twitter:label2\" content=\"Tiempo de lectura\" \/>\n\t<meta name=\"twitter:data2\" content=\"1 minuto\" \/>\n<script type=\"application\/ld+json\" class=\"yoast-schema-graph\">{\"@context\":\"https:\/\/schema.org\",\"@graph\":[{\"@type\":\"Article\",\"@id\":\"https:\/\/infoecos.com.ar\/index.php\/durante-esta-semana-la-provincia-superara-el-millon-de-vacunas-aplicadas\/#article\",\"isPartOf\":{\"@id\":\"https:\/\/infoecos.com.ar\/index.php\/durante-esta-semana-la-provincia-superara-el-millon-de-vacunas-aplicadas\/\"},\"author\":{\"name\":\"Jorge Matheus\",\"@id\":\"https:\/\/infoecos.com.ar\/#\/schema\/person\/8f5ace5ce73b4b4aac4b7245aee6f191\"},\"headline\":\"Durante esta semana la Provincia superar\u00e1 el mill\u00f3n de vacunas aplicadas\",\"datePublished\":\"2021-03-16T03:33:46+00:00\",\"dateModified\":\"2021-03-16T03:33:49+00:00\",\"mainEntityOfPage\":{\"@id\":\"https:\/\/infoecos.com.ar\/index.php\/durante-esta-semana-la-provincia-superara-el-millon-de-vacunas-aplicadas\/\"},\"wordCount\":221,\"publisher\":{\"@id\":\"https:\/\/infoecos.com.ar\/#organization\"},\"image\":{\"@id\":\"https:\/\/infoecos.com.ar\/index.php\/durante-esta-semana-la-provincia-superara-el-millon-de-vacunas-aplicadas\/#primaryimage\"},\"thumbnailUrl\":\"https:\/\/infoecos.com.ar\/wp-content\/uploads\/2021\/02\/210220-Vacuna-Ensenada_1100-scaled.jpg\",\"keywords\":[\"CONTRA EL COVID 19\"],\"articleSection\":[\"C3 N2\"],\"inLanguage\":\"es\"},{\"@type\":\"WebPage\",\"@id\":\"https:\/\/infoecos.com.ar\/index.php\/durante-esta-semana-la-provincia-superara-el-millon-de-vacunas-aplicadas\/\",\"url\":\"https:\/\/infoecos.com.ar\/index.php\/durante-esta-semana-la-provincia-superara-el-millon-de-vacunas-aplicadas\/\",\"name\":\"Durante esta semana la Provincia superar\u00e1 el mill\u00f3n de vacunas aplicadas - Infoecos\",\"isPartOf\":{\"@id\":\"https:\/\/infoecos.com.ar\/#website\"},\"primaryImageOfPage\":{\"@id\":\"https:\/\/infoecos.com.ar\/index.php\/durante-esta-semana-la-provincia-superara-el-millon-de-vacunas-aplicadas\/#primaryimage\"},\"image\":{\"@id\":\"https:\/\/infoecos.com.ar\/index.php\/durante-esta-semana-la-provincia-superara-el-millon-de-vacunas-aplicadas\/#primaryimage\"},\"thumbnailUrl\":\"https:\/\/infoecos.com.ar\/wp-content\/uploads\/2021\/02\/210220-Vacuna-Ensenada_1100-scaled.jpg\",\"datePublished\":\"2021-03-16T03:33:46+00:00\",\"dateModified\":\"2021-03-16T03:33:49+00:00\",\"breadcrumb\":{\"@id\":\"https:\/\/infoecos.com.ar\/index.php\/durante-esta-semana-la-provincia-superara-el-millon-de-vacunas-aplicadas\/#breadcrumb\"},\"inLanguage\":\"es\",\"potentialAction\":[{\"@type\":\"ReadAction\",\"target\":[\"https:\/\/infoecos.com.ar\/index.php\/durante-esta-semana-la-provincia-superara-el-millon-de-vacunas-aplicadas\/\"]}]},{\"@type\":\"ImageObject\",\"inLanguage\":\"es\",\"@id\":\"https:\/\/infoecos.com.ar\/index.php\/durante-esta-semana-la-provincia-superara-el-millon-de-vacunas-aplicadas\/#primaryimage\",\"url\":\"https:\/\/infoecos.com.ar\/wp-content\/uploads\/2021\/02\/210220-Vacuna-Ensenada_1100-scaled.jpg\",\"contentUrl\":\"https:\/\/infoecos.com.ar\/wp-content\/uploads\/2021\/02\/210220-Vacuna-Ensenada_1100-scaled.jpg\",\"width\":1703,\"height\":2560},{\"@type\":\"BreadcrumbList\",\"@id\":\"https:\/\/infoecos.com.ar\/index.php\/durante-esta-semana-la-provincia-superara-el-millon-de-vacunas-aplicadas\/#breadcrumb\",\"itemListElement\":[{\"@type\":\"ListItem\",\"position\":1,\"name\":\"Portada\",\"item\":\"https:\/\/infoecos.com.ar\/\"},{\"@type\":\"ListItem\",\"position\":2,\"name\":\"Durante esta semana la Provincia superar\u00e1 el mill\u00f3n de vacunas aplicadas\"}]},{\"@type\":\"WebSite\",\"@id\":\"https:\/\/infoecos.com.ar\/#website\",\"url\":\"https:\/\/infoecos.com.ar\/\",\"name\":\"Infoecos\",\"description\":\"Noticias de trenque lauquen y la zona\",\"publisher\":{\"@id\":\"https:\/\/infoecos.com.ar\/#organization\"},\"alternateName\":\"Noticias\",\"potentialAction\":[{\"@type\":\"SearchAction\",\"target\":{\"@type\":\"EntryPoint\",\"urlTemplate\":\"https:\/\/infoecos.com.ar\/?s={search_term_string}\"},\"query-input\":{\"@type\":\"PropertyValueSpecification\",\"valueRequired\":true,\"valueName\":\"search_term_string\"}}],\"inLanguage\":\"es\"},{\"@type\":\"Organization\",\"@id\":\"https:\/\/infoecos.com.ar\/#organization\",\"name\":\"Infoecos\",\"alternateName\":\"Noticias\",\"url\":\"https:\/\/infoecos.com.ar\/\",\"logo\":{\"@type\":\"ImageObject\",\"inLanguage\":\"es\",\"@id\":\"https:\/\/infoecos.com.ar\/#\/schema\/logo\/image\/\",\"url\":\"https:\/\/infoecos.com.ar\/wp-content\/uploads\/2024\/03\/cropped-logo.png\",\"contentUrl\":\"https:\/\/infoecos.com.ar\/wp-content\/uploads\/2024\/03\/cropped-logo.png\",\"width\":374,\"height\":90,\"caption\":\"Infoecos\"},\"image\":{\"@id\":\"https:\/\/infoecos.com.ar\/#\/schema\/logo\/image\/\"},\"sameAs\":[\"https:\/\/www.facebook.com\/profile.php?id=100063200290284\",\"https:\/\/x.com\/infoecos\"]},{\"@type\":\"Person\",\"@id\":\"https:\/\/infoecos.com.ar\/#\/schema\/person\/8f5ace5ce73b4b4aac4b7245aee6f191\",\"name\":\"Jorge Matheus\",\"url\":\"https:\/\/infoecos.com.ar\/index.php\/author\/jomatheus\/\"}]}<\/script>\n<!-- \/ Yoast SEO plugin. -->","yoast_head_json":{"title":"Durante esta semana la Provincia superar\u00e1 el mill\u00f3n de vacunas aplicadas - Infoecos","robots":{"index":"index","follow":"follow","max-snippet":"max-snippet:-1","max-image-preview":"max-image-preview:large","max-video-preview":"max-video-preview:-1"},"canonical":"https:\/\/infoecos.com.ar\/index.php\/durante-esta-semana-la-provincia-superara-el-millon-de-vacunas-aplicadas\/","og_locale":"es_ES","og_type":"article","og_title":"Durante esta semana la Provincia superar\u00e1 el mill\u00f3n de vacunas aplicadas - Infoecos","og_description":"De acuerdo con la planificaci\u00f3n dada a conocer por el ministerio de Salud bonaerense, de lunes a viernes se aplicar\u00e1 la primera dosis a mayores de 60 en postas del AMBA","og_url":"https:\/\/infoecos.com.ar\/index.php\/durante-esta-semana-la-provincia-superara-el-millon-de-vacunas-aplicadas\/","og_site_name":"Infoecos","article_publisher":"https:\/\/www.facebook.com\/profile.php?id=100063200290284","article_published_time":"2021-03-16T03:33:46+00:00","article_modified_time":"2021-03-16T03:33:49+00:00","og_image":[{"width":1703,"height":2560,"url":"https:\/\/infoecos.com.ar\/wp-content\/uploads\/2021\/02\/210220-Vacuna-Ensenada_1100-scaled.jpg","type":"image\/jpeg"}],"author":"Jorge Matheus","twitter_card":"summary_large_image","twitter_creator":"@infoecos","twitter_site":"@infoecos","twitter_misc":{"Escrito por":"Jorge Matheus","Tiempo de lectura":"1 minuto"},"schema":{"@context":"https:\/\/schema.org","@graph":[{"@type":"Article","@id":"https:\/\/infoecos.com.ar\/index.php\/durante-esta-semana-la-provincia-superara-el-millon-de-vacunas-aplicadas\/#article","isPartOf":{"@id":"https:\/\/infoecos.com.ar\/index.php\/durante-esta-semana-la-provincia-superara-el-millon-de-vacunas-aplicadas\/"},"author":{"name":"Jorge Matheus","@id":"https:\/\/infoecos.com.ar\/#\/schema\/person\/8f5ace5ce73b4b4aac4b7245aee6f191"},"headline":"Durante esta semana la Provincia superar\u00e1 el mill\u00f3n de vacunas aplicadas","datePublished":"2021-03-16T03:33:46+00:00","dateModified":"2021-03-16T03:33:49+00:00","mainEntityOfPage":{"@id":"https:\/\/infoecos.com.ar\/index.php\/durante-esta-semana-la-provincia-superara-el-millon-de-vacunas-aplicadas\/"},"wordCount":221,"publisher":{"@id":"https:\/\/infoecos.com.ar\/#organization"},"image":{"@id":"https:\/\/infoecos.com.ar\/index.php\/durante-esta-semana-la-provincia-superara-el-millon-de-vacunas-aplicadas\/#primaryimage"},"thumbnailUrl":"https:\/\/infoecos.com.ar\/wp-content\/uploads\/2021\/02\/210220-Vacuna-Ensenada_1100-scaled.jpg","keywords":["CONTRA EL COVID 19"],"articleSection":["C3 N2"],"inLanguage":"es"},{"@type":"WebPage","@id":"https:\/\/infoecos.com.ar\/index.php\/durante-esta-semana-la-provincia-superara-el-millon-de-vacunas-aplicadas\/","url":"https:\/\/infoecos.com.ar\/index.php\/durante-esta-semana-la-provincia-superara-el-millon-de-vacunas-aplicadas\/","name":"Durante esta semana la Provincia superar\u00e1 el mill\u00f3n de vacunas aplicadas - Infoecos","isPartOf":{"@id":"https:\/\/infoecos.com.ar\/#website"},"primaryImageOfPage":{"@id":"https:\/\/infoecos.com.ar\/index.php\/durante-esta-semana-la-provincia-superara-el-millon-de-vacunas-aplicadas\/#primaryimage"},"image":{"@id":"https:\/\/infoecos.com.ar\/index.php\/durante-esta-semana-la-provincia-superara-el-millon-de-vacunas-aplicadas\/#primaryimage"},"thumbnailUrl":"https:\/\/infoecos.com.ar\/wp-content\/uploads\/2021\/02\/210220-Vacuna-Ensenada_1100-scaled.jpg","datePublished":"2021-03-16T03:33:46+00:00","dateModified":"2021-03-16T03:33:49+00:00","breadcrumb":{"@id":"https:\/\/infoecos.com.ar\/index.php\/durante-esta-semana-la-provincia-superara-el-millon-de-vacunas-aplicadas\/#breadcrumb"},"inLanguage":"es","potentialAction":[{"@type":"ReadAction","target":["https:\/\/infoecos.com.ar\/index.php\/durante-esta-semana-la-provincia-superara-el-millon-de-vacunas-aplicadas\/"]}]},{"@type":"ImageObject","inLanguage":"es","@id":"https:\/\/infoecos.com.ar\/index.php\/durante-esta-semana-la-provincia-superara-el-millon-de-vacunas-aplicadas\/#primaryimage","url":"https:\/\/infoecos.com.ar\/wp-content\/uploads\/2021\/02\/210220-Vacuna-Ensenada_1100-scaled.jpg","contentUrl":"https:\/\/infoecos.com.ar\/wp-content\/uploads\/2021\/02\/210220-Vacuna-Ensenada_1100-scaled.jpg","width":1703,"height":2560},{"@type":"BreadcrumbList","@id":"https:\/\/infoecos.com.ar\/index.php\/durante-esta-semana-la-provincia-superara-el-millon-de-vacunas-aplicadas\/#breadcrumb","itemListElement":[{"@type":"ListItem","position":1,"name":"Portada","item":"https:\/\/infoecos.com.ar\/"},{"@type":"ListItem","position":2,"name":"Durante esta semana la Provincia superar\u00e1 el mill\u00f3n de vacunas aplicadas"}]},{"@type":"WebSite","@id":"https:\/\/infoecos.com.ar\/#website","url":"https:\/\/infoecos.com.ar\/","name":"Infoecos","description":"Noticias de trenque lauquen y la zona","publisher":{"@id":"https:\/\/infoecos.com.ar\/#organization"},"alternateName":"Noticias","potentialAction":[{"@type":"SearchAction","target":{"@type":"EntryPoint","urlTemplate":"https:\/\/infoecos.com.ar\/?s={search_term_string}"},"query-input":{"@type":"PropertyValueSpecification","valueRequired":true,"valueName":"search_term_string"}}],"inLanguage":"es"},{"@type":"Organization","@id":"https:\/\/infoecos.com.ar\/#organization","name":"Infoecos","alternateName":"Noticias","url":"https:\/\/infoecos.com.ar\/","logo":{"@type":"ImageObject","inLanguage":"es","@id":"https:\/\/infoecos.com.ar\/#\/schema\/logo\/image\/","url":"https:\/\/infoecos.com.ar\/wp-content\/uploads\/2024\/03\/cropped-logo.png","contentUrl":"https:\/\/infoecos.com.ar\/wp-content\/uploads\/2024\/03\/cropped-logo.png","width":374,"height":90,"caption":"Infoecos"},"image":{"@id":"https:\/\/infoecos.com.ar\/#\/schema\/logo\/image\/"},"sameAs":["https:\/\/www.facebook.com\/profile.php?id=100063200290284","https:\/\/x.com\/infoecos"]},{"@type":"Person","@id":"https:\/\/infoecos.com.ar\/#\/schema\/person\/8f5ace5ce73b4b4aac4b7245aee6f191","name":"Jorge Matheus","url":"https:\/\/infoecos.com.ar\/index.php\/author\/jomatheus\/"}]}},"featured_image_urls":{"full":["https:\/\/infoecos.com.ar\/wp-content\/uploads\/2021\/02\/210220-Vacuna-Ensenada_1100-scaled.jpg",1703,2560,false],"thumbnail":["https:\/\/infoecos.com.ar\/wp-content\/uploads\/2021\/02\/210220-Vacuna-Ensenada_1100-150x150.jpg",150,150,true],"medium":["https:\/\/infoecos.com.ar\/wp-content\/uploads\/2021\/02\/210220-Vacuna-Ensenada_1100-306x460.jpg",306,460,true],"medium_large":["https:\/\/infoecos.com.ar\/wp-content\/uploads\/2021\/02\/210220-Vacuna-Ensenada_1100-768x1154.jpg",640,962,true],"large":["https:\/\/infoecos.com.ar\/wp-content\/uploads\/2021\/02\/210220-Vacuna-Ensenada_1100-612x920.jpg",612,920,true],"1536x1536":["https:\/\/infoecos.com.ar\/wp-content\/uploads\/2021\/02\/210220-Vacuna-Ensenada_1100-1022x1536.jpg",1022,1536,true],"2048x2048":["https:\/\/infoecos.com.ar\/wp-content\/uploads\/2021\/02\/210220-Vacuna-Ensenada_1100-1363x2048.jpg",1363,2048,true],"covernews-slider-full":["https:\/\/infoecos.com.ar\/wp-content\/uploads\/2021\/02\/210220-Vacuna-Ensenada_1100-1536x1020.jpg",1077,715,true],"covernews-slider-center":["https:\/\/infoecos.com.ar\/wp-content\/uploads\/2021\/02\/210220-Vacuna-Ensenada_1100-936x897.jpg",522,500,true],"covernews-featured":["https:\/\/infoecos.com.ar\/wp-content\/uploads\/2021\/02\/210220-Vacuna-Ensenada_1100-1024x1539.jpg",1024,1539,true],"covernews-medium":["https:\/\/infoecos.com.ar\/wp-content\/uploads\/2021\/02\/210220-Vacuna-Ensenada_1100-720x380.jpg",540,285,true],"covernews-medium-square":["https:\/\/infoecos.com.ar\/wp-content\/uploads\/2021\/02\/210220-Vacuna-Ensenada_1100-675x450.jpg",375,250,true]},"author_info":{"info":["Jorge Matheus"]},"category_info":"<a href=\"https:\/\/infoecos.com.ar\/index.php\/category\/c3nota2\/\" rel=\"category tag\">C3 N2<\/a>","tag_info":"C3 N2","comment_count":"0","_links":{"self":[{"href":"https:\/\/infoecos.com.ar\/index.php\/wp-json\/wp\/v2\/posts\/76022"}],"collection":[{"href":"https:\/\/infoecos.com.ar\/index.php\/wp-json\/wp\/v2\/posts"}],"about":[{"href":"https:\/\/infoecos.com.ar\/index.php\/wp-json\/wp\/v2\/types\/post"}],"author":[{"embeddable":true,"href":"https:\/\/infoecos.com.ar\/index.php\/wp-json\/wp\/v2\/users\/2"}],"replies":[{"embeddable":true,"href":"https:\/\/infoecos.com.ar\/index.php\/wp-json\/wp\/v2\/comments?post=76022"}],"version-history":[{"count":1,"href":"https:\/\/infoecos.com.ar\/index.php\/wp-json\/wp\/v2\/posts\/76022\/revisions"}],"predecessor-version":[{"id":76023,"href":"https:\/\/infoecos.com.ar\/index.php\/wp-json\/wp\/v2\/posts\/76022\/revisions\/76023"}],"wp:featuredmedia":[{"embeddable":true,"href":"https:\/\/infoecos.com.ar\/index.php\/wp-json\/wp\/v2\/media\/74637"}],"wp:attachment":[{"href":"https:\/\/infoecos.com.ar\/index.php\/wp-json\/wp\/v2\/media?parent=76022"}],"wp:term":[{"taxonomy":"category","embeddable":true,"href":"https:\/\/infoecos.com.ar\/index.php\/wp-json\/wp\/v2\/categories?post=76022"},{"taxonomy":"post_tag","embeddable":true,"href":"https:\/\/infoecos.com.ar\/index.php\/wp-json\/wp\/v2\/tags?post=76022"}],"curies":[{"name":"wp","href":"https:\/\/api.w.org\/{rel}","templated":true}]}}