{"id":76029,"date":"2021-03-16T01:08:12","date_gmt":"2021-03-16T04:08:12","guid":{"rendered":"http:\/\/infoecos.com.ar\/?p=76029"},"modified":"2021-03-17T03:30:58","modified_gmt":"2021-03-17T06:30:58","slug":"agresion-a-una-de-las-juezas-de-faltas-municipal-de-trenque-lauquen-y-la-decision-de-presentar-una-denuncia","status":"publish","type":"post","link":"https:\/\/infoecos.com.ar\/index.php\/agresion-a-una-de-las-juezas-de-faltas-municipal-de-trenque-lauquen-y-la-decision-de-presentar-una-denuncia\/","title":{"rendered":"Agresi\u00f3n a una de las Juezas de Faltas Municipal de Trenque Lauquen y la decisi\u00f3n de presentar una denuncia"},"content":{"rendered":"\n<p class=\"wp-block-paragraph\">Agredieron el pasado viernes a una de las juezas de faltas del municipio de Trenque Lauquen, y se decidi\u00f3 presentar una denuncia por el delito de lesiones.<\/p>\n\n\n\n<div class=\"wp-block-image\"><figure class=\"aligncenter size-large\"><img decoding=\"async\" src=\"http:\/\/infoecos.com.ar\/wp-content\/uploads\/cc.jpg\" alt=\"\" class=\"wp-image-23973\"\/><figcaption>Trenque Lauquen &#8211; Centro C\u00edvico<\/figcaption><\/figure><\/div>\n\n\n\n<p class=\"wp-block-paragraph\">El episodio se produjo en las dependencias que la repartici\u00f3n posee en el Centro C\u00edvico de la ciudad cabecera, cuando una mujer realiz\u00f3 un descargo por mal estacionamiento e insult\u00f3 a la funcionaria, hasta llegar a la violencia f\u00edsica.<\/p>\n\n\n\n<p class=\"wp-block-paragraph\">La Jueza afectada es la doctora Mar\u00eda Clara Cicconi. <\/p>\n\n\n\n<p class=\"wp-block-paragraph\">La agresora, se se\u00f1al\u00f3 durante todos estos d\u00edas, se habr\u00eda negado a pagar la multa reaccionado violentamente.  <\/p>\n","protected":false},"excerpt":{"rendered":"<p>La agresora, se se\u00f1al\u00f3 durante todos estos d\u00edas, se habr\u00eda negado a pagar la multa reaccionado violentamente<\/p>\n","protected":false},"author":2,"featured_media":23973,"comment_status":"closed","ping_status":"open","sticky":false,"template":"","format":"standard","meta":{"footnotes":""},"categories":[199],"tags":[3302],"class_list":["post-76029","post","type-post","status-publish","format-standard","has-post-thumbnail","hentry","category-inferior7","tag-el-hecho-ocurrio-el-viernes"],"featured_image_urls":{"full":"","thumbnail":"","medium":"","medium_large":"","large":"","1536x1536":"","2048x2048":"","covernews-slider-full":"","covernews-slider-center":"","covernews-featured":"","covernews-medium":"","covernews-medium-square":""},"author_info":{"info":["Jorge Matheus"]},"category_info":"<a href=\"https:\/\/infoecos.com.ar\/index.php\/category\/inferior7\/\" rel=\"category tag\">Bloque inferior - 7<\/a>","tag_info":"Bloque inferior - 7","comment_count":"0","_links":{"self":[{"href":"https:\/\/infoecos.com.ar\/index.php\/wp-json\/wp\/v2\/posts\/76029","targetHints":{"allow":["GET"]}}],"collection":[{"href":"https:\/\/infoecos.com.ar\/index.php\/wp-json\/wp\/v2\/posts"}],"about":[{"href":"https:\/\/infoecos.com.ar\/index.php\/wp-json\/wp\/v2\/types\/post"}],"author":[{"embeddable":true,"href":"https:\/\/infoecos.com.ar\/index.php\/wp-json\/wp\/v2\/users\/2"}],"replies":[{"embeddable":true,"href":"https:\/\/infoecos.com.ar\/index.php\/wp-json\/wp\/v2\/comments?post=76029"}],"version-history":[{"count":1,"href":"https:\/\/infoecos.com.ar\/index.php\/wp-json\/wp\/v2\/posts\/76029\/revisions"}],"predecessor-version":[{"id":76030,"href":"https:\/\/infoecos.com.ar\/index.php\/wp-json\/wp\/v2\/posts\/76029\/revisions\/76030"}],"wp:attachment":[{"href":"https:\/\/infoecos.com.ar\/index.php\/wp-json\/wp\/v2\/media?parent=76029"}],"wp:term":[{"taxonomy":"category","embeddable":true,"href":"https:\/\/infoecos.com.ar\/index.php\/wp-json\/wp\/v2\/categories?post=76029"},{"taxonomy":"post_tag","embeddable":true,"href":"https:\/\/infoecos.com.ar\/index.php\/wp-json\/wp\/v2\/tags?post=76029"}],"curies":[{"name":"wp","href":"https:\/\/api.w.org\/{rel}","templated":true}]}}