{"id":76031,"date":"2021-03-16T01:14:41","date_gmt":"2021-03-16T04:14:41","guid":{"rendered":"http:\/\/infoecos.com.ar\/?p=76031"},"modified":"2021-03-17T03:30:13","modified_gmt":"2021-03-17T06:30:13","slug":"dos-casarenses-fueron-aprehendidos-en-chivilcoy-con-dos-kilos-de-marihuana","status":"publish","type":"post","link":"https:\/\/infoecos.com.ar\/index.php\/dos-casarenses-fueron-aprehendidos-en-chivilcoy-con-dos-kilos-de-marihuana\/","title":{"rendered":"Dos casarenses fueron aprehendidos en Chivilcoy con dos kilos de marihuana"},"content":{"rendered":"\n<p class=\"wp-block-paragraph\">Un importante operativo en el acceso a Chivilcoy &nbsp;por Ruta Nacional 5 y Acceso \u201cPte. Alfons\u00edn\u201d, impidi\u00f3 el ingreso de aproximadamente dos kilos de marihuana a la ciudad de Chivilcoy. A ra\u00edz del hecho fueron aprehendidas &nbsp;dos personas, con domicilios en la ciudad de Carlos Casares.<\/p>\n\n\n\n<figure class=\"wp-block-image size-large\"><img loading=\"lazy\" decoding=\"async\" width=\"719\" height=\"507\" src=\"http:\/\/infoecos.com.ar\/wp-content\/uploads\/2021\/03\/drogasdoscasares.jpg\" alt=\"\" class=\"wp-image-76032\" srcset=\"https:\/\/infoecos.com.ar\/wp-content\/uploads\/2021\/03\/drogasdoscasares.jpg 719w, https:\/\/infoecos.com.ar\/wp-content\/uploads\/2021\/03\/drogasdoscasares-460x324.jpg 460w\" sizes=\"auto, (max-width: 719px) 100vw, 719px\" \/><\/figure>\n\n\n\n<p class=\"wp-block-paragraph\">El operativo de interceptaci\u00f3n vehicular fue realizado con personal de la Polic\u00eda Vial Chivilcoy a cargo del Comisario Diego Peralta, con apoyo del personal de la Estaci\u00f3n de la Polic\u00eda Comunal Chivilcoy.<\/p>\n\n\n\n<p class=\"wp-block-paragraph\">En momentos que intentaban ingresar a Chivilcoy se procedi\u00f3 a la aprehensi\u00f3n de las dos personas de sexo masculino, mayores de edad, oriundos de la ciudad de Carlos &nbsp;Casares. Transportaban dos trozos compactos, tipo ladrillos, de marihuana, ocultos en el interior del rodado en el que circulaban, siendo este un autom\u00f3vil marca Fiat, modelo Punto, de color negro.<\/p>\n\n\n\n<div class=\"wp-block-image\"><figure class=\"aligncenter size-medium\"><img loading=\"lazy\" decoding=\"async\" width=\"460\" height=\"208\" src=\"http:\/\/infoecos.com.ar\/wp-content\/uploads\/2021\/03\/drogascasarenses1-460x208.jpg\" alt=\"\" class=\"wp-image-76033\" srcset=\"https:\/\/infoecos.com.ar\/wp-content\/uploads\/2021\/03\/drogascasarenses1-460x208.jpg 460w, https:\/\/infoecos.com.ar\/wp-content\/uploads\/2021\/03\/drogascasarenses1.jpg 718w\" sizes=\"auto, (max-width: 460px) 100vw, 460px\" \/><\/figure><\/div>\n\n\n\n<p class=\"wp-block-paragraph\">\u201cEl rodado era conducido por <strong>Juan Ignacio Menna<\/strong> de 26 a\u00f1os y acompa\u00f1ado por <strong>Marcelo Hofsetz<\/strong> de 37 a\u00f1os ambos domiciliados en la planta urbana de Carlos Casares\u201d, destac\u00f3 el Comisario Mayor Miguel Angel Costa, Jefe Zona Operativa Vial II Mercedes, con asiento en Chivilcoy.<\/p>\n\n\n\n<p class=\"wp-block-paragraph\">Cerca de dos kilos fue el peso de la sustancia incautada, como as\u00ed tambi\u00e9n dinero en efectivo. Se instruyen actuaciones Judiciales caratuladas infracci\u00f3n al Art\u00edculo 5 de la Ley 23.737, por tenencia de estupefaciente para la comercializaci\u00f3n, con intervenci\u00f3n del Juzgado Federal de Mercedes, a cargo del Dr. Fernando Purves del Departamento Judicial Mercedes. <\/p>\n\n\n\n<p class=\"wp-block-paragraph\"><strong>Fuente: casaresonline.com.ar<\/strong><\/p>\n","protected":false},"excerpt":{"rendered":"<p>El operativo de interceptaci\u00f3n vehicular fue realizado con personal de la Polic\u00eda Vial Chivilcoy a cargo del Comisario Diego Peralta, con apoyo del personal de la Estaci\u00f3n de la Polic\u00eda Comunal Chivilcoy<\/p>\n","protected":false},"author":2,"featured_media":76033,"comment_status":"closed","ping_status":"open","sticky":false,"template":"","format":"standard","meta":{"footnotes":""},"categories":[26],"tags":[2636],"class_list":["post-76031","post","type-post","status-publish","format-standard","has-post-thumbnail","hentry","category-inferior6","tag-operativo-antidrogas"],"featured_image_urls":{"full":["https:\/\/infoecos.com.ar\/wp-content\/uploads\/2021\/03\/drogascasarenses1.jpg",718,325,false],"thumbnail":["https:\/\/infoecos.com.ar\/wp-content\/uploads\/2021\/03\/drogascasarenses1-150x150.jpg",150,150,true],"medium":["https:\/\/infoecos.com.ar\/wp-content\/uploads\/2021\/03\/drogascasarenses1-460x208.jpg",460,208,true],"medium_large":["https:\/\/infoecos.com.ar\/wp-content\/uploads\/2021\/03\/drogascasarenses1.jpg",640,290,false],"large":["https:\/\/infoecos.com.ar\/wp-content\/uploads\/2021\/03\/drogascasarenses1.jpg",640,290,false],"1536x1536":["https:\/\/infoecos.com.ar\/wp-content\/uploads\/2021\/03\/drogascasarenses1.jpg",718,325,false],"2048x2048":["https:\/\/infoecos.com.ar\/wp-content\/uploads\/2021\/03\/drogascasarenses1.jpg",718,325,false],"covernews-slider-full":["https:\/\/infoecos.com.ar\/wp-content\/uploads\/2021\/03\/drogascasarenses1.jpg",718,325,false],"covernews-slider-center":["https:\/\/infoecos.com.ar\/wp-content\/uploads\/2021\/03\/drogascasarenses1.jpg",718,325,false],"covernews-featured":["https:\/\/infoecos.com.ar\/wp-content\/uploads\/2021\/03\/drogascasarenses1.jpg",718,325,false],"covernews-medium":["https:\/\/infoecos.com.ar\/wp-content\/uploads\/2021\/03\/drogascasarenses1.jpg",540,244,false],"covernews-medium-square":["https:\/\/infoecos.com.ar\/wp-content\/uploads\/2021\/03\/drogascasarenses1-675x325.jpg",400,193,true]},"author_info":{"info":["Jorge Matheus"]},"category_info":"<a href=\"https:\/\/infoecos.com.ar\/index.php\/category\/inferior6\/\" rel=\"category tag\">Bloque inferior - 6<\/a>","tag_info":"Bloque inferior - 6","comment_count":"0","_links":{"self":[{"href":"https:\/\/infoecos.com.ar\/index.php\/wp-json\/wp\/v2\/posts\/76031","targetHints":{"allow":["GET"]}}],"collection":[{"href":"https:\/\/infoecos.com.ar\/index.php\/wp-json\/wp\/v2\/posts"}],"about":[{"href":"https:\/\/infoecos.com.ar\/index.php\/wp-json\/wp\/v2\/types\/post"}],"author":[{"embeddable":true,"href":"https:\/\/infoecos.com.ar\/index.php\/wp-json\/wp\/v2\/users\/2"}],"replies":[{"embeddable":true,"href":"https:\/\/infoecos.com.ar\/index.php\/wp-json\/wp\/v2\/comments?post=76031"}],"version-history":[{"count":2,"href":"https:\/\/infoecos.com.ar\/index.php\/wp-json\/wp\/v2\/posts\/76031\/revisions"}],"predecessor-version":[{"id":76141,"href":"https:\/\/infoecos.com.ar\/index.php\/wp-json\/wp\/v2\/posts\/76031\/revisions\/76141"}],"wp:featuredmedia":[{"embeddable":true,"href":"https:\/\/infoecos.com.ar\/index.php\/wp-json\/wp\/v2\/media\/76033"}],"wp:attachment":[{"href":"https:\/\/infoecos.com.ar\/index.php\/wp-json\/wp\/v2\/media?parent=76031"}],"wp:term":[{"taxonomy":"category","embeddable":true,"href":"https:\/\/infoecos.com.ar\/index.php\/wp-json\/wp\/v2\/categories?post=76031"},{"taxonomy":"post_tag","embeddable":true,"href":"https:\/\/infoecos.com.ar\/index.php\/wp-json\/wp\/v2\/tags?post=76031"}],"curies":[{"name":"wp","href":"https:\/\/api.w.org\/{rel}","templated":true}]}}