{"id":76035,"date":"2021-03-16T01:26:34","date_gmt":"2021-03-16T04:26:34","guid":{"rendered":"http:\/\/infoecos.com.ar\/?p=76035"},"modified":"2021-03-17T03:29:37","modified_gmt":"2021-03-17T06:29:37","slug":"confirman-que-el-kartodromo-de-trenque-lauquen-sera-sede-en-abril-de-una-las-pruebas-del-campeonato-nacional","status":"publish","type":"post","link":"https:\/\/infoecos.com.ar\/index.php\/confirman-que-el-kartodromo-de-trenque-lauquen-sera-sede-en-abril-de-una-las-pruebas-del-campeonato-nacional\/","title":{"rendered":"Confirman que el kart\u00f3dromo de Trenque Lauquen ser\u00e1 sede en Abril de una las pruebas del campeonato nacional"},"content":{"rendered":"\n<p class=\"wp-block-paragraph\">La Comisi\u00f3n Nacional de Karting anunci\u00f3 que, entre los d\u00edas 23 y 25 de Abril, se llevar\u00e1 a cabo en el kart\u00f3dromo pavimentado de Trenque Lauquen la fecha del Campeonato Argentino de Karting 2020.<\/p>\n\n\n\n<div class=\"wp-block-image\"><figure class=\"aligncenter size-medium\"><img loading=\"lazy\" decoding=\"async\" width=\"460\" height=\"460\" src=\"http:\/\/infoecos.com.ar\/wp-content\/uploads\/2021\/03\/campeonatoargentinodekarting-460x460.jpg\" alt=\"\" class=\"wp-image-76036\" srcset=\"https:\/\/infoecos.com.ar\/wp-content\/uploads\/2021\/03\/campeonatoargentinodekarting-460x460.jpg 460w, https:\/\/infoecos.com.ar\/wp-content\/uploads\/2021\/03\/campeonatoargentinodekarting-150x150.jpg 150w, https:\/\/infoecos.com.ar\/wp-content\/uploads\/2021\/03\/campeonatoargentinodekarting.jpg 526w\" sizes=\"auto, (max-width: 460px) 100vw, 460px\" \/><\/figure><\/div>\n\n\n\n<p class=\"wp-block-paragraph\">La fecha anunciada v\u00e1lida por el Campeonato Argentino de Karting 2020, no pudo realizarse en ese a\u00f1o por la pandemia.<\/p>\n\n\n\n<p class=\"wp-block-paragraph\">Las inscripciones deber\u00e1n efectivizarse enviando el formulario v\u00eda e-mail a cnk@aca.org.ar que se encuentra disponible en el sitio web de la CDA-ACA <a rel=\"noreferrer noopener\" href=\"http:\/\/www.cdaaca.org.ar\/Reglamentos.aspx?CaId=16&amp;fbclid=IwAR1OUqSXGX13ReMN8psvyziJwGNePHDS9_4kfO_QDJvDMz2x56o7PQZjZAs\" target=\"_blank\">http:\/\/www.cdaaca.org.ar\/Reglamentos.aspx?CaId=16<\/a>. Las inscripciones cierran indefectiblemente el d\u00eda 1 de Abril, a las 18 horas. <\/p>\n\n\n\n<div class=\"wp-block-image\"><figure class=\"aligncenter size-medium\"><img loading=\"lazy\" decoding=\"async\" width=\"460\" height=\"143\" src=\"http:\/\/infoecos.com.ar\/wp-content\/uploads\/2021\/03\/img-20200824-wa0101-460x143.jpg\" alt=\"\" class=\"wp-image-76038\" srcset=\"https:\/\/infoecos.com.ar\/wp-content\/uploads\/2021\/03\/img-20200824-wa0101-460x143.jpg 460w, https:\/\/infoecos.com.ar\/wp-content\/uploads\/2021\/03\/img-20200824-wa0101-920x285.jpg 920w, https:\/\/infoecos.com.ar\/wp-content\/uploads\/2021\/03\/img-20200824-wa0101-768x238.jpg 768w, https:\/\/infoecos.com.ar\/wp-content\/uploads\/2021\/03\/img-20200824-wa0101-1536x476.jpg 1536w, https:\/\/infoecos.com.ar\/wp-content\/uploads\/2021\/03\/img-20200824-wa0101-1024x317.jpg 1024w, https:\/\/infoecos.com.ar\/wp-content\/uploads\/2021\/03\/img-20200824-wa0101.jpg 2000w\" sizes=\"auto, (max-width: 460px) 100vw, 460px\" \/><\/figure><\/div>\n\n\n\n<p class=\"wp-block-paragraph\">El cupo de pilotos que podr\u00e1n participar ser\u00e1 de 34 en las clases Cadetes, Sudam Junior, Sudam Senior y Proam.<\/p>\n","protected":false},"excerpt":{"rendered":"<p>Entre los d\u00edas 23 y 25 de Abril, se llevar\u00e1 a cabo en el kart\u00f3dromo pavimentado de Trenque Lauquen la fecha del Campeonato Argentino de Karting 2020<\/p>\n","protected":false},"author":2,"featured_media":76036,"comment_status":"closed","ping_status":"open","sticky":false,"template":"","format":"standard","meta":{"footnotes":""},"categories":[44],"tags":[3303],"class_list":["post-76035","post","type-post","status-publish","format-standard","has-post-thumbnail","hentry","category-inferior5","tag-reconocimiento-al-esfuerzo-e-inversion"],"featured_image_urls":{"full":["https:\/\/infoecos.com.ar\/wp-content\/uploads\/2021\/03\/campeonatoargentinodekarting.jpg",526,526,false],"thumbnail":["https:\/\/infoecos.com.ar\/wp-content\/uploads\/2021\/03\/campeonatoargentinodekarting-150x150.jpg",150,150,true],"medium":["https:\/\/infoecos.com.ar\/wp-content\/uploads\/2021\/03\/campeonatoargentinodekarting-460x460.jpg",460,460,true],"medium_large":["https:\/\/infoecos.com.ar\/wp-content\/uploads\/2021\/03\/campeonatoargentinodekarting.jpg",526,526,false],"large":["https:\/\/infoecos.com.ar\/wp-content\/uploads\/2021\/03\/campeonatoargentinodekarting.jpg",526,526,false],"1536x1536":["https:\/\/infoecos.com.ar\/wp-content\/uploads\/2021\/03\/campeonatoargentinodekarting.jpg",526,526,false],"2048x2048":["https:\/\/infoecos.com.ar\/wp-content\/uploads\/2021\/03\/campeonatoargentinodekarting.jpg",526,526,false],"covernews-slider-full":["https:\/\/infoecos.com.ar\/wp-content\/uploads\/2021\/03\/campeonatoargentinodekarting.jpg",526,526,false],"covernews-slider-center":["https:\/\/infoecos.com.ar\/wp-content\/uploads\/2021\/03\/campeonatoargentinodekarting.jpg",500,500,false],"covernews-featured":["https:\/\/infoecos.com.ar\/wp-content\/uploads\/2021\/03\/campeonatoargentinodekarting.jpg",526,526,false],"covernews-medium":["https:\/\/infoecos.com.ar\/wp-content\/uploads\/2021\/03\/campeonatoargentinodekarting-526x380.jpg",471,340,true],"covernews-medium-square":["https:\/\/infoecos.com.ar\/wp-content\/uploads\/2021\/03\/campeonatoargentinodekarting-526x450.jpg",292,250,true]},"author_info":{"info":["Jorge Matheus"]},"category_info":"<a href=\"https:\/\/infoecos.com.ar\/index.php\/category\/inferior5\/\" rel=\"category tag\">Bloque inferior - 5<\/a>","tag_info":"Bloque inferior - 5","comment_count":"0","_links":{"self":[{"href":"https:\/\/infoecos.com.ar\/index.php\/wp-json\/wp\/v2\/posts\/76035","targetHints":{"allow":["GET"]}}],"collection":[{"href":"https:\/\/infoecos.com.ar\/index.php\/wp-json\/wp\/v2\/posts"}],"about":[{"href":"https:\/\/infoecos.com.ar\/index.php\/wp-json\/wp\/v2\/types\/post"}],"author":[{"embeddable":true,"href":"https:\/\/infoecos.com.ar\/index.php\/wp-json\/wp\/v2\/users\/2"}],"replies":[{"embeddable":true,"href":"https:\/\/infoecos.com.ar\/index.php\/wp-json\/wp\/v2\/comments?post=76035"}],"version-history":[{"count":2,"href":"https:\/\/infoecos.com.ar\/index.php\/wp-json\/wp\/v2\/posts\/76035\/revisions"}],"predecessor-version":[{"id":76039,"href":"https:\/\/infoecos.com.ar\/index.php\/wp-json\/wp\/v2\/posts\/76035\/revisions\/76039"}],"wp:featuredmedia":[{"embeddable":true,"href":"https:\/\/infoecos.com.ar\/index.php\/wp-json\/wp\/v2\/media\/76036"}],"wp:attachment":[{"href":"https:\/\/infoecos.com.ar\/index.php\/wp-json\/wp\/v2\/media?parent=76035"}],"wp:term":[{"taxonomy":"category","embeddable":true,"href":"https:\/\/infoecos.com.ar\/index.php\/wp-json\/wp\/v2\/categories?post=76035"},{"taxonomy":"post_tag","embeddable":true,"href":"https:\/\/infoecos.com.ar\/index.php\/wp-json\/wp\/v2\/tags?post=76035"}],"curies":[{"name":"wp","href":"https:\/\/api.w.org\/{rel}","templated":true}]}}