{"id":76050,"date":"2021-03-16T02:03:13","date_gmt":"2021-03-16T05:03:13","guid":{"rendered":"http:\/\/infoecos.com.ar\/?p=76050"},"modified":"2021-03-17T03:28:31","modified_gmt":"2021-03-17T06:28:31","slug":"el-subdirector-del-pami-destaco-el-plan-de-vacunacion-de-adultos-mayores-en-provincia-de-buenos-aires","status":"publish","type":"post","link":"https:\/\/infoecos.com.ar\/index.php\/el-subdirector-del-pami-destaco-el-plan-de-vacunacion-de-adultos-mayores-en-provincia-de-buenos-aires\/","title":{"rendered":"El subdirector del PAMI destac\u00f3 el Plan de Vacunaci\u00f3n de Adultos Mayores en provincia de Buenos Aires"},"content":{"rendered":"\n<p class=\"wp-block-paragraph\">El subdirector ejecutivo de PAMI, Mart\u00edn Rodr\u00edguez, destac\u00f3 el trabajo que realiza la gesti\u00f3n de Ael Kicillof para garantizar la vacunaci\u00f3n de adultos mayores y puso de relieve la importancia de que el programa de medicamentos gratuitos de PAMI cumpla un a\u00f1o en este contexto.<\/p>\n\n\n\n<div class=\"wp-block-image\"><figure class=\"aligncenter size-medium\"><img loading=\"lazy\" decoding=\"async\" width=\"460\" height=\"306\" src=\"http:\/\/infoecos.com.ar\/wp-content\/uploads\/2021\/02\/210220-Vacuna-Ensenada_1138-460x306.jpg\" alt=\"\" class=\"wp-image-74639\" srcset=\"https:\/\/infoecos.com.ar\/wp-content\/uploads\/2021\/02\/210220-Vacuna-Ensenada_1138-460x306.jpg 460w, https:\/\/infoecos.com.ar\/wp-content\/uploads\/2021\/02\/210220-Vacuna-Ensenada_1138-920x612.jpg 920w, https:\/\/infoecos.com.ar\/wp-content\/uploads\/2021\/02\/210220-Vacuna-Ensenada_1138-768x511.jpg 768w, https:\/\/infoecos.com.ar\/wp-content\/uploads\/2021\/02\/210220-Vacuna-Ensenada_1138-1536x1020.jpg 1536w, https:\/\/infoecos.com.ar\/wp-content\/uploads\/2021\/02\/210220-Vacuna-Ensenada_1138-2048x1363.jpg 2048w, https:\/\/infoecos.com.ar\/wp-content\/uploads\/2021\/02\/210220-Vacuna-Ensenada_1138-1024x681.jpg 1024w, https:\/\/infoecos.com.ar\/wp-content\/uploads\/2021\/02\/210220-Vacuna-Ensenada_1138-675x450.jpg 675w\" sizes=\"auto, (max-width: 460px) 100vw, 460px\" \/><\/figure><\/div>\n\n\n\n<p class=\"wp-block-paragraph\">En declaraciones a <strong>Radio Provincia<\/strong> explic\u00f3 que \u201cla Provincia le pidi\u00f3 al PAMI que hiciera la vacunaci\u00f3n en las residencias de larga estad\u00eda. Y venimos hace un mes con este trabajo con mucho \u00e9xito\u201d.<\/p>\n\n\n\n<p class=\"wp-block-paragraph\">Por otra parte, Rodr\u00edguez destac\u00f3 que \u201cel contraste en la organizaci\u00f3n entre la Provincia y CABA es total. Con Provincia venimos con reuniones desde diciembre del a\u00f1o pasado. Sin embargo, en Ciudad no fuimos convocados hasta la \u00faltima semana de febrero\u201d.<\/p>\n\n\n\n<p class=\"wp-block-paragraph\">Finalmente, se\u00f1al\u00f3 que el programa de medicamentos gratuito del PAMI tiene un&nbsp; \u201cImpacto doble, econ\u00f3mico y sanitario. Pues, no se agota en lo que se ahorran los afiliados sino que ese dinero es un componente que dinaminza la econom\u00eda de ciudades&nbsp; y pueblos. Pues son en promedio $3700 que los jubilados lo gastan en otra cosa\u201d.<\/p>\n","protected":false},"excerpt":{"rendered":"<p>El subdirector ejecutivo de la obra social, Mart\u00edn Rodr\u00edguez, destac\u00f3 que desde mediados de diciembre trabajan en conjunto con la gesti\u00f3n bonaerense<\/p>\n","protected":false},"author":2,"featured_media":74639,"comment_status":"closed","ping_status":"open","sticky":false,"template":"","format":"standard","meta":{"footnotes":""},"categories":[42],"tags":[3309],"class_list":["post-76050","post","type-post","status-publish","format-standard","has-post-thumbnail","hentry","category-inferior3","tag-plan-de-vacunacion-buenos-aires"],"featured_image_urls":{"full":["https:\/\/infoecos.com.ar\/wp-content\/uploads\/2021\/02\/210220-Vacuna-Ensenada_1138-scaled.jpg",2560,1703,false],"thumbnail":["https:\/\/infoecos.com.ar\/wp-content\/uploads\/2021\/02\/210220-Vacuna-Ensenada_1138-150x150.jpg",150,150,true],"medium":["https:\/\/infoecos.com.ar\/wp-content\/uploads\/2021\/02\/210220-Vacuna-Ensenada_1138-460x306.jpg",460,306,true],"medium_large":["https:\/\/infoecos.com.ar\/wp-content\/uploads\/2021\/02\/210220-Vacuna-Ensenada_1138-768x511.jpg",640,426,true],"large":["https:\/\/infoecos.com.ar\/wp-content\/uploads\/2021\/02\/210220-Vacuna-Ensenada_1138-920x612.jpg",640,426,true],"1536x1536":["https:\/\/infoecos.com.ar\/wp-content\/uploads\/2021\/02\/210220-Vacuna-Ensenada_1138-1536x1022.jpg",1536,1022,true],"2048x2048":["https:\/\/infoecos.com.ar\/wp-content\/uploads\/2021\/02\/210220-Vacuna-Ensenada_1138-2048x1363.jpg",2048,1363,true],"covernews-slider-full":["https:\/\/infoecos.com.ar\/wp-content\/uploads\/2021\/02\/210220-Vacuna-Ensenada_1138-1536x1020.jpg",1077,715,true],"covernews-slider-center":["https:\/\/infoecos.com.ar\/wp-content\/uploads\/2021\/02\/210220-Vacuna-Ensenada_1138-936x897.jpg",522,500,true],"covernews-featured":["https:\/\/infoecos.com.ar\/wp-content\/uploads\/2021\/02\/210220-Vacuna-Ensenada_1138-1024x681.jpg",1024,681,true],"covernews-medium":["https:\/\/infoecos.com.ar\/wp-content\/uploads\/2021\/02\/210220-Vacuna-Ensenada_1138-720x380.jpg",540,285,true],"covernews-medium-square":["https:\/\/infoecos.com.ar\/wp-content\/uploads\/2021\/02\/210220-Vacuna-Ensenada_1138-675x450.jpg",375,250,true]},"author_info":{"info":["Jorge Matheus"]},"category_info":"<a href=\"https:\/\/infoecos.com.ar\/index.php\/category\/inferior3\/\" rel=\"category tag\">Bloque inferior - 3<\/a>","tag_info":"Bloque inferior - 3","comment_count":"0","_links":{"self":[{"href":"https:\/\/infoecos.com.ar\/index.php\/wp-json\/wp\/v2\/posts\/76050","targetHints":{"allow":["GET"]}}],"collection":[{"href":"https:\/\/infoecos.com.ar\/index.php\/wp-json\/wp\/v2\/posts"}],"about":[{"href":"https:\/\/infoecos.com.ar\/index.php\/wp-json\/wp\/v2\/types\/post"}],"author":[{"embeddable":true,"href":"https:\/\/infoecos.com.ar\/index.php\/wp-json\/wp\/v2\/users\/2"}],"replies":[{"embeddable":true,"href":"https:\/\/infoecos.com.ar\/index.php\/wp-json\/wp\/v2\/comments?post=76050"}],"version-history":[{"count":2,"href":"https:\/\/infoecos.com.ar\/index.php\/wp-json\/wp\/v2\/posts\/76050\/revisions"}],"predecessor-version":[{"id":76140,"href":"https:\/\/infoecos.com.ar\/index.php\/wp-json\/wp\/v2\/posts\/76050\/revisions\/76140"}],"wp:featuredmedia":[{"embeddable":true,"href":"https:\/\/infoecos.com.ar\/index.php\/wp-json\/wp\/v2\/media\/74639"}],"wp:attachment":[{"href":"https:\/\/infoecos.com.ar\/index.php\/wp-json\/wp\/v2\/media?parent=76050"}],"wp:term":[{"taxonomy":"category","embeddable":true,"href":"https:\/\/infoecos.com.ar\/index.php\/wp-json\/wp\/v2\/categories?post=76050"},{"taxonomy":"post_tag","embeddable":true,"href":"https:\/\/infoecos.com.ar\/index.php\/wp-json\/wp\/v2\/tags?post=76050"}],"curies":[{"name":"wp","href":"https:\/\/api.w.org\/{rel}","templated":true}]}}