{"id":76078,"date":"2021-03-16T18:58:44","date_gmt":"2021-03-16T21:58:44","guid":{"rendered":"http:\/\/infoecos.com.ar\/?p=76078"},"modified":"2021-03-16T18:58:47","modified_gmt":"2021-03-16T21:58:47","slug":"se-presentaron-las-pruebas-para-implementar-la-red-5g-en-la-argentina","status":"publish","type":"post","link":"https:\/\/infoecos.com.ar\/index.php\/se-presentaron-las-pruebas-para-implementar-la-red-5g-en-la-argentina\/","title":{"rendered":"Se presentaron las pruebas para implementar la red 5G en la Argentina"},"content":{"rendered":"\n<p class=\"wp-block-paragraph\">Con la presencia del titular de la C\u00e1mara de Diputados, Sergio Massa; el jefe de gabinete, Santiago Cafiero; y el titular de ENACOM, Claudio Ambrosini, se presentaron las pruebas para implementar la red 5G en la Argentina.<\/p>\n\n\n\n<p class=\"wp-block-paragraph\">Son los primeros ensayos que organiza el Estado sobre esta tecnolog\u00eda. Se llevan a cabo hasta el 19 de marzo junto a las empresas de telefon\u00eda m\u00f3vil Nokia, Ericson y Huawey.<\/p>\n\n\n\n<div class=\"wp-block-image\"><figure class=\"aligncenter size-medium\"><img loading=\"lazy\" decoding=\"async\" width=\"460\" height=\"259\" src=\"http:\/\/infoecos.com.ar\/wp-content\/uploads\/2021\/03\/5gmassaycafiero-460x259.jpg\" alt=\"\" class=\"wp-image-76079\" srcset=\"https:\/\/infoecos.com.ar\/wp-content\/uploads\/2021\/03\/5gmassaycafiero-460x259.jpg 460w, https:\/\/infoecos.com.ar\/wp-content\/uploads\/2021\/03\/5gmassaycafiero-920x518.jpg 920w, https:\/\/infoecos.com.ar\/wp-content\/uploads\/2021\/03\/5gmassaycafiero-768x432.jpg 768w, https:\/\/infoecos.com.ar\/wp-content\/uploads\/2021\/03\/5gmassaycafiero.jpg 1004w\" sizes=\"auto, (max-width: 460px) 100vw, 460px\" \/><\/figure><\/div>\n\n\n\n<p class=\"wp-block-paragraph\">En febrero, ENACOM tom\u00f3 la decisi\u00f3n de avanzar con la tecnolog\u00eda 5G, con el objetivo de optimizar la conectividad en la Argentina, tanto fija como inal\u00e1mbrica.<\/p>\n\n\n\n<p class=\"wp-block-paragraph\">Se prev\u00e9 un impacto tecnol\u00f3gico importante en t\u00e9rminos de econom\u00eda global y regional, industrias y sociedad.<\/p>\n\n\n\n<p class=\"wp-block-paragraph\">Los sistemas 5G incluyen nuevas y mejores posibilidades t\u00e9cnicas: mayor velocidad y\u00a0 capacidad de transferencia de informaci\u00f3n, conexiones simult\u00e1neas ultradensa y latencias del orden del milisegundo.<\/p>\n\n\n\n<p class=\"wp-block-paragraph\">Participaron tambi\u00e9n de la apertura de la muestra en Enacom funcionarios de primera l\u00ednea vinculados a \u00e1reas de inmediata relaci\u00f3n con este avance tecnol\u00f3gico: el titular de Educaci\u00f3n, Nicol\u00e1s Trotta, de Transporte, Mario Meoni y la presidenta de Ayasa, Malena Galmarini, ante un auditorio compuesto por colaboradores de m\u00faltiples \u00e1reas de gobierno y representantes de distintas embajadas.<\/p>\n\n\n\n<p class=\"wp-block-paragraph\">A su turno, el anfitri\u00f3n del encuentro, Claudio Ambrosini, remarc\u00f3 que \u00ab4G y 5G van a convivir\u00bb y asegur\u00f3 que el impacto de la nueva tecnolog\u00eda \u00abser\u00e1 un gran avance para la industria, la agricultura, y dar\u00e1 paso a la internet de las cosas\u00bb:<\/p>\n\n\n\n<p class=\"wp-block-paragraph\">Con 5G, afirm\u00f3 Ambrosini: \u201cvamos a estudiar mejor, tendremos mejor industrializaci\u00f3n, vamos a gestionar mejor y a gobernar mejor\u00bb, que es el \u00ablegado que nos da el presidente Alberto Fern\u00e1ndez\u00bb.<\/p>\n\n\n\n<p class=\"wp-block-paragraph\">\u00a0\u00abLa nueva red va a aumentar las capacidades que se van a brindar a la gesti\u00f3n de lo p\u00fablico, seguramente van a hacer mejor el dise\u00f1o de herramientas de pol\u00edticas p\u00fablicas, que es parte de lo que le llega permanentemente a los ciudadanos de a pie\u00bb, se\u00f1al\u00f3 el Jefe de Gabinete de ministros.<\/p>\n\n\n\n<p class=\"wp-block-paragraph\">Massa se\u00f1al\u00f3 que el Parlamento ser\u00e1 el espacio para debatir un marco regulatorio que permita a las empresas desarrollar la tecnolog\u00eda y destac\u00f3 \u00abla decisi\u00f3n del Parlamento de ayudar a saltar al siglo 21 con regulaciones que nos ayuden a dar ese salto, que nuestra generaciones de centennials y millenials se puedan apropiar de la tecnolog\u00eda\u00bb por cuanto \u201cLa 5G es un instrumento para el desarrollo econ\u00f3mico de la Argentina\u00bb.<\/p>\n","protected":false},"excerpt":{"rendered":"<p>Con la presencia del titular de la C\u00e1mara de Diputados, Sergio Massa; el jefe de gabinete, Santiago Cafiero; y el titular de ENACOM, Claudio Ambrosini<\/p>\n","protected":false},"author":2,"featured_media":76079,"comment_status":"closed","ping_status":"open","sticky":false,"template":"","format":"standard","meta":{"footnotes":""},"categories":[25],"tags":[3311],"class_list":["post-76078","post","type-post","status-publish","format-standard","has-post-thumbnail","hentry","category-c3nota1","tag-adelanto-en-las-comunicaciones"],"featured_image_urls":{"full":["https:\/\/infoecos.com.ar\/wp-content\/uploads\/2021\/03\/5gmassaycafiero.jpg",1004,565,false],"thumbnail":["https:\/\/infoecos.com.ar\/wp-content\/uploads\/2021\/03\/5gmassaycafiero-150x150.jpg",150,150,true],"medium":["https:\/\/infoecos.com.ar\/wp-content\/uploads\/2021\/03\/5gmassaycafiero-460x259.jpg",460,259,true],"medium_large":["https:\/\/infoecos.com.ar\/wp-content\/uploads\/2021\/03\/5gmassaycafiero-768x432.jpg",640,360,true],"large":["https:\/\/infoecos.com.ar\/wp-content\/uploads\/2021\/03\/5gmassaycafiero-920x518.jpg",640,360,true],"1536x1536":["https:\/\/infoecos.com.ar\/wp-content\/uploads\/2021\/03\/5gmassaycafiero.jpg",1004,565,false],"2048x2048":["https:\/\/infoecos.com.ar\/wp-content\/uploads\/2021\/03\/5gmassaycafiero.jpg",1004,565,false],"covernews-slider-full":["https:\/\/infoecos.com.ar\/wp-content\/uploads\/2021\/03\/5gmassaycafiero.jpg",1004,565,false],"covernews-slider-center":["https:\/\/infoecos.com.ar\/wp-content\/uploads\/2021\/03\/5gmassaycafiero-936x565.jpg",800,483,true],"covernews-featured":["https:\/\/infoecos.com.ar\/wp-content\/uploads\/2021\/03\/5gmassaycafiero.jpg",1004,565,false],"covernews-medium":["https:\/\/infoecos.com.ar\/wp-content\/uploads\/2021\/03\/5gmassaycafiero-720x380.jpg",540,285,true],"covernews-medium-square":["https:\/\/infoecos.com.ar\/wp-content\/uploads\/2021\/03\/5gmassaycafiero-675x450.jpg",375,250,true]},"author_info":{"info":["Jorge Matheus"]},"category_info":"<a href=\"https:\/\/infoecos.com.ar\/index.php\/category\/c3nota1\/\" rel=\"category tag\">C3 N1<\/a>","tag_info":"C3 N1","comment_count":"0","_links":{"self":[{"href":"https:\/\/infoecos.com.ar\/index.php\/wp-json\/wp\/v2\/posts\/76078","targetHints":{"allow":["GET"]}}],"collection":[{"href":"https:\/\/infoecos.com.ar\/index.php\/wp-json\/wp\/v2\/posts"}],"about":[{"href":"https:\/\/infoecos.com.ar\/index.php\/wp-json\/wp\/v2\/types\/post"}],"author":[{"embeddable":true,"href":"https:\/\/infoecos.com.ar\/index.php\/wp-json\/wp\/v2\/users\/2"}],"replies":[{"embeddable":true,"href":"https:\/\/infoecos.com.ar\/index.php\/wp-json\/wp\/v2\/comments?post=76078"}],"version-history":[{"count":1,"href":"https:\/\/infoecos.com.ar\/index.php\/wp-json\/wp\/v2\/posts\/76078\/revisions"}],"predecessor-version":[{"id":76080,"href":"https:\/\/infoecos.com.ar\/index.php\/wp-json\/wp\/v2\/posts\/76078\/revisions\/76080"}],"wp:featuredmedia":[{"embeddable":true,"href":"https:\/\/infoecos.com.ar\/index.php\/wp-json\/wp\/v2\/media\/76079"}],"wp:attachment":[{"href":"https:\/\/infoecos.com.ar\/index.php\/wp-json\/wp\/v2\/media?parent=76078"}],"wp:term":[{"taxonomy":"category","embeddable":true,"href":"https:\/\/infoecos.com.ar\/index.php\/wp-json\/wp\/v2\/categories?post=76078"},{"taxonomy":"post_tag","embeddable":true,"href":"https:\/\/infoecos.com.ar\/index.php\/wp-json\/wp\/v2\/tags?post=76078"}],"curies":[{"name":"wp","href":"https:\/\/api.w.org\/{rel}","templated":true}]}}