{"id":76093,"date":"2021-03-17T01:12:51","date_gmt":"2021-03-17T04:12:51","guid":{"rendered":"http:\/\/infoecos.com.ar\/?p=76093"},"modified":"2021-03-17T01:14:34","modified_gmt":"2021-03-17T04:14:34","slug":"habra-primarias-abiertas-simultaneas-y-obligatorias-paso","status":"publish","type":"post","link":"https:\/\/infoecos.com.ar\/index.php\/habra-primarias-abiertas-simultaneas-y-obligatorias-paso\/","title":{"rendered":"Habr\u00e1 Primarias Abiertas, Simult\u00e1neas y Obligatorias (PASO)"},"content":{"rendered":"\n<p class=\"wp-block-paragraph\">La C\u00e1mara Nacional Electoral difundi\u00f3&nbsp;el cronograma previsto para cubrir cargos parlamentarios, en el que se estableci\u00f3 que las Primarias Abiertas Simult\u00e1neas y Obligatorias (PASO)&nbsp;ser\u00e1n el 8 de agosto pr\u00f3ximo, dos meses y medio antes de los comicios generales, fijados para el 24 de octubre, se inform\u00f3 oficialmente.<\/p>\n\n\n\n<div class=\"wp-block-image\"><figure class=\"aligncenter size-large\"><img decoding=\"async\" src=\"http:\/\/infoecos.com.ar\/wp-content\/uploads\/URNA-3-e1502769652391.jpg\" alt=\"\" class=\"wp-image-18884\"\/><figcaption>Urnas<\/figcaption><\/figure><\/div>\n\n\n\n<p class=\"wp-block-paragraph\">De acuerdo con el esquema, la campa\u00f1a electoral para las primarias se iniciar\u00e1 el 19 de junio, y finalizar\u00e1 el 6 de agosto a las ocho horas, dos d\u00edas antes de la votaci\u00f3n. A su vez, la campa\u00f1a electoral para las elecciones generales comenzar\u00e1 el 4 de setiembre y concluir\u00e1 el 22 de octubre, ambas con una duraci\u00f3n de 50 d\u00edas.<\/p>\n\n\n\n<p class=\"wp-block-paragraph\">Los ciudadanos tendr\u00e1n tiempo hasta el 27 de abril para incorporar cambios con respecto a sus datos personales, como modificaciones de estado y mudanzas de domicilio, ya que en esa fecha cerrar\u00e1 el padr\u00f3n provisorio, el cual ser\u00e1 publicado el 7 de mayo.<\/p>\n\n\n\n<p class=\"wp-block-paragraph\">El 21 de mayo, en tanto concluir\u00e1 el plazo para que los electores puedan efectuar reclamos sobre sus datos y solicitar la eliminaci\u00f3n de los fallecidos, y est\u00e1 prevista la publicaci\u00f3n del padr\u00f3n definitivo para el 9 de julio.<\/p>\n\n\n\n<p class=\"wp-block-paragraph\">Con respecto de los partidos pol\u00edticos, el d\u00eda 9 de junio finalizar\u00e1 el plazo para solicitar reconocimiento de alianzas transitorias y confederaciones para participar en los comicios, mientras que tendr\u00e1n tiempo hasta el 14 del mismo mes para pedir la asignaci\u00f3n de colores para las boletas para las PASO y las elecciones generales<\/p>\n\n\n\n<p class=\"wp-block-paragraph\">Los actos p\u00fablicos susceptibles de promover la captaci\u00f3n del sufragio quedar\u00e1n prohibidos a partir del 14 de julio (25 d\u00edas antes de las PASO), y desde el 31 de julio no se podr\u00e1n publicar y difundir encuestas y sondeos preelectorales ni realizar actos p\u00fablicos de proselitismo.<\/p>\n\n\n\n<p class=\"wp-block-paragraph\">El 8 de agosto, d\u00eda en que se realizar\u00e1n las PASO, queda prohibida entre las 18 y las 21 la publicaci\u00f3n o difusi\u00f3n de encuestas y proyecciones sobre el resultado de la elecci\u00f3n, cuyo escrutinio definitivo se iniciar\u00e1 el 10 de agosto a las 18.<\/p>\n\n\n\n<p class=\"wp-block-paragraph\">En tanto, superadas las PASO, a partir del 4 de septiembre podr\u00e1n realizar actos de campa\u00f1a los partidos pol\u00edticos que hayan logrado oficializar a sus candidatos hasta el 22 de octubre, fecha en que se iniciar\u00e1 la veda de 48 horas previas a los comicios generales del 24.<\/p>\n\n\n\n<p class=\"wp-block-paragraph\">Seg\u00fan el cronograma difundido por la CNE, ocho d\u00edas antes de esa votaci\u00f3n, el 16 de octubre comenzar\u00e1 a regir la prohibici\u00f3n de publicar o difundir encuestas o sondeos de opini\u00f3n y pron\u00f3sticos electorales.<\/p>\n\n\n\n<p class=\"wp-block-paragraph\">El 19 de setiembre comienza de la campa\u00f1a electoral en medios de comunicaci\u00f3n audiovisual; el 9 de octubre se proceder\u00e1 a la difusi\u00f3n de los lugares y mesas de votaci\u00f3n, y el d\u00eda de las elecciones generales, el 24 de octubre, estar\u00e1 prohibido entre las 18 y las 21 \u2013al igual que en las PASO&#8211; publicar o difundir encuestas y proyecciones sobre el resultado de la elecci\u00f3n.<\/p>\n","protected":false},"excerpt":{"rendered":"<p>Ser\u00e1n el 8 de agosto pr\u00f3ximo, dos meses y medio antes de los comicios generales, fijados para el 24 de octubre, se inform\u00f3 oficialmente.<\/p>\n","protected":false},"author":2,"featured_media":19070,"comment_status":"closed","ping_status":"open","sticky":false,"template":"","format":"standard","meta":{"footnotes":""},"categories":[29],"tags":[3313],"class_list":["post-76093","post","type-post","status-publish","format-standard","has-post-thumbnail","hentry","category-c2nota1","tag-la-camara-nacional-electoral-difundio-el-cronograma"],"featured_image_urls":{"full":"","thumbnail":"","medium":"","medium_large":"","large":"","1536x1536":"","2048x2048":"","covernews-slider-full":"","covernews-slider-center":"","covernews-featured":"","covernews-medium":"","covernews-medium-square":""},"author_info":{"info":["Jorge Matheus"]},"category_info":"<a href=\"https:\/\/infoecos.com.ar\/index.php\/category\/c2nota1\/\" rel=\"category tag\">C2 nota 1<\/a>","tag_info":"C2 nota 1","comment_count":"0","_links":{"self":[{"href":"https:\/\/infoecos.com.ar\/index.php\/wp-json\/wp\/v2\/posts\/76093","targetHints":{"allow":["GET"]}}],"collection":[{"href":"https:\/\/infoecos.com.ar\/index.php\/wp-json\/wp\/v2\/posts"}],"about":[{"href":"https:\/\/infoecos.com.ar\/index.php\/wp-json\/wp\/v2\/types\/post"}],"author":[{"embeddable":true,"href":"https:\/\/infoecos.com.ar\/index.php\/wp-json\/wp\/v2\/users\/2"}],"replies":[{"embeddable":true,"href":"https:\/\/infoecos.com.ar\/index.php\/wp-json\/wp\/v2\/comments?post=76093"}],"version-history":[{"count":2,"href":"https:\/\/infoecos.com.ar\/index.php\/wp-json\/wp\/v2\/posts\/76093\/revisions"}],"predecessor-version":[{"id":76095,"href":"https:\/\/infoecos.com.ar\/index.php\/wp-json\/wp\/v2\/posts\/76093\/revisions\/76095"}],"wp:attachment":[{"href":"https:\/\/infoecos.com.ar\/index.php\/wp-json\/wp\/v2\/media?parent=76093"}],"wp:term":[{"taxonomy":"category","embeddable":true,"href":"https:\/\/infoecos.com.ar\/index.php\/wp-json\/wp\/v2\/categories?post=76093"},{"taxonomy":"post_tag","embeddable":true,"href":"https:\/\/infoecos.com.ar\/index.php\/wp-json\/wp\/v2\/tags?post=76093"}],"curies":[{"name":"wp","href":"https:\/\/api.w.org\/{rel}","templated":true}]}}