{"id":76120,"date":"2021-03-17T02:26:30","date_gmt":"2021-03-17T05:26:30","guid":{"rendered":"http:\/\/infoecos.com.ar\/?p=76120"},"modified":"2021-03-17T02:26:34","modified_gmt":"2021-03-17T05:26:34","slug":"nuevo-delegado-municipal-en-gonzalez-moreno","status":"publish","type":"post","link":"https:\/\/infoecos.com.ar\/index.php\/nuevo-delegado-municipal-en-gonzalez-moreno\/","title":{"rendered":"Nuevo delegado municipal en Gonz\u00e1lez Moreno"},"content":{"rendered":"\n<p class=\"wp-block-paragraph\">Emanuel Inza reemplazar\u00e1 a Patricia Bascal al frente de la Delegaci\u00f3n de Gonz\u00e1lez Moreno a partir del 1 de abril. As\u00ed lo confirm\u00f3 el propio intendente de Rivadavia, Javier Reynoso, tras reunirse con ambos.<\/p>\n\n\n\n<div class=\"wp-block-image\"><figure class=\"aligncenter size-medium\"><img loading=\"lazy\" decoding=\"async\" width=\"460\" height=\"240\" src=\"http:\/\/infoecos.com.ar\/wp-content\/uploads\/2021\/03\/reynosoizabascal-460x240.jpg\" alt=\"\" class=\"wp-image-76121\" srcset=\"https:\/\/infoecos.com.ar\/wp-content\/uploads\/2021\/03\/reynosoizabascal-460x240.jpg 460w, https:\/\/infoecos.com.ar\/wp-content\/uploads\/2021\/03\/reynosoizabascal-768x400.jpg 768w, https:\/\/infoecos.com.ar\/wp-content\/uploads\/2021\/03\/reynosoizabascal.jpg 787w\" sizes=\"auto, (max-width: 460px) 100vw, 460px\" \/><\/figure><\/div>\n\n\n\n<p class=\"wp-block-paragraph\">\u201cCon Patricia, para con qui\u00e9n siempre estar\u00e9 agradecido por su compromiso permanente y trabajo por su querida comunidad. Y junto a\u00a0 Emanuel, quien asumir\u00e1 con los mismos valores\u201d, coment\u00f3 Reynoso. <\/p>\n\n\n\n<p class=\"wp-block-paragraph\">\u201cEstuvimos trabajando, coordinando la transici\u00f3n y\u00a0 pensando juntos un Gonz\u00e1lez Moreno hacia el futuro\u201d, a\u00f1adi\u00f3 el mandatario comunal.<\/p>\n\n\n\n<p class=\"wp-block-paragraph\"><strong>Fuente: tiempodeloeste.com<\/strong><\/p>\n","protected":false},"excerpt":{"rendered":"<p>As\u00ed lo confirm\u00f3 el propio intendente de Rivadavia, Javier Reynoso<\/p>\n","protected":false},"author":2,"featured_media":76121,"comment_status":"closed","ping_status":"open","sticky":false,"template":"","format":"standard","meta":{"footnotes":""},"categories":[24],"tags":[3319],"class_list":["post-76120","post","type-post","status-publish","format-standard","has-post-thumbnail","hentry","category-c1nota3","tag-asumira-el-1-de-abril"],"featured_image_urls":{"full":["https:\/\/infoecos.com.ar\/wp-content\/uploads\/2021\/03\/reynosoizabascal.jpg",787,410,false],"thumbnail":["https:\/\/infoecos.com.ar\/wp-content\/uploads\/2021\/03\/reynosoizabascal-150x150.jpg",150,150,true],"medium":["https:\/\/infoecos.com.ar\/wp-content\/uploads\/2021\/03\/reynosoizabascal-460x240.jpg",460,240,true],"medium_large":["https:\/\/infoecos.com.ar\/wp-content\/uploads\/2021\/03\/reynosoizabascal-768x400.jpg",640,333,true],"large":["https:\/\/infoecos.com.ar\/wp-content\/uploads\/2021\/03\/reynosoizabascal.jpg",640,333,false],"1536x1536":["https:\/\/infoecos.com.ar\/wp-content\/uploads\/2021\/03\/reynosoizabascal.jpg",787,410,false],"2048x2048":["https:\/\/infoecos.com.ar\/wp-content\/uploads\/2021\/03\/reynosoizabascal.jpg",787,410,false],"covernews-slider-full":["https:\/\/infoecos.com.ar\/wp-content\/uploads\/2021\/03\/reynosoizabascal.jpg",787,410,false],"covernews-slider-center":["https:\/\/infoecos.com.ar\/wp-content\/uploads\/2021\/03\/reynosoizabascal.jpg",787,410,false],"covernews-featured":["https:\/\/infoecos.com.ar\/wp-content\/uploads\/2021\/03\/reynosoizabascal.jpg",787,410,false],"covernews-medium":["https:\/\/infoecos.com.ar\/wp-content\/uploads\/2021\/03\/reynosoizabascal-720x380.jpg",540,285,true],"covernews-medium-square":["https:\/\/infoecos.com.ar\/wp-content\/uploads\/2021\/03\/reynosoizabascal-675x410.jpg",400,243,true]},"author_info":{"info":["Jorge Matheus"]},"category_info":"<a href=\"https:\/\/infoecos.com.ar\/index.php\/category\/c1nota3\/\" rel=\"category tag\">C1 N3<\/a>","tag_info":"C1 N3","comment_count":"0","_links":{"self":[{"href":"https:\/\/infoecos.com.ar\/index.php\/wp-json\/wp\/v2\/posts\/76120","targetHints":{"allow":["GET"]}}],"collection":[{"href":"https:\/\/infoecos.com.ar\/index.php\/wp-json\/wp\/v2\/posts"}],"about":[{"href":"https:\/\/infoecos.com.ar\/index.php\/wp-json\/wp\/v2\/types\/post"}],"author":[{"embeddable":true,"href":"https:\/\/infoecos.com.ar\/index.php\/wp-json\/wp\/v2\/users\/2"}],"replies":[{"embeddable":true,"href":"https:\/\/infoecos.com.ar\/index.php\/wp-json\/wp\/v2\/comments?post=76120"}],"version-history":[{"count":1,"href":"https:\/\/infoecos.com.ar\/index.php\/wp-json\/wp\/v2\/posts\/76120\/revisions"}],"predecessor-version":[{"id":76122,"href":"https:\/\/infoecos.com.ar\/index.php\/wp-json\/wp\/v2\/posts\/76120\/revisions\/76122"}],"wp:featuredmedia":[{"embeddable":true,"href":"https:\/\/infoecos.com.ar\/index.php\/wp-json\/wp\/v2\/media\/76121"}],"wp:attachment":[{"href":"https:\/\/infoecos.com.ar\/index.php\/wp-json\/wp\/v2\/media?parent=76120"}],"wp:term":[{"taxonomy":"category","embeddable":true,"href":"https:\/\/infoecos.com.ar\/index.php\/wp-json\/wp\/v2\/categories?post=76120"},{"taxonomy":"post_tag","embeddable":true,"href":"https:\/\/infoecos.com.ar\/index.php\/wp-json\/wp\/v2\/tags?post=76120"}],"curies":[{"name":"wp","href":"https:\/\/api.w.org\/{rel}","templated":true}]}}