{"id":76173,"date":"2021-03-18T00:37:13","date_gmt":"2021-03-18T03:37:13","guid":{"rendered":"http:\/\/infoecos.com.ar\/?p=76173"},"modified":"2021-03-18T00:37:18","modified_gmt":"2021-03-18T03:37:18","slug":"1740-escrituras-entregara-el-gobierno-de-buenos-aires-entre-jueves-y-viernes-en-la-4-seccion-electoral","status":"publish","type":"post","link":"https:\/\/infoecos.com.ar\/index.php\/1740-escrituras-entregara-el-gobierno-de-buenos-aires-entre-jueves-y-viernes-en-la-4-seccion-electoral\/","title":{"rendered":"1740 escrituras entregar\u00e1 el gobierno de Buenos Aires, entre jueves y viernes, en la 4\u00b0 Secci\u00f3n Electoral"},"content":{"rendered":"\n<p class=\"wp-block-paragraph\">Entre el jueves y viernes en los distintos distritos de la 4\u00b0 Secci\u00f3n Electoral, el gobierno de la provincia de Buenos Aires entregar\u00e1 1740 escrituras.<\/p>\n\n\n\n<div class=\"wp-block-image\"><figure class=\"aligncenter size-medium\"><img loading=\"lazy\" decoding=\"async\" width=\"460\" height=\"306\" src=\"http:\/\/infoecos.com.ar\/wp-content\/uploads\/2020\/09\/casagobietrnobsa-460x306.jpg\" alt=\"\" class=\"wp-image-68637\" srcset=\"https:\/\/infoecos.com.ar\/wp-content\/uploads\/2020\/09\/casagobietrnobsa-460x306.jpg 460w, https:\/\/infoecos.com.ar\/wp-content\/uploads\/2020\/09\/casagobietrnobsa-675x450.jpg 675w, https:\/\/infoecos.com.ar\/wp-content\/uploads\/2020\/09\/casagobietrnobsa.jpg 760w\" sizes=\"auto, (max-width: 460px) 100vw, 460px\" \/><\/figure><\/div>\n\n\n\n<p class=\"wp-block-paragraph\">Como est\u00e1 adelantado en nuestro sitio los actos contar\u00e1n con la participaci\u00f3n de ministros y funcionarios de alto rango del gobierno que conduce Axel Kicillof.<\/p>\n\n\n\n<p class=\"wp-block-paragraph\">Se supo sobre la medianoche del mi\u00e9rcoles que Agustina Vila, Directora General de Cultura y Educaci\u00f3n estar\u00e1 en General Pinto, mientras que Julio Alak tendr\u00e1 actividad por partida doble ya que entregar\u00e1 escrituras en Chacabuco y Pehuaj\u00f3. En tanto, Sergio Berni, titular de Seguridad, concurrir\u00e1 a Chivilcoy, y Estela D\u00edaz, ministra de las Mujeres, Pol\u00edticas de G\u00e9nero y Diversidad Sexual concurrir\u00e1 a 9 de Julio. Andr\u00e9s Larroque, ministro de Desarrollo Social visitar\u00e1 con id\u00e9ntico prop\u00f3sito el distrito de Alberti y Agust\u00edn Simone, ministro de Infraestructura viajar\u00e1 a Bragado. Tambi\u00e9n tendr\u00e1n actividad similar Federico Thea, Ana Laura Ramos, Rub\u00e9n Pascolini, Luc\u00eda Ia\u00f1es, Sebasti\u00e1n Tangorra, Alejo Suply, Santiago P\u00e9rez Teruel y Marcelo Galland. <\/p>\n\n\n\n<p class=\"wp-block-paragraph\"><\/p>\n","protected":false},"excerpt":{"rendered":"<p>Los actos contar\u00e1n con la participaci\u00f3n de ministros y funcionarios de alto rango del gobierno que conduce Axel Kicillof<\/p>\n","protected":false},"author":2,"featured_media":68637,"comment_status":"closed","ping_status":"open","sticky":false,"template":"","format":"standard","meta":{"footnotes":""},"categories":[46],"tags":[3333],"class_list":["post-76173","post","type-post","status-publish","format-standard","has-post-thumbnail","hentry","category-c2nota2","tag-en-los-19-distritos"],"featured_image_urls":{"full":["https:\/\/infoecos.com.ar\/wp-content\/uploads\/2020\/09\/casagobietrnobsa.jpg",760,506,false],"thumbnail":["https:\/\/infoecos.com.ar\/wp-content\/uploads\/2020\/09\/casagobietrnobsa-150x150.jpg",150,150,true],"medium":["https:\/\/infoecos.com.ar\/wp-content\/uploads\/2020\/09\/casagobietrnobsa-460x306.jpg",460,306,true],"medium_large":["https:\/\/infoecos.com.ar\/wp-content\/uploads\/2020\/09\/casagobietrnobsa.jpg",640,426,false],"large":["https:\/\/infoecos.com.ar\/wp-content\/uploads\/2020\/09\/casagobietrnobsa.jpg",640,426,false],"1536x1536":["https:\/\/infoecos.com.ar\/wp-content\/uploads\/2020\/09\/casagobietrnobsa.jpg",760,506,false],"2048x2048":["https:\/\/infoecos.com.ar\/wp-content\/uploads\/2020\/09\/casagobietrnobsa.jpg",760,506,false],"covernews-slider-full":["https:\/\/infoecos.com.ar\/wp-content\/uploads\/2020\/09\/casagobietrnobsa.jpg",760,506,false],"covernews-slider-center":["https:\/\/infoecos.com.ar\/wp-content\/uploads\/2020\/09\/casagobietrnobsa.jpg",751,500,false],"covernews-featured":["https:\/\/infoecos.com.ar\/wp-content\/uploads\/2020\/09\/casagobietrnobsa.jpg",760,506,false],"covernews-medium":["https:\/\/infoecos.com.ar\/wp-content\/uploads\/2020\/09\/casagobietrnobsa-720x380.jpg",540,285,true],"covernews-medium-square":["https:\/\/infoecos.com.ar\/wp-content\/uploads\/2020\/09\/casagobietrnobsa-675x450.jpg",375,250,true]},"author_info":{"info":["Jorge Matheus"]},"category_info":"<a href=\"https:\/\/infoecos.com.ar\/index.php\/category\/c2nota2\/\" rel=\"category tag\">C2 N2<\/a>","tag_info":"C2 N2","comment_count":"0","_links":{"self":[{"href":"https:\/\/infoecos.com.ar\/index.php\/wp-json\/wp\/v2\/posts\/76173","targetHints":{"allow":["GET"]}}],"collection":[{"href":"https:\/\/infoecos.com.ar\/index.php\/wp-json\/wp\/v2\/posts"}],"about":[{"href":"https:\/\/infoecos.com.ar\/index.php\/wp-json\/wp\/v2\/types\/post"}],"author":[{"embeddable":true,"href":"https:\/\/infoecos.com.ar\/index.php\/wp-json\/wp\/v2\/users\/2"}],"replies":[{"embeddable":true,"href":"https:\/\/infoecos.com.ar\/index.php\/wp-json\/wp\/v2\/comments?post=76173"}],"version-history":[{"count":1,"href":"https:\/\/infoecos.com.ar\/index.php\/wp-json\/wp\/v2\/posts\/76173\/revisions"}],"predecessor-version":[{"id":76174,"href":"https:\/\/infoecos.com.ar\/index.php\/wp-json\/wp\/v2\/posts\/76173\/revisions\/76174"}],"wp:featuredmedia":[{"embeddable":true,"href":"https:\/\/infoecos.com.ar\/index.php\/wp-json\/wp\/v2\/media\/68637"}],"wp:attachment":[{"href":"https:\/\/infoecos.com.ar\/index.php\/wp-json\/wp\/v2\/media?parent=76173"}],"wp:term":[{"taxonomy":"category","embeddable":true,"href":"https:\/\/infoecos.com.ar\/index.php\/wp-json\/wp\/v2\/categories?post=76173"},{"taxonomy":"post_tag","embeddable":true,"href":"https:\/\/infoecos.com.ar\/index.php\/wp-json\/wp\/v2\/tags?post=76173"}],"curies":[{"name":"wp","href":"https:\/\/api.w.org\/{rel}","templated":true}]}}