{"id":76180,"date":"2021-03-18T01:00:18","date_gmt":"2021-03-18T04:00:18","guid":{"rendered":"http:\/\/infoecos.com.ar\/?p=76180"},"modified":"2021-03-18T01:00:24","modified_gmt":"2021-03-18T04:00:24","slug":"otras-195-personas-murieron-y-8-304-fueron-reportadas-con-coronavirus-en-las-ultimas-24-horas-en-la-argentina","status":"publish","type":"post","link":"https:\/\/infoecos.com.ar\/index.php\/otras-195-personas-murieron-y-8-304-fueron-reportadas-con-coronavirus-en-las-ultimas-24-horas-en-la-argentina\/","title":{"rendered":"Otras 195 personas murieron y 8.304 fueron reportadas con coronavirus en las \u00faltimas 24 horas en la Argentina"},"content":{"rendered":"\n<p class=\"wp-block-paragraph\">Otras 195 personas murieron y 8.304 fueron reportadas con coronavirus en las \u00faltimas 24 horas en la Argentina.<\/p>\n\n\n\n<p class=\"wp-block-paragraph\">Con los \u00faltimos registros suman 54.231 los fallecidos a nivel nacional y 2.218.425 los contagiados desde el inicio de la pandemia, inform\u00f3 el Ministerio de Salud.<\/p>\n\n\n\n<div class=\"wp-block-image\"><figure class=\"aligncenter size-medium\"><img loading=\"lazy\" decoding=\"async\" width=\"460\" height=\"258\" src=\"http:\/\/infoecos.com.ar\/wp-content\/uploads\/coroam-460x258.jpg\" alt=\"\" class=\"wp-image-64435\" srcset=\"https:\/\/infoecos.com.ar\/wp-content\/uploads\/coroam-460x258.jpg 460w, https:\/\/infoecos.com.ar\/wp-content\/uploads\/coroam-920x517.jpg 920w, https:\/\/infoecos.com.ar\/wp-content\/uploads\/coroam-768x431.jpg 768w, https:\/\/infoecos.com.ar\/wp-content\/uploads\/coroam.jpg 1004w\" sizes=\"auto, (max-width: 460px) 100vw, 460px\" \/><\/figure><\/div>\n\n\n\n<p class=\"wp-block-paragraph\">La cartera sanitaria indic\u00f3 que son&nbsp;<strong>3.485 los internados en unidades de terapia intensiva<\/strong>, con un porcentaje de ocupaci\u00f3n de camas de adultos de 55,1% en el pa\u00eds y del 59,8% en la \u00c1rea Metropolitana Buenos Aires.<\/p>\n\n\n\n<p class=\"wp-block-paragraph\">De acuerdo al Monitor P\u00fablico de Vacunaci\u00f3n actualizado a las 18,&nbsp;<strong>el total de inoculados asciende a 2.762.672, de los cuales 2.253.951 recibieron una dosis y 509.321 las dos, mientras que las vacunas distribuidas a las jurisdicciones llegan a 3.843.565.<\/strong><\/p>\n\n\n\n<p class=\"wp-block-paragraph\"><strong>Un 54,49% (4.525 personas) de los infectados de ayer (8.304) corresponden a la Ciudad y a la provincia de Buenos Aires.<\/strong><\/p>\n\n\n\n<p class=\"wp-block-paragraph\">De los 2.218.425 contagiados, el 90,29% (2.003.121) recibi\u00f3 el alta y 161.073 son casos confirmados activos.<\/p>\n\n\n\n<p class=\"wp-block-paragraph\">El reporte consign\u00f3 que<strong>&nbsp;murieron 99 hombres y 93 mujeres, mientras que 1 persona de la provincia de Buenos Aires, 1 de la Ciudad de Buenos Aires y 1 de Santa Fe fueron registradas sin datos de sexo.<\/strong><\/p>\n","protected":false},"excerpt":{"rendered":"<p>El reporte consign\u00f3 que murieron 99 hombres y 93 mujeres, mientras que 1 persona de la provincia de Buenos Aires, 1 de la Ciudad de Buenos Aires y 1 de Santa Fe fueron registradas sin datos de sexo<\/p>\n","protected":false},"author":2,"featured_media":64435,"comment_status":"closed","ping_status":"open","sticky":false,"template":"","format":"standard","meta":{"footnotes":""},"categories":[198],"tags":[156],"class_list":["post-76180","post","type-post","status-publish","format-standard","has-post-thumbnail","hentry","category-c1nota5","tag-salud"],"featured_image_urls":{"full":["https:\/\/infoecos.com.ar\/wp-content\/uploads\/coroam.jpg",1004,564,false],"thumbnail":["https:\/\/infoecos.com.ar\/wp-content\/uploads\/coroam-150x150.jpg",150,150,true],"medium":["https:\/\/infoecos.com.ar\/wp-content\/uploads\/coroam-460x258.jpg",460,258,true],"medium_large":["https:\/\/infoecos.com.ar\/wp-content\/uploads\/coroam-768x431.jpg",640,359,true],"large":["https:\/\/infoecos.com.ar\/wp-content\/uploads\/coroam-920x517.jpg",640,360,true],"1536x1536":["https:\/\/infoecos.com.ar\/wp-content\/uploads\/coroam.jpg",1004,564,false],"2048x2048":["https:\/\/infoecos.com.ar\/wp-content\/uploads\/coroam.jpg",1004,564,false],"covernews-slider-full":["https:\/\/infoecos.com.ar\/wp-content\/uploads\/coroam.jpg",1004,564,false],"covernews-slider-center":["https:\/\/infoecos.com.ar\/wp-content\/uploads\/coroam-936x564.jpg",800,482,true],"covernews-featured":["https:\/\/infoecos.com.ar\/wp-content\/uploads\/coroam.jpg",1004,564,false],"covernews-medium":["https:\/\/infoecos.com.ar\/wp-content\/uploads\/coroam-720x380.jpg",540,285,true],"covernews-medium-square":["https:\/\/infoecos.com.ar\/wp-content\/uploads\/coroam-675x450.jpg",375,250,true]},"author_info":{"info":["Jorge Matheus"]},"category_info":"<a href=\"https:\/\/infoecos.com.ar\/index.php\/category\/c1nota5\/\" rel=\"category tag\">C1 nota 5<\/a>","tag_info":"C1 nota 5","comment_count":"0","_links":{"self":[{"href":"https:\/\/infoecos.com.ar\/index.php\/wp-json\/wp\/v2\/posts\/76180","targetHints":{"allow":["GET"]}}],"collection":[{"href":"https:\/\/infoecos.com.ar\/index.php\/wp-json\/wp\/v2\/posts"}],"about":[{"href":"https:\/\/infoecos.com.ar\/index.php\/wp-json\/wp\/v2\/types\/post"}],"author":[{"embeddable":true,"href":"https:\/\/infoecos.com.ar\/index.php\/wp-json\/wp\/v2\/users\/2"}],"replies":[{"embeddable":true,"href":"https:\/\/infoecos.com.ar\/index.php\/wp-json\/wp\/v2\/comments?post=76180"}],"version-history":[{"count":1,"href":"https:\/\/infoecos.com.ar\/index.php\/wp-json\/wp\/v2\/posts\/76180\/revisions"}],"predecessor-version":[{"id":76181,"href":"https:\/\/infoecos.com.ar\/index.php\/wp-json\/wp\/v2\/posts\/76180\/revisions\/76181"}],"wp:featuredmedia":[{"embeddable":true,"href":"https:\/\/infoecos.com.ar\/index.php\/wp-json\/wp\/v2\/media\/64435"}],"wp:attachment":[{"href":"https:\/\/infoecos.com.ar\/index.php\/wp-json\/wp\/v2\/media?parent=76180"}],"wp:term":[{"taxonomy":"category","embeddable":true,"href":"https:\/\/infoecos.com.ar\/index.php\/wp-json\/wp\/v2\/categories?post=76180"},{"taxonomy":"post_tag","embeddable":true,"href":"https:\/\/infoecos.com.ar\/index.php\/wp-json\/wp\/v2\/tags?post=76180"}],"curies":[{"name":"wp","href":"https:\/\/api.w.org\/{rel}","templated":true}]}}