{"id":76187,"date":"2021-03-18T01:16:10","date_gmt":"2021-03-18T04:16:10","guid":{"rendered":"http:\/\/infoecos.com.ar\/?p=76187"},"modified":"2021-03-19T02:45:14","modified_gmt":"2021-03-19T05:45:14","slug":"escuelas-privadas-piden-al-ips-un-plan-para-pagar-sus-deudas-previsionales","status":"publish","type":"post","link":"https:\/\/infoecos.com.ar\/index.php\/escuelas-privadas-piden-al-ips-un-plan-para-pagar-sus-deudas-previsionales\/","title":{"rendered":"Escuelas privadas piden al IPS un plan para pagar sus deudas previsionales"},"content":{"rendered":"\n<p class=\"wp-block-paragraph\">M\u00e1s de dos mil escuelas educativas nucleadas en la&nbsp;Asociaci\u00f3n de Institutos de Ense\u00f1anza Privados de la provincia de Buenos Aires (AIEPBA)&nbsp;volvieron a pedir al Instituto de Previsi\u00f3n Social (IPA)&nbsp;un plan de 120 cuotas, con una reducci\u00f3n de multas e intereses en sus deudas previsionales&nbsp; \u201ccomo fueron beneficiados otros organismos provinciales\u201d, teniendo en cuenta \u201clos graves problemas econ\u00f3micas que sufren gran parte de los los colegios\u201d producto de las consecuencias de la pandemia.<\/p>\n\n\n\n<div class=\"wp-block-image\"><figure class=\"aligncenter size-medium\"><img loading=\"lazy\" decoding=\"async\" width=\"460\" height=\"306\" src=\"http:\/\/infoecos.com.ar\/wp-content\/uploads\/2021\/02\/ips-460x306.jpeg\" alt=\"\" class=\"wp-image-74484\" srcset=\"https:\/\/infoecos.com.ar\/wp-content\/uploads\/2021\/02\/ips-460x306.jpeg 460w, https:\/\/infoecos.com.ar\/wp-content\/uploads\/2021\/02\/ips-675x450.jpeg 675w, https:\/\/infoecos.com.ar\/wp-content\/uploads\/2021\/02\/ips.jpeg 680w\" sizes=\"auto, (max-width: 460px) 100vw, 460px\" \/><\/figure><\/div>\n\n\n\n<p class=\"wp-block-paragraph\">En una carta presentada por la titular de la entidad, Mar\u00eda del Carmen M\u00f3nica, al organismo que preside Eduardo Sant\u00edn, se reclam\u00f3 al IPS \u201cun acercamiento para llegar a un acuerdo\u201d y que el sector \u201csea escuchado\u201d.<\/p>\n\n\n\n<p class=\"wp-block-paragraph\">\u201cEstamos defraudados ante la imposibilidad de mantener un di\u00e1logo que nos permita dar a conocer la dura realidad que nos afecta y sentimos una falta de acompa\u00f1amiento en momentos tan dif\u00edciles\u201d, se indic\u00f3 en la misiva.<\/p>\n\n\n\n<p class=\"wp-block-paragraph\">\u201cSentimos que existe una gran indiferencia por las decisiones que han tenido que tomar &nbsp;muchos propietarios de escuelas, como cierres definitivos, cierre de secciones, grandes &nbsp;endeudamientos por cr\u00e9ditos bancarios\u201d, dice una parte del texto presentado por AIEPBA.<\/p>\n\n\n\n<p class=\"wp-block-paragraph\">\u201cVemos con angustia las consecuencias de un 2020 en el &nbsp;que la mayor\u00eda de las familias han sufrido problemas laborales y no est\u00e1n en condiciones &nbsp;de saldar las deudas contra\u00eddas por la escolaridad de sus hijos.&nbsp; El a\u00f1o 2021 ser\u00e1 diferente, pero no estar\u00e1 exento de grandes dificultades\u201d, se indic\u00f3.<\/p>\n\n\n\n<p class=\"wp-block-paragraph\">\u201cEs por todo lo expresado, que le solicitamos nuevamente una reuni\u00f3n en la que podamos &nbsp;darle a conocer las particularidades de las escuelas de gesti\u00f3n privada, los apremios &nbsp;econ\u00f3micos por los que estamos pasando, como tambi\u00e9n la intenci\u00f3n de cumplir con &nbsp;nuestras obligaciones previsionales\u201d.<\/p>\n\n\n\n<p class=\"wp-block-paragraph\">En ese marco,&nbsp;desde AIEPBA se pidi\u00f3 \u201cla necesidad de que el IPS nos conceda un amplio plan de pagos, como lo est\u00e1n haciendo otros organismos provinciales, con hasta 120 cuotas y una reducci\u00f3n importante de multas e intereses\u201d<strong>.<\/strong><\/p>\n","protected":false},"excerpt":{"rendered":"<p>Reclaman un plan de pagos como lo obtuvieron otros sectores. Dicen que desde el organismo no los atienden. El sector es uno de los m\u00e1s afectados por la pandemia<\/p>\n","protected":false},"author":2,"featured_media":74484,"comment_status":"closed","ping_status":"open","sticky":false,"template":"","format":"standard","meta":{"footnotes":""},"categories":[42],"tags":[3336],"class_list":["post-76187","post","type-post","status-publish","format-standard","has-post-thumbnail","hentry","category-inferior3","tag-con-reduccion-de-multas-e-intereses"],"featured_image_urls":{"full":["https:\/\/infoecos.com.ar\/wp-content\/uploads\/2021\/02\/ips.jpeg",680,453,false],"thumbnail":["https:\/\/infoecos.com.ar\/wp-content\/uploads\/2021\/02\/ips-150x150.jpeg",150,150,true],"medium":["https:\/\/infoecos.com.ar\/wp-content\/uploads\/2021\/02\/ips-460x306.jpeg",460,306,true],"medium_large":["https:\/\/infoecos.com.ar\/wp-content\/uploads\/2021\/02\/ips.jpeg",640,426,false],"large":["https:\/\/infoecos.com.ar\/wp-content\/uploads\/2021\/02\/ips.jpeg",640,426,false],"1536x1536":["https:\/\/infoecos.com.ar\/wp-content\/uploads\/2021\/02\/ips.jpeg",680,453,false],"2048x2048":["https:\/\/infoecos.com.ar\/wp-content\/uploads\/2021\/02\/ips.jpeg",680,453,false],"covernews-slider-full":["https:\/\/infoecos.com.ar\/wp-content\/uploads\/2021\/02\/ips.jpeg",680,453,false],"covernews-slider-center":["https:\/\/infoecos.com.ar\/wp-content\/uploads\/2021\/02\/ips.jpeg",680,453,false],"covernews-featured":["https:\/\/infoecos.com.ar\/wp-content\/uploads\/2021\/02\/ips.jpeg",680,453,false],"covernews-medium":["https:\/\/infoecos.com.ar\/wp-content\/uploads\/2021\/02\/ips-680x380.jpeg",540,302,true],"covernews-medium-square":["https:\/\/infoecos.com.ar\/wp-content\/uploads\/2021\/02\/ips-675x450.jpeg",375,250,true]},"author_info":{"info":["Jorge Matheus"]},"category_info":"<a href=\"https:\/\/infoecos.com.ar\/index.php\/category\/inferior3\/\" rel=\"category tag\">Bloque inferior - 3<\/a>","tag_info":"Bloque inferior - 3","comment_count":"0","_links":{"self":[{"href":"https:\/\/infoecos.com.ar\/index.php\/wp-json\/wp\/v2\/posts\/76187","targetHints":{"allow":["GET"]}}],"collection":[{"href":"https:\/\/infoecos.com.ar\/index.php\/wp-json\/wp\/v2\/posts"}],"about":[{"href":"https:\/\/infoecos.com.ar\/index.php\/wp-json\/wp\/v2\/types\/post"}],"author":[{"embeddable":true,"href":"https:\/\/infoecos.com.ar\/index.php\/wp-json\/wp\/v2\/users\/2"}],"replies":[{"embeddable":true,"href":"https:\/\/infoecos.com.ar\/index.php\/wp-json\/wp\/v2\/comments?post=76187"}],"version-history":[{"count":2,"href":"https:\/\/infoecos.com.ar\/index.php\/wp-json\/wp\/v2\/posts\/76187\/revisions"}],"predecessor-version":[{"id":76313,"href":"https:\/\/infoecos.com.ar\/index.php\/wp-json\/wp\/v2\/posts\/76187\/revisions\/76313"}],"wp:featuredmedia":[{"embeddable":true,"href":"https:\/\/infoecos.com.ar\/index.php\/wp-json\/wp\/v2\/media\/74484"}],"wp:attachment":[{"href":"https:\/\/infoecos.com.ar\/index.php\/wp-json\/wp\/v2\/media?parent=76187"}],"wp:term":[{"taxonomy":"category","embeddable":true,"href":"https:\/\/infoecos.com.ar\/index.php\/wp-json\/wp\/v2\/categories?post=76187"},{"taxonomy":"post_tag","embeddable":true,"href":"https:\/\/infoecos.com.ar\/index.php\/wp-json\/wp\/v2\/tags?post=76187"}],"curies":[{"name":"wp","href":"https:\/\/api.w.org\/{rel}","templated":true}]}}