{"id":76189,"date":"2021-03-18T01:21:51","date_gmt":"2021-03-18T04:21:51","guid":{"rendered":"http:\/\/infoecos.com.ar\/?p=76189"},"modified":"2021-03-19T02:44:23","modified_gmt":"2021-03-19T05:44:23","slug":"los-precios-mayoristas-aumentaron-61-y-los-costos-de-construccion-un-5-en-febrero","status":"publish","type":"post","link":"https:\/\/infoecos.com.ar\/index.php\/los-precios-mayoristas-aumentaron-61-y-los-costos-de-construccion-un-5-en-febrero\/","title":{"rendered":"Los precios mayoristas aumentaron 6,1% y los costos de Construcci\u00f3n un 5% en febrero"},"content":{"rendered":"\n<p class=\"wp-block-paragraph\">Seg\u00fan el informe del INDEC del mes de febrero, el \u00cdndice de Precios Internos Mayoristas (IPIM) aument\u00f3 6,1% durante febrero y acumul\u00f3 un alza de 47,7% en los \u00faltimos 12 meses, mientras que el costo de la Construcci\u00f3n se increment\u00f3 5% y lleva un aumento del 40,8% en un a\u00f1o.<\/p>\n\n\n\n<div class=\"wp-block-image\"><figure class=\"aligncenter size-large\"><img decoding=\"async\" src=\"http:\/\/infoecos.com.ar\/wp-content\/uploads\/58067ad53a47f_324x182.jpg\" alt=\"\" class=\"wp-image-36152\"\/><figcaption>INDEC<\/figcaption><\/figure><\/div>\n\n\n\n<p class=\"wp-block-paragraph\">Estos \u00edndices muestran un incremento muy por encima de la inflaci\u00f3n en el mismo per\u00edodo, lo que genera un impacto directo y a\u00fan m\u00e1s preocupaci\u00f3n por futuros aumentos precios.<\/p>\n\n\n\n<p class=\"wp-block-paragraph\">Seg\u00fan el informe, las subas se explican como consecuencia de un aumento del 6% en los productos nacionales y un 7,4% en los productos importados, tal como precis\u00f3 el INDEC.<\/p>\n\n\n\n<p class=\"wp-block-paragraph\">En ese sentido, los productos primarios se incrementaron un 8%, y el pico estuvo m\u00e1s precisamente en el rubro Petr\u00f3leo y gas, donde el aumento fue del del 10,2%. Adem\u00e1s, los productos agropecuarios incrementaron su costo en un 6,8%. Se trata de insumos b\u00e1sicos para los rubros m\u00e1s importantes con los que se mide la inflaci\u00f3n, por lo que el dato suma preocupaci\u00f3n.<\/p>\n\n\n\n<p class=\"wp-block-paragraph\">Adem\u00e1s, los productos manufacturados aumentaron 5,3%. Entre ellos se destaca la suba del 4,3% en alimentos. Finalmente, la energ\u00eda el\u00e9ctrica se increment\u00f3 8,8%.<\/p>\n","protected":false},"excerpt":{"rendered":"<p>Estos \u00edndices muestran un incremento muy por encima de la inflaci\u00f3n en el mismo per\u00edodo, lo que genera un impacto directo y a\u00fan m\u00e1s preocupaci\u00f3n por futuros aumentos precios<\/p>\n","protected":false},"author":2,"featured_media":36152,"comment_status":"closed","ping_status":"open","sticky":false,"template":"","format":"standard","meta":{"footnotes":""},"categories":[41],"tags":[],"class_list":["post-76189","post","type-post","status-publish","format-standard","has-post-thumbnail","hentry","category-inferior2"],"featured_image_urls":{"full":"","thumbnail":"","medium":"","medium_large":"","large":"","1536x1536":"","2048x2048":"","covernews-slider-full":"","covernews-slider-center":"","covernews-featured":"","covernews-medium":"","covernews-medium-square":""},"author_info":{"info":["Jorge Matheus"]},"category_info":"<a href=\"https:\/\/infoecos.com.ar\/index.php\/category\/inferior2\/\" rel=\"category tag\">Bloque inferior - 2<\/a>","tag_info":"Bloque inferior - 2","comment_count":"0","_links":{"self":[{"href":"https:\/\/infoecos.com.ar\/index.php\/wp-json\/wp\/v2\/posts\/76189","targetHints":{"allow":["GET"]}}],"collection":[{"href":"https:\/\/infoecos.com.ar\/index.php\/wp-json\/wp\/v2\/posts"}],"about":[{"href":"https:\/\/infoecos.com.ar\/index.php\/wp-json\/wp\/v2\/types\/post"}],"author":[{"embeddable":true,"href":"https:\/\/infoecos.com.ar\/index.php\/wp-json\/wp\/v2\/users\/2"}],"replies":[{"embeddable":true,"href":"https:\/\/infoecos.com.ar\/index.php\/wp-json\/wp\/v2\/comments?post=76189"}],"version-history":[{"count":1,"href":"https:\/\/infoecos.com.ar\/index.php\/wp-json\/wp\/v2\/posts\/76189\/revisions"}],"predecessor-version":[{"id":76190,"href":"https:\/\/infoecos.com.ar\/index.php\/wp-json\/wp\/v2\/posts\/76189\/revisions\/76190"}],"wp:attachment":[{"href":"https:\/\/infoecos.com.ar\/index.php\/wp-json\/wp\/v2\/media?parent=76189"}],"wp:term":[{"taxonomy":"category","embeddable":true,"href":"https:\/\/infoecos.com.ar\/index.php\/wp-json\/wp\/v2\/categories?post=76189"},{"taxonomy":"post_tag","embeddable":true,"href":"https:\/\/infoecos.com.ar\/index.php\/wp-json\/wp\/v2\/tags?post=76189"}],"curies":[{"name":"wp","href":"https:\/\/api.w.org\/{rel}","templated":true}]}}