{"id":76191,"date":"2021-03-18T01:26:19","date_gmt":"2021-03-18T04:26:19","guid":{"rendered":"http:\/\/infoecos.com.ar\/?p=76191"},"modified":"2021-03-18T01:26:22","modified_gmt":"2021-03-18T04:26:22","slug":"reforma-del-impuesto-a-las-ganancias-se-emitira-este-jueves-dictamen-favorable","status":"publish","type":"post","link":"https:\/\/infoecos.com.ar\/index.php\/reforma-del-impuesto-a-las-ganancias-se-emitira-este-jueves-dictamen-favorable\/","title":{"rendered":"Reforma del Impuesto a las Ganancias: se emitir\u00e1 este jueves dictamen favorable"},"content":{"rendered":"\n<p class=\"wp-block-paragraph\">Un plenario de comisiones de la C\u00e1mara de Diputados emitir\u00e1 este jueves dictamen favorable al proyecto de reforma del Impuesto a las Ganancias, por el cual se beneficiar\u00e1 a m\u00e1s de 1,2 millones de trabajadores que estar\u00e1n exentos de pagar el tributo si cobran hasta $150.000 de salario bruto.<\/p>\n\n\n\n<div class=\"wp-block-image\"><figure class=\"aligncenter size-medium\"><img loading=\"lazy\" decoding=\"async\" width=\"460\" height=\"307\" src=\"http:\/\/infoecos.com.ar\/wp-content\/uploads\/MassaDip-Silobolsas-1200x800-1-460x307.jpg\" alt=\"\" class=\"wp-image-64198\" srcset=\"https:\/\/infoecos.com.ar\/wp-content\/uploads\/MassaDip-Silobolsas-1200x800-1-460x307.jpg 460w, https:\/\/infoecos.com.ar\/wp-content\/uploads\/MassaDip-Silobolsas-1200x800-1-920x613.jpg 920w, https:\/\/infoecos.com.ar\/wp-content\/uploads\/MassaDip-Silobolsas-1200x800-1-768x512.jpg 768w, https:\/\/infoecos.com.ar\/wp-content\/uploads\/MassaDip-Silobolsas-1200x800-1-1024x683.jpg 1024w, https:\/\/infoecos.com.ar\/wp-content\/uploads\/MassaDip-Silobolsas-1200x800-1-675x450.jpg 675w, https:\/\/infoecos.com.ar\/wp-content\/uploads\/MassaDip-Silobolsas-1200x800-1.jpg 1200w\" sizes=\"auto, (max-width: 460px) 100vw, 460px\" \/><\/figure><\/div>\n\n\n\n<p class=\"wp-block-paragraph\">Las comisiones de Presupuesto y Hacienda y de Legislaci\u00f3n del Trabajo-que conducen los oficialistas Carlos Heller y Vanesa Siley- fue citado para este jueves a las 15.30 para emitir dictamen a la iniciativa que busca otorgar un alivio fiscal a 1.280.000 trabajadores y jubilados.<\/p>\n\n\n\n<p class=\"wp-block-paragraph\">La intenci\u00f3n de la bancada del Frente de Todos, que conduce M\u00e1ximo Kirchner, es la de sancionar esta iniciativa el martes o jueves pr\u00f3ximos, a fin de permitir que el Senado lo pueda convertir en ley en la primera quincena de abril, informaron fuentes parlamentarias.<\/p>\n\n\n\n<p class=\"wp-block-paragraph\">La iniciativa redactada por el presidente del cuerpo legislativo, Sergio Massa, se ampli\u00f3 hoy con propuestas presentadas por diputados de extracci\u00f3n sindical y gremialistas para sumar nuevos beneficios a los trabajadores.<\/p>\n\n\n\n<p class=\"wp-block-paragraph\">El oficialismo hab\u00eda aceptado excluir el pago del aguinaldo cuando se trate de salarios de hasta $150.000 brutos y jubilados que perciban hasta ocho haberes m\u00ednimos, y la deducci\u00f3n por concubino.<\/p>\n\n\n\n<p class=\"wp-block-paragraph\">Ahora, sum\u00f3 una deducci\u00f3n por gastos de guarder\u00eda y por elementos de trabajo o capacitaci\u00f3n.<\/p>\n","protected":false},"excerpt":{"rendered":"<p>La intenci\u00f3n de la bancada del Frente de Todos, que conduce M\u00e1ximo Kirchner, es la de sancionar esta iniciativa el martes o jueves pr\u00f3ximos<\/p>\n","protected":false},"author":2,"featured_media":29995,"comment_status":"closed","ping_status":"open","sticky":false,"template":"","format":"standard","meta":{"footnotes":""},"categories":[1326],"tags":[3337],"class_list":["post-76191","post","type-post","status-publish","format-standard","has-post-thumbnail","hentry","category-c2nota6","tag-en-diputados-de-la-nacion"],"featured_image_urls":{"full":"","thumbnail":"","medium":"","medium_large":"","large":"","1536x1536":"","2048x2048":"","covernews-slider-full":"","covernews-slider-center":"","covernews-featured":"","covernews-medium":"","covernews-medium-square":""},"author_info":{"info":["Jorge Matheus"]},"category_info":"<a href=\"https:\/\/infoecos.com.ar\/index.php\/category\/c2nota6\/\" rel=\"category tag\">C2 N6<\/a>","tag_info":"C2 N6","comment_count":"0","_links":{"self":[{"href":"https:\/\/infoecos.com.ar\/index.php\/wp-json\/wp\/v2\/posts\/76191","targetHints":{"allow":["GET"]}}],"collection":[{"href":"https:\/\/infoecos.com.ar\/index.php\/wp-json\/wp\/v2\/posts"}],"about":[{"href":"https:\/\/infoecos.com.ar\/index.php\/wp-json\/wp\/v2\/types\/post"}],"author":[{"embeddable":true,"href":"https:\/\/infoecos.com.ar\/index.php\/wp-json\/wp\/v2\/users\/2"}],"replies":[{"embeddable":true,"href":"https:\/\/infoecos.com.ar\/index.php\/wp-json\/wp\/v2\/comments?post=76191"}],"version-history":[{"count":1,"href":"https:\/\/infoecos.com.ar\/index.php\/wp-json\/wp\/v2\/posts\/76191\/revisions"}],"predecessor-version":[{"id":76192,"href":"https:\/\/infoecos.com.ar\/index.php\/wp-json\/wp\/v2\/posts\/76191\/revisions\/76192"}],"wp:attachment":[{"href":"https:\/\/infoecos.com.ar\/index.php\/wp-json\/wp\/v2\/media?parent=76191"}],"wp:term":[{"taxonomy":"category","embeddable":true,"href":"https:\/\/infoecos.com.ar\/index.php\/wp-json\/wp\/v2\/categories?post=76191"},{"taxonomy":"post_tag","embeddable":true,"href":"https:\/\/infoecos.com.ar\/index.php\/wp-json\/wp\/v2\/tags?post=76191"}],"curies":[{"name":"wp","href":"https:\/\/api.w.org\/{rel}","templated":true}]}}