{"id":76198,"date":"2021-03-18T01:57:49","date_gmt":"2021-03-18T04:57:49","guid":{"rendered":"http:\/\/infoecos.com.ar\/?p=76198"},"modified":"2021-03-18T02:31:17","modified_gmt":"2021-03-18T05:31:17","slug":"primera-sesion-ordinaria-y-presencial-del-concejo-deliberante-de-trenque-lauquen","status":"publish","type":"post","link":"https:\/\/infoecos.com.ar\/index.php\/primera-sesion-ordinaria-y-presencial-del-concejo-deliberante-de-trenque-lauquen\/","title":{"rendered":"Primera sesi\u00f3n ordinaria y presencial del Concejo Deliberante de Trenque Lauquen"},"content":{"rendered":"\n<p class=\"wp-block-paragraph\">Se reunir\u00e1 este viernes, en su primera sesi\u00f3n ordinaria, el Concejo Deliberante de Trenque Lauquen.<\/p>\n\n\n\n<p class=\"wp-block-paragraph\">El cuerpo est\u00e1 convocado para las 21 horas. La reuni\u00f3n ser\u00e1 en forma presencial.<\/p>\n\n\n\n<p class=\"wp-block-paragraph\">Durante toda esta semana se reunieron las distintas comisiones. El Concejo Deliberante aport\u00f3 las opiniones de la concejal Adriana Vel\u00e1zquez que es presidenta de la Comisi\u00f3n de Salud, Cultura, Educaci\u00f3n, Acci\u00f3n Social, Relaciones Comunitarias y Asuntos del Ni\u00f1o y la Familia; el concejal<br>Francisco Recoulat que preside la Comisi\u00f3n de Hacienda, Presupuesto y Cuentas; y el concejal Mat\u00edas Cardini que es presidente de la Comisi\u00f3n Administrativa y Reglamentaria.<\/p>\n\n\n\n<figure class=\"wp-block-embed is-type-video is-provider-youtube wp-block-embed-youtube wp-embed-aspect-16-9 wp-has-aspect-ratio\"><div class=\"wp-block-embed__wrapper\">\n<iframe loading=\"lazy\" title=\"Comisi\u00f3n Administrativa y Reglamentaria: Mat\u00edas Cardini\" width=\"640\" height=\"360\" src=\"https:\/\/www.youtube.com\/embed\/y6PJ9b9zb8o?feature=oembed\" frameborder=\"0\" allow=\"accelerometer; autoplay; clipboard-write; encrypted-media; gyroscope; picture-in-picture; web-share\" referrerpolicy=\"strict-origin-when-cross-origin\" allowfullscreen><\/iframe>\n<\/div><\/figure>\n\n\n\n<figure class=\"wp-block-embed is-type-video is-provider-youtube wp-block-embed-youtube wp-embed-aspect-16-9 wp-has-aspect-ratio\"><div class=\"wp-block-embed__wrapper\">\n<iframe loading=\"lazy\" title=\"Comisi\u00f3n de Hacienda: Francisco Recoulat\" width=\"640\" height=\"360\" src=\"https:\/\/www.youtube.com\/embed\/jNxb_E_M6Us?feature=oembed\" frameborder=\"0\" allow=\"accelerometer; autoplay; clipboard-write; encrypted-media; gyroscope; picture-in-picture; web-share\" referrerpolicy=\"strict-origin-when-cross-origin\" allowfullscreen><\/iframe>\n<\/div><\/figure>\n\n\n\n<figure class=\"wp-block-embed is-type-video is-provider-youtube wp-block-embed-youtube wp-embed-aspect-16-9 wp-has-aspect-ratio\"><div class=\"wp-block-embed__wrapper\">\n<iframe loading=\"lazy\" title=\"Comisi\u00f3n de Salud: Adriana Vel\u00e1zquez\" width=\"640\" height=\"360\" src=\"https:\/\/www.youtube.com\/embed\/By2oVrrCN1o?feature=oembed\" frameborder=\"0\" allow=\"accelerometer; autoplay; clipboard-write; encrypted-media; gyroscope; picture-in-picture; web-share\" referrerpolicy=\"strict-origin-when-cross-origin\" allowfullscreen><\/iframe>\n<\/div><\/figure>\n","protected":false},"excerpt":{"rendered":"<p>Durante toda esta semana se reunieron las distintas comisiones<\/p>\n","protected":false},"author":2,"featured_media":75580,"comment_status":"closed","ping_status":"open","sticky":false,"template":"","format":"standard","meta":{"footnotes":""},"categories":[1327,24,1328],"tags":[3338],"class_list":["post-76198","post","type-post","status-publish","format-standard","has-post-thumbnail","hentry","category-audio","category-c1nota3","category-video","tag-este-viernes-a-partir-de-las-21-horas"],"featured_image_urls":{"full":["https:\/\/infoecos.com.ar\/wp-content\/uploads\/2021\/03\/SAM_2879.jpg",1217,912,false],"thumbnail":["https:\/\/infoecos.com.ar\/wp-content\/uploads\/2021\/03\/SAM_2879-150x150.jpg",150,150,true],"medium":["https:\/\/infoecos.com.ar\/wp-content\/uploads\/2021\/03\/SAM_2879-460x345.jpg",460,345,true],"medium_large":["https:\/\/infoecos.com.ar\/wp-content\/uploads\/2021\/03\/SAM_2879-768x576.jpg",640,480,true],"large":["https:\/\/infoecos.com.ar\/wp-content\/uploads\/2021\/03\/SAM_2879-920x689.jpg",640,479,true],"1536x1536":["https:\/\/infoecos.com.ar\/wp-content\/uploads\/2021\/03\/SAM_2879.jpg",1217,912,false],"2048x2048":["https:\/\/infoecos.com.ar\/wp-content\/uploads\/2021\/03\/SAM_2879.jpg",1217,912,false],"covernews-slider-full":["https:\/\/infoecos.com.ar\/wp-content\/uploads\/2021\/03\/SAM_2879.jpg",954,715,false],"covernews-slider-center":["https:\/\/infoecos.com.ar\/wp-content\/uploads\/2021\/03\/SAM_2879-936x897.jpg",522,500,true],"covernews-featured":["https:\/\/infoecos.com.ar\/wp-content\/uploads\/2021\/03\/SAM_2879-1024x767.jpg",1024,767,true],"covernews-medium":["https:\/\/infoecos.com.ar\/wp-content\/uploads\/2021\/03\/SAM_2879-720x380.jpg",540,285,true],"covernews-medium-square":["https:\/\/infoecos.com.ar\/wp-content\/uploads\/2021\/03\/SAM_2879-675x450.jpg",375,250,true]},"author_info":{"info":["Jorge Matheus"]},"category_info":"<a href=\"https:\/\/infoecos.com.ar\/index.php\/category\/audio\/\" rel=\"category tag\">Audio<\/a> <a href=\"https:\/\/infoecos.com.ar\/index.php\/category\/c1nota3\/\" rel=\"category tag\">C1 N3<\/a> <a href=\"https:\/\/infoecos.com.ar\/index.php\/category\/video\/\" rel=\"category tag\">Video<\/a>","tag_info":"Video","comment_count":"0","_links":{"self":[{"href":"https:\/\/infoecos.com.ar\/index.php\/wp-json\/wp\/v2\/posts\/76198","targetHints":{"allow":["GET"]}}],"collection":[{"href":"https:\/\/infoecos.com.ar\/index.php\/wp-json\/wp\/v2\/posts"}],"about":[{"href":"https:\/\/infoecos.com.ar\/index.php\/wp-json\/wp\/v2\/types\/post"}],"author":[{"embeddable":true,"href":"https:\/\/infoecos.com.ar\/index.php\/wp-json\/wp\/v2\/users\/2"}],"replies":[{"embeddable":true,"href":"https:\/\/infoecos.com.ar\/index.php\/wp-json\/wp\/v2\/comments?post=76198"}],"version-history":[{"count":1,"href":"https:\/\/infoecos.com.ar\/index.php\/wp-json\/wp\/v2\/posts\/76198\/revisions"}],"predecessor-version":[{"id":76199,"href":"https:\/\/infoecos.com.ar\/index.php\/wp-json\/wp\/v2\/posts\/76198\/revisions\/76199"}],"wp:featuredmedia":[{"embeddable":true,"href":"https:\/\/infoecos.com.ar\/index.php\/wp-json\/wp\/v2\/media\/75580"}],"wp:attachment":[{"href":"https:\/\/infoecos.com.ar\/index.php\/wp-json\/wp\/v2\/media?parent=76198"}],"wp:term":[{"taxonomy":"category","embeddable":true,"href":"https:\/\/infoecos.com.ar\/index.php\/wp-json\/wp\/v2\/categories?post=76198"},{"taxonomy":"post_tag","embeddable":true,"href":"https:\/\/infoecos.com.ar\/index.php\/wp-json\/wp\/v2\/tags?post=76198"}],"curies":[{"name":"wp","href":"https:\/\/api.w.org\/{rel}","templated":true}]}}