{"id":76200,"date":"2021-03-18T02:13:32","date_gmt":"2021-03-18T05:13:32","guid":{"rendered":"http:\/\/infoecos.com.ar\/?p=76200"},"modified":"2021-03-19T02:43:35","modified_gmt":"2021-03-19T05:43:35","slug":"los-incrementos-en-la-energia-electrica-no-superaran-la-inflacion-se-aseguro-este-miercoles","status":"publish","type":"post","link":"https:\/\/infoecos.com.ar\/index.php\/los-incrementos-en-la-energia-electrica-no-superaran-la-inflacion-se-aseguro-este-miercoles\/","title":{"rendered":"Los incrementos en la energ\u00eda el\u00e9ctrica no superar\u00e1n la inflaci\u00f3n, se asegur\u00f3 este mi\u00e9rcoles"},"content":{"rendered":"\n<p class=\"wp-block-paragraph\">El&nbsp;subsecretario de Energ\u00eda El\u00e9ctrica,&nbsp;Federico Basualdo, sostuvo este mi\u00e9rcoles que los&nbsp;aumentos&nbsp;de&nbsp;tarifas de luz&nbsp;que&nbsp;tendr\u00e1n lugar luego de las audiencias p\u00fablicas, previstas para fines de marzo,&nbsp;no superar\u00e1n la inflaci\u00f3n pero ser\u00e1 una suba general.<\/p>\n\n\n\n<div class=\"wp-block-image\"><figure class=\"aligncenter size-medium\"><img decoding=\"async\" src=\"http:\/\/infoecos.com.ar\/wp-content\/uploads\/descarga22-460x258.jpg\" alt=\"\" class=\"wp-image-26979\"\/><figcaption>Energ\u00eda<\/figcaption><\/figure><\/div>\n\n\n\n<p class=\"wp-block-paragraph\">\u00abEs importante destacar que la pol\u00edtica de este&nbsp;Gobierno&nbsp;va a acompa\u00f1ar la recuperaci\u00f3n de los salarios y de la econom\u00eda en general\u201d se\u00f1al\u00f3 Basualdo&nbsp;y agreg\u00f3 que \u201clos eventuales aumentos de tarifas van a tener estos principios como objetivo\u00bb.<\/p>\n\n\n\n<p class=\"wp-block-paragraph\">En esa l\u00ednea, el Subsecretario asegur\u00f3 que los ajustes en las tarifas \u00absin dudas\u00bb no van a superar a los \u00edndices de inflaci\u00f3n y que las adecuaciones ser\u00e1n \u00absensiblemente menores, por lo menos en un principio\u00bb.<\/p>\n\n\n\n<p class=\"wp-block-paragraph\">\u00abLuego de las audiencias se fijar\u00e1, en base a acuerdos con las empresas, si es que llegamos a un acuerdo, una pol\u00edtica tarifaria para estos pr\u00f3ximos dos a\u00f1os\u00bb, destac\u00f3 el funcionario sobre el descongelamiento en las facturas que emprende el Ejecutivo.<\/p>\n\n\n\n<p class=\"wp-block-paragraph\">En relaci\u00f3n a la primera suba del costo que ser\u00e1 v\u00eda decreto, Basualdo estim\u00f3 que se aplicar\u00e1 luego de las audiencias p\u00fablicas y en funci\u00f3n de que \u201chaya acuerdo o no\u201d.&nbsp;\u201cUnos d\u00edas despu\u00e9s estaremos fijando la pol\u00edtica\u00bb tarifaria, resalt\u00f3 al respecto<strong>.<\/strong><\/p>\n","protected":false},"excerpt":{"rendered":"<p>Sobre la segmentaci\u00f3n de tarifas, el funcionario defini\u00f3 como \u00abcompleja\u00bb la aplicaci\u00f3n del esquema y adelant\u00f3 que se emplear\u00e1 paulatinamente durante el a\u00f1o con eje en \u201clos usuarios que necesitan la ayuda del Estado a trav\u00e9s del subsidio\u201d<\/p>\n","protected":false},"author":2,"featured_media":26979,"comment_status":"closed","ping_status":"open","sticky":false,"template":"","format":"standard","meta":{"footnotes":""},"categories":[40],"tags":[],"class_list":["post-76200","post","type-post","status-publish","format-standard","has-post-thumbnail","hentry","category-inferior1"],"featured_image_urls":{"full":"","thumbnail":"","medium":"","medium_large":"","large":"","1536x1536":"","2048x2048":"","covernews-slider-full":"","covernews-slider-center":"","covernews-featured":"","covernews-medium":"","covernews-medium-square":""},"author_info":{"info":["Jorge Matheus"]},"category_info":"<a href=\"https:\/\/infoecos.com.ar\/index.php\/category\/inferior1\/\" rel=\"category tag\">Bloque inferior - 1<\/a>","tag_info":"Bloque inferior - 1","comment_count":"0","_links":{"self":[{"href":"https:\/\/infoecos.com.ar\/index.php\/wp-json\/wp\/v2\/posts\/76200","targetHints":{"allow":["GET"]}}],"collection":[{"href":"https:\/\/infoecos.com.ar\/index.php\/wp-json\/wp\/v2\/posts"}],"about":[{"href":"https:\/\/infoecos.com.ar\/index.php\/wp-json\/wp\/v2\/types\/post"}],"author":[{"embeddable":true,"href":"https:\/\/infoecos.com.ar\/index.php\/wp-json\/wp\/v2\/users\/2"}],"replies":[{"embeddable":true,"href":"https:\/\/infoecos.com.ar\/index.php\/wp-json\/wp\/v2\/comments?post=76200"}],"version-history":[{"count":2,"href":"https:\/\/infoecos.com.ar\/index.php\/wp-json\/wp\/v2\/posts\/76200\/revisions"}],"predecessor-version":[{"id":76312,"href":"https:\/\/infoecos.com.ar\/index.php\/wp-json\/wp\/v2\/posts\/76200\/revisions\/76312"}],"wp:attachment":[{"href":"https:\/\/infoecos.com.ar\/index.php\/wp-json\/wp\/v2\/media?parent=76200"}],"wp:term":[{"taxonomy":"category","embeddable":true,"href":"https:\/\/infoecos.com.ar\/index.php\/wp-json\/wp\/v2\/categories?post=76200"},{"taxonomy":"post_tag","embeddable":true,"href":"https:\/\/infoecos.com.ar\/index.php\/wp-json\/wp\/v2\/tags?post=76200"}],"curies":[{"name":"wp","href":"https:\/\/api.w.org\/{rel}","templated":true}]}}