{"id":76202,"date":"2021-03-18T02:24:08","date_gmt":"2021-03-18T05:24:08","guid":{"rendered":"http:\/\/infoecos.com.ar\/?p=76202"},"modified":"2021-03-18T02:24:24","modified_gmt":"2021-03-18T05:24:24","slug":"el-presidente-convoco-a-todos-los-gobernadores-y-al-jefe-de-gobierno-porteno","status":"publish","type":"post","link":"https:\/\/infoecos.com.ar\/index.php\/el-presidente-convoco-a-todos-los-gobernadores-y-al-jefe-de-gobierno-porteno\/","title":{"rendered":"El presidente convoc\u00f3 a todos los gobernadores y al Jefe de Gobierno porte\u00f1o"},"content":{"rendered":"\n<p class=\"wp-block-paragraph\">El presidente, Alberto Fern\u00e1ndez convoc\u00f3 a todos los gobernadores y al jefe de gobierno porte\u00f1o, Horacio Rodr\u00edguez Larreta, para una reuni\u00f3n de an\u00e1lisis virtual por zoom para hoy a las 11.<\/p>\n\n\n\n<div class=\"wp-block-image\"><figure class=\"aligncenter size-medium\"><img loading=\"lazy\" decoding=\"async\" width=\"460\" height=\"259\" src=\"http:\/\/infoecos.com.ar\/wp-content\/uploads\/feruniv-460x259.jpg\" alt=\"\" class=\"wp-image-64697\" srcset=\"https:\/\/infoecos.com.ar\/wp-content\/uploads\/feruniv-460x259.jpg 460w, https:\/\/infoecos.com.ar\/wp-content\/uploads\/feruniv-920x518.jpg 920w, https:\/\/infoecos.com.ar\/wp-content\/uploads\/feruniv-768x432.jpg 768w, https:\/\/infoecos.com.ar\/wp-content\/uploads\/feruniv.jpg 1004w\" sizes=\"auto, (max-width: 460px) 100vw, 460px\" \/><\/figure><\/div>\n\n\n\n<p class=\"wp-block-paragraph\">Seg\u00fan adelant\u00f3 C5N se analizar\u00e1, el plan de vacunaci\u00f3n, las restricciones entre las provincias y tambi\u00e9n en la zona de las fronteras calientes.<\/p>\n\n\n\n<p class=\"wp-block-paragraph\">En el Gobierno existe preocupaci\u00f3n por las fronteras y el ingreso al pa\u00eds de las nuevas cepas de Covid-19. A ultima hora de este mi\u00e9rcoles se supo que ya circula en el pa\u00eds la variante brasile\u00f1a de Manaos.<\/p>\n\n\n\n<p class=\"wp-block-paragraph\">El encuentro tendr\u00e1 lugar este jueves en horas del mediod\u00eda y ser\u00e1 encabezado por el jefe de Estado desde la Quinta de Olivos. Est\u00e1 previsto que la cumbre del Presidente con los mandatarios provinciales se realice de manera v\u00eda virtual.<\/p>\n\n\n\n<p class=\"wp-block-paragraph\">\u00abLa agenda es sanitaria\u00bb, se\u00f1alaron m\u00e1s tarde fuentes gubernamentales, que no descartan que de all\u00ed surjan propuestas de mayores controles destinados a evitar la propagaci\u00f3n de las nuevas cepas de coronavirus en el pa\u00eds.<\/p>\n","protected":false},"excerpt":{"rendered":"<p>Seg\u00fan adelant\u00f3 C5N se analizar\u00e1, el plan de vacunaci\u00f3n, las restricciones entre las provincias y tambi\u00e9n en la zona de las fronteras calientes<\/p>\n","protected":false},"author":2,"featured_media":64697,"comment_status":"closed","ping_status":"open","sticky":false,"template":"","format":"standard","meta":{"footnotes":""},"categories":[50],"tags":[3339],"class_list":["post-76202","post","type-post","status-publish","format-standard","has-post-thumbnail","hentry","category-c1nota4","tag-para-analizar-la-situacion-sanitaria"],"featured_image_urls":{"full":["https:\/\/infoecos.com.ar\/wp-content\/uploads\/feruniv.jpg",1004,565,false],"thumbnail":["https:\/\/infoecos.com.ar\/wp-content\/uploads\/feruniv-150x150.jpg",150,150,true],"medium":["https:\/\/infoecos.com.ar\/wp-content\/uploads\/feruniv-460x259.jpg",460,259,true],"medium_large":["https:\/\/infoecos.com.ar\/wp-content\/uploads\/feruniv-768x432.jpg",640,360,true],"large":["https:\/\/infoecos.com.ar\/wp-content\/uploads\/feruniv-920x518.jpg",640,360,true],"1536x1536":["https:\/\/infoecos.com.ar\/wp-content\/uploads\/feruniv.jpg",1004,565,false],"2048x2048":["https:\/\/infoecos.com.ar\/wp-content\/uploads\/feruniv.jpg",1004,565,false],"covernews-slider-full":["https:\/\/infoecos.com.ar\/wp-content\/uploads\/feruniv.jpg",1004,565,false],"covernews-slider-center":["https:\/\/infoecos.com.ar\/wp-content\/uploads\/feruniv-936x565.jpg",800,483,true],"covernews-featured":["https:\/\/infoecos.com.ar\/wp-content\/uploads\/feruniv.jpg",1004,565,false],"covernews-medium":["https:\/\/infoecos.com.ar\/wp-content\/uploads\/feruniv-720x380.jpg",540,285,true],"covernews-medium-square":["https:\/\/infoecos.com.ar\/wp-content\/uploads\/feruniv-675x450.jpg",375,250,true]},"author_info":{"info":["Jorge Matheus"]},"category_info":"<a href=\"https:\/\/infoecos.com.ar\/index.php\/category\/c1nota4\/\" rel=\"category tag\">C1 N4<\/a>","tag_info":"C1 N4","comment_count":"0","_links":{"self":[{"href":"https:\/\/infoecos.com.ar\/index.php\/wp-json\/wp\/v2\/posts\/76202","targetHints":{"allow":["GET"]}}],"collection":[{"href":"https:\/\/infoecos.com.ar\/index.php\/wp-json\/wp\/v2\/posts"}],"about":[{"href":"https:\/\/infoecos.com.ar\/index.php\/wp-json\/wp\/v2\/types\/post"}],"author":[{"embeddable":true,"href":"https:\/\/infoecos.com.ar\/index.php\/wp-json\/wp\/v2\/users\/2"}],"replies":[{"embeddable":true,"href":"https:\/\/infoecos.com.ar\/index.php\/wp-json\/wp\/v2\/comments?post=76202"}],"version-history":[{"count":1,"href":"https:\/\/infoecos.com.ar\/index.php\/wp-json\/wp\/v2\/posts\/76202\/revisions"}],"predecessor-version":[{"id":76203,"href":"https:\/\/infoecos.com.ar\/index.php\/wp-json\/wp\/v2\/posts\/76202\/revisions\/76203"}],"wp:featuredmedia":[{"embeddable":true,"href":"https:\/\/infoecos.com.ar\/index.php\/wp-json\/wp\/v2\/media\/64697"}],"wp:attachment":[{"href":"https:\/\/infoecos.com.ar\/index.php\/wp-json\/wp\/v2\/media?parent=76202"}],"wp:term":[{"taxonomy":"category","embeddable":true,"href":"https:\/\/infoecos.com.ar\/index.php\/wp-json\/wp\/v2\/categories?post=76202"},{"taxonomy":"post_tag","embeddable":true,"href":"https:\/\/infoecos.com.ar\/index.php\/wp-json\/wp\/v2\/tags?post=76202"}],"curies":[{"name":"wp","href":"https:\/\/api.w.org\/{rel}","templated":true}]}}