{"id":76237,"date":"2021-03-18T16:13:34","date_gmt":"2021-03-18T19:13:34","guid":{"rendered":"http:\/\/infoecos.com.ar\/?p=76237"},"modified":"2021-03-20T01:35:23","modified_gmt":"2021-03-20T04:35:23","slug":"miguel-fernandez-hemos-ido-aprendiendo-y-generando-confianza","status":"publish","type":"post","link":"https:\/\/infoecos.com.ar\/index.php\/miguel-fernandez-hemos-ido-aprendiendo-y-generando-confianza\/","title":{"rendered":"Miguel Fern\u00e1ndez: \u00abhemos ido aprendiendo y generando confianza\u00bb"},"content":{"rendered":"\n<p>El intendente municipal de Trenque Lauquen, Miguel Fern\u00e1ndez, celebr\u00f3 la presencia en el distrito del Gobernador de la provincia de Buenos Aires, Axel Kicillof, con quien, dijo, \u00abhemos ido aprendiendo y generando confianza\u00bb desde que ambas gestiones comenzaron a trabajar hace un a\u00f1o en el marco de las dificultades provocadas por la pandemia de Covid-19, para permitir que \u00abpodamos construir a pesar de las diferencias, el futuro\u00bb<\/p>\n\n\n\n<div class=\"wp-block-image\"><figure class=\"aligncenter size-medium\"><img loading=\"lazy\" decoding=\"async\" width=\"460\" height=\"307\" src=\"http:\/\/infoecos.com.ar\/wp-content\/uploads\/2021\/03\/30-de-Agosto-Miguel-Fernandez-1-460x307.jpg\" alt=\"\" class=\"wp-image-76238\" srcset=\"https:\/\/infoecos.com.ar\/wp-content\/uploads\/2021\/03\/30-de-Agosto-Miguel-Fernandez-1-460x307.jpg 460w, https:\/\/infoecos.com.ar\/wp-content\/uploads\/2021\/03\/30-de-Agosto-Miguel-Fernandez-1-768x512.jpg 768w, https:\/\/infoecos.com.ar\/wp-content\/uploads\/2021\/03\/30-de-Agosto-Miguel-Fernandez-1-675x450.jpg 675w, https:\/\/infoecos.com.ar\/wp-content\/uploads\/2021\/03\/30-de-Agosto-Miguel-Fernandez-1.jpg 900w\" sizes=\"(max-width: 460px) 100vw, 460px\" \/><figcaption>Fern\u00e1ndez en el acto de entrega de viviendas en 30 de Agosto<\/figcaption><\/figure><\/div>\n\n\n\n<p>El jefe comunal se\u00f1al\u00f3 que cuando hace m\u00e1s de un a\u00f1o el gobierno municipal y el provincial comenzaron a trabajar ninguno ten\u00eda \u00abremotamente idea de lo que nos acechaba, la pandemia\u00bb, y apunt\u00f3 que \u00bb en ese mar de dificultades empezamos a transitar un camino juntos, en el caso personal, en un doble rol, como intendente de Trenque Lauquen y como presidente del Foro de Intendentes Radicales llevando la vez, los reclamos, los pedidos, articulando con otros municipios, canalizando todo de una manera ordenada y prolija. Todos tienen demandas, ansiedades, pero siempre mirando en la perspectiva de lo que nos desafi\u00f3 la pandemia\u00bb.<\/p>\n\n\n\n<div class=\"wp-block-image\"><figure class=\"aligncenter size-medium\"><img loading=\"lazy\" decoding=\"async\" width=\"460\" height=\"307\" src=\"http:\/\/infoecos.com.ar\/wp-content\/uploads\/2021\/03\/30-de-Agosto-Miguel-Fernandez-2-460x307.jpg\" alt=\"\" class=\"wp-image-76239\" srcset=\"https:\/\/infoecos.com.ar\/wp-content\/uploads\/2021\/03\/30-de-Agosto-Miguel-Fernandez-2-460x307.jpg 460w, https:\/\/infoecos.com.ar\/wp-content\/uploads\/2021\/03\/30-de-Agosto-Miguel-Fernandez-2-768x512.jpg 768w, https:\/\/infoecos.com.ar\/wp-content\/uploads\/2021\/03\/30-de-Agosto-Miguel-Fernandez-2-675x450.jpg 675w, https:\/\/infoecos.com.ar\/wp-content\/uploads\/2021\/03\/30-de-Agosto-Miguel-Fernandez-2.jpg 900w\" sizes=\"(max-width: 460px) 100vw, 460px\" \/><figcaption>Fern\u00e1ndez en el acto de entrega de viviendas en 30 de Agosto<\/figcaption><\/figure><\/div>\n\n\n\n<p>\u00abHemos ido aprendiendo, generando confianza, dando satisfacci\u00f3n a los vecinos. Lo hicimos con el Fondo de Infraestructura 2020 que cost\u00f3 arrancar, hab\u00eda que poner en movimiento muchas cosas, un aprendizaje colectivo de c\u00f3mo poner en marcha esos proyectos, de los cuales tres ya est\u00e1n presentes en Treinta de Agosto, luego transitar de una manera m\u00e1s fluida el Fondo de Infraestructura 2021 a punto de iniciar con la gesti\u00f3n de Agust\u00edn (Simone, el Ministro)\u00bb, afirm\u00f3.<\/p>\n\n\n\n<p>Fern\u00e1ndez tambi\u00e8n dijo que el Municipio ha estado trabajado en conjunto con el Gobierno Nacional con obras como las del programa Argentina y con muchos organismos p\u00fablicos nacionales y provinciales, entre ellos la direcci\u00f3n Provincial de Agua y Cloacas (Dipac) o la direcci\u00f3n de Hidr\u00e1ulica.<\/p>\n\n\n\n<div class=\"wp-block-image\"><figure class=\"aligncenter size-medium\"><img loading=\"lazy\" decoding=\"async\" width=\"460\" height=\"307\" src=\"http:\/\/infoecos.com.ar\/wp-content\/uploads\/2021\/03\/30-de-Agosto-Entrega-de-Viviendas-1-460x307.jpg\" alt=\"\" class=\"wp-image-76240\" srcset=\"https:\/\/infoecos.com.ar\/wp-content\/uploads\/2021\/03\/30-de-Agosto-Entrega-de-Viviendas-1-460x307.jpg 460w, https:\/\/infoecos.com.ar\/wp-content\/uploads\/2021\/03\/30-de-Agosto-Entrega-de-Viviendas-1-768x512.jpg 768w, https:\/\/infoecos.com.ar\/wp-content\/uploads\/2021\/03\/30-de-Agosto-Entrega-de-Viviendas-1-675x450.jpg 675w, https:\/\/infoecos.com.ar\/wp-content\/uploads\/2021\/03\/30-de-Agosto-Entrega-de-Viviendas-1.jpg 900w\" sizes=\"(max-width: 460px) 100vw, 460px\" \/><figcaption>Fern\u00e1ndez en el acto de entrega de viviendas en 30 de Agosto<\/figcaption><\/figure><\/div>\n\n\n\n<p>Fern\u00e1ndez resalt\u00f3 que Trenque Lauquen \u00abtiene mucha y larga historia de planificaci\u00f3n estrat\u00e9gica del territorio\u00bb, y recorri\u00f3 algunos de los hechos que avalan esa consideraci\u00f3n, como la ordenanza de plusval\u00eda, el plan director y el plan de viviendas de C\u00edrculo Cerrado, entre otros.<\/p>\n\n\n\n<p>\u00abLlevamos entregadas 433 viviendas, con estas 11 financiadas por el Instituto, y la demanda habitacional supera los 2.600 pedidos seg\u00fan nuestro registro municipal. Es un esfuerzo que pocos municipios han podido concretar y vamos en el camino correcto\u00bb, a\u00f1adi\u00f3. <\/p>\n\n\n\n<p>\u00abNecesitamos llegar a todos los sectores sociales, tenemos 56 viviendas para destrabar con el ministro (de Desarrollo Territorial Jorge) Ferraresi y tenemos un plan en el presupuesto provincial de 100 viviendas, aunque sabemos que no podemos pretenderlas todas, porque todos tienen necesidades. Hablamos con Miguel Oroz de una primera etapa para poder seguir dando satisfacci\u00f3n con las viviendas, estoy seguro que el Gobernador nos va a acompa\u00f1ar y con los antecedentes de que la Municipalidad (de Trenque Lauquen) ha gestionado siempre con eficiencia los recursos p\u00fablicos que la Naci\u00f3n y la Provincia les ha administrado\u00bb, se\u00f1al\u00f3 a manera de pedido ante la m\u00e1xima autoridad bonaerense.<\/p>\n\n\n\n<div class=\"wp-block-image\"><figure class=\"aligncenter size-medium\"><img loading=\"lazy\" decoding=\"async\" width=\"460\" height=\"307\" src=\"http:\/\/infoecos.com.ar\/wp-content\/uploads\/2021\/03\/30-de-Agosto-Entrega-de-Viviendas-7-460x307.jpg\" alt=\"\" class=\"wp-image-76241\" srcset=\"https:\/\/infoecos.com.ar\/wp-content\/uploads\/2021\/03\/30-de-Agosto-Entrega-de-Viviendas-7-460x307.jpg 460w, https:\/\/infoecos.com.ar\/wp-content\/uploads\/2021\/03\/30-de-Agosto-Entrega-de-Viviendas-7-768x512.jpg 768w, https:\/\/infoecos.com.ar\/wp-content\/uploads\/2021\/03\/30-de-Agosto-Entrega-de-Viviendas-7-675x450.jpg 675w, https:\/\/infoecos.com.ar\/wp-content\/uploads\/2021\/03\/30-de-Agosto-Entrega-de-Viviendas-7.jpg 900w\" sizes=\"(max-width: 460px) 100vw, 460px\" \/><figcaption>Fern\u00e1ndez en el acto de entrega de viviendas en 30 de Agosto<\/figcaption><\/figure><\/div>\n\n\n\n<p>El jefe comunal finalmente repas\u00f3 otros proyectos presentados sobre problemas pluviales en Treinta de Agosto, y tambi\u00e9n por el agua en el ENHOSA, adem\u00e1s de la cuesti\u00f3n de los recursos pesqueros y de la Ruta del Cereal. \u00abVamos a seguir pensando y apostando en seguir trabajando juntos, en ese camino estamos\u00bb, concluy\u00f3.<\/p>\n","protected":false},"excerpt":{"rendered":"<p>Fern\u00e1ndez resalt\u00f3 que Trenque Lauquen \u00abtiene mucha y larga historia de planificaci\u00f3n estrat\u00e9gica del territorio\u00bb<\/p>\n","protected":false},"author":2,"featured_media":76238,"comment_status":"closed","ping_status":"open","sticky":false,"template":"","format":"standard","meta":{"footnotes":""},"categories":[43],"tags":[3345],"class_list":["post-76237","post","type-post","status-publish","format-standard","has-post-thumbnail","hentry","category-inferior4","tag-entrega-de-viviendas-en-30-de-agosto"],"yoast_head":"<!-- This site is optimized with the Yoast SEO plugin v23.4 - https:\/\/yoast.com\/wordpress\/plugins\/seo\/ -->\n<title>Miguel Fern\u00e1ndez: &quot;hemos ido aprendiendo y generando confianza&quot; - Infoecos<\/title>\n<meta name=\"robots\" content=\"index, follow, max-snippet:-1, max-image-preview:large, max-video-preview:-1\" \/>\n<link rel=\"canonical\" href=\"https:\/\/infoecos.com.ar\/index.php\/miguel-fernandez-hemos-ido-aprendiendo-y-generando-confianza\/\" \/>\n<meta property=\"og:locale\" content=\"es_ES\" \/>\n<meta property=\"og:type\" content=\"article\" \/>\n<meta property=\"og:title\" content=\"Miguel Fern\u00e1ndez: &quot;hemos ido aprendiendo y generando confianza&quot; - Infoecos\" \/>\n<meta property=\"og:description\" content=\"Fern\u00e1ndez resalt\u00f3 que Trenque Lauquen &quot;tiene mucha y larga historia de planificaci\u00f3n estrat\u00e9gica del territorio&quot;\" \/>\n<meta property=\"og:url\" content=\"https:\/\/infoecos.com.ar\/index.php\/miguel-fernandez-hemos-ido-aprendiendo-y-generando-confianza\/\" \/>\n<meta property=\"og:site_name\" content=\"Infoecos\" \/>\n<meta property=\"article:publisher\" content=\"https:\/\/www.facebook.com\/profile.php?id=100063200290284\" \/>\n<meta property=\"article:published_time\" content=\"2021-03-18T19:13:34+00:00\" \/>\n<meta property=\"article:modified_time\" content=\"2021-03-20T04:35:23+00:00\" \/>\n<meta property=\"og:image\" content=\"https:\/\/infoecos.com.ar\/wp-content\/uploads\/2021\/03\/30-de-Agosto-Miguel-Fernandez-1.jpg\" \/>\n\t<meta property=\"og:image:width\" content=\"900\" \/>\n\t<meta property=\"og:image:height\" content=\"600\" \/>\n\t<meta property=\"og:image:type\" content=\"image\/jpeg\" \/>\n<meta name=\"author\" content=\"Jorge Matheus\" \/>\n<meta name=\"twitter:card\" content=\"summary_large_image\" \/>\n<meta name=\"twitter:creator\" content=\"@infoecos\" \/>\n<meta name=\"twitter:site\" content=\"@infoecos\" \/>\n<meta name=\"twitter:label1\" content=\"Escrito por\" \/>\n\t<meta name=\"twitter:data1\" content=\"Jorge Matheus\" \/>\n\t<meta name=\"twitter:label2\" content=\"Tiempo de lectura\" \/>\n\t<meta name=\"twitter:data2\" content=\"3 minutos\" \/>\n<script type=\"application\/ld+json\" class=\"yoast-schema-graph\">{\"@context\":\"https:\/\/schema.org\",\"@graph\":[{\"@type\":\"Article\",\"@id\":\"https:\/\/infoecos.com.ar\/index.php\/miguel-fernandez-hemos-ido-aprendiendo-y-generando-confianza\/#article\",\"isPartOf\":{\"@id\":\"https:\/\/infoecos.com.ar\/index.php\/miguel-fernandez-hemos-ido-aprendiendo-y-generando-confianza\/\"},\"author\":{\"name\":\"Jorge Matheus\",\"@id\":\"https:\/\/infoecos.com.ar\/#\/schema\/person\/8f5ace5ce73b4b4aac4b7245aee6f191\"},\"headline\":\"Miguel Fern\u00e1ndez: \u00abhemos ido aprendiendo y generando confianza\u00bb\",\"datePublished\":\"2021-03-18T19:13:34+00:00\",\"dateModified\":\"2021-03-20T04:35:23+00:00\",\"mainEntityOfPage\":{\"@id\":\"https:\/\/infoecos.com.ar\/index.php\/miguel-fernandez-hemos-ido-aprendiendo-y-generando-confianza\/\"},\"wordCount\":613,\"publisher\":{\"@id\":\"https:\/\/infoecos.com.ar\/#organization\"},\"image\":{\"@id\":\"https:\/\/infoecos.com.ar\/index.php\/miguel-fernandez-hemos-ido-aprendiendo-y-generando-confianza\/#primaryimage\"},\"thumbnailUrl\":\"https:\/\/infoecos.com.ar\/wp-content\/uploads\/2021\/03\/30-de-Agosto-Miguel-Fernandez-1.jpg\",\"keywords\":[\"ENTREGA DE VIVIENDAS EN 30 DE AGOSTO\"],\"articleSection\":[\"Bloque inferior - 4\"],\"inLanguage\":\"es\"},{\"@type\":\"WebPage\",\"@id\":\"https:\/\/infoecos.com.ar\/index.php\/miguel-fernandez-hemos-ido-aprendiendo-y-generando-confianza\/\",\"url\":\"https:\/\/infoecos.com.ar\/index.php\/miguel-fernandez-hemos-ido-aprendiendo-y-generando-confianza\/\",\"name\":\"Miguel Fern\u00e1ndez: \\\"hemos ido aprendiendo y generando confianza\\\" - Infoecos\",\"isPartOf\":{\"@id\":\"https:\/\/infoecos.com.ar\/#website\"},\"primaryImageOfPage\":{\"@id\":\"https:\/\/infoecos.com.ar\/index.php\/miguel-fernandez-hemos-ido-aprendiendo-y-generando-confianza\/#primaryimage\"},\"image\":{\"@id\":\"https:\/\/infoecos.com.ar\/index.php\/miguel-fernandez-hemos-ido-aprendiendo-y-generando-confianza\/#primaryimage\"},\"thumbnailUrl\":\"https:\/\/infoecos.com.ar\/wp-content\/uploads\/2021\/03\/30-de-Agosto-Miguel-Fernandez-1.jpg\",\"datePublished\":\"2021-03-18T19:13:34+00:00\",\"dateModified\":\"2021-03-20T04:35:23+00:00\",\"breadcrumb\":{\"@id\":\"https:\/\/infoecos.com.ar\/index.php\/miguel-fernandez-hemos-ido-aprendiendo-y-generando-confianza\/#breadcrumb\"},\"inLanguage\":\"es\",\"potentialAction\":[{\"@type\":\"ReadAction\",\"target\":[\"https:\/\/infoecos.com.ar\/index.php\/miguel-fernandez-hemos-ido-aprendiendo-y-generando-confianza\/\"]}]},{\"@type\":\"ImageObject\",\"inLanguage\":\"es\",\"@id\":\"https:\/\/infoecos.com.ar\/index.php\/miguel-fernandez-hemos-ido-aprendiendo-y-generando-confianza\/#primaryimage\",\"url\":\"https:\/\/infoecos.com.ar\/wp-content\/uploads\/2021\/03\/30-de-Agosto-Miguel-Fernandez-1.jpg\",\"contentUrl\":\"https:\/\/infoecos.com.ar\/wp-content\/uploads\/2021\/03\/30-de-Agosto-Miguel-Fernandez-1.jpg\",\"width\":900,\"height\":600},{\"@type\":\"BreadcrumbList\",\"@id\":\"https:\/\/infoecos.com.ar\/index.php\/miguel-fernandez-hemos-ido-aprendiendo-y-generando-confianza\/#breadcrumb\",\"itemListElement\":[{\"@type\":\"ListItem\",\"position\":1,\"name\":\"Portada\",\"item\":\"https:\/\/infoecos.com.ar\/\"},{\"@type\":\"ListItem\",\"position\":2,\"name\":\"Miguel Fern\u00e1ndez: \u00abhemos ido aprendiendo y generando confianza\u00bb\"}]},{\"@type\":\"WebSite\",\"@id\":\"https:\/\/infoecos.com.ar\/#website\",\"url\":\"https:\/\/infoecos.com.ar\/\",\"name\":\"Infoecos\",\"description\":\"Noticias de trenque lauquen y la zona\",\"publisher\":{\"@id\":\"https:\/\/infoecos.com.ar\/#organization\"},\"alternateName\":\"Noticias\",\"potentialAction\":[{\"@type\":\"SearchAction\",\"target\":{\"@type\":\"EntryPoint\",\"urlTemplate\":\"https:\/\/infoecos.com.ar\/?s={search_term_string}\"},\"query-input\":{\"@type\":\"PropertyValueSpecification\",\"valueRequired\":true,\"valueName\":\"search_term_string\"}}],\"inLanguage\":\"es\"},{\"@type\":\"Organization\",\"@id\":\"https:\/\/infoecos.com.ar\/#organization\",\"name\":\"Infoecos\",\"alternateName\":\"Noticias\",\"url\":\"https:\/\/infoecos.com.ar\/\",\"logo\":{\"@type\":\"ImageObject\",\"inLanguage\":\"es\",\"@id\":\"https:\/\/infoecos.com.ar\/#\/schema\/logo\/image\/\",\"url\":\"https:\/\/infoecos.com.ar\/wp-content\/uploads\/2024\/03\/cropped-logo.png\",\"contentUrl\":\"https:\/\/infoecos.com.ar\/wp-content\/uploads\/2024\/03\/cropped-logo.png\",\"width\":374,\"height\":90,\"caption\":\"Infoecos\"},\"image\":{\"@id\":\"https:\/\/infoecos.com.ar\/#\/schema\/logo\/image\/\"},\"sameAs\":[\"https:\/\/www.facebook.com\/profile.php?id=100063200290284\",\"https:\/\/x.com\/infoecos\"]},{\"@type\":\"Person\",\"@id\":\"https:\/\/infoecos.com.ar\/#\/schema\/person\/8f5ace5ce73b4b4aac4b7245aee6f191\",\"name\":\"Jorge Matheus\",\"url\":\"https:\/\/infoecos.com.ar\/index.php\/author\/jomatheus\/\"}]}<\/script>\n<!-- \/ Yoast SEO plugin. -->","yoast_head_json":{"title":"Miguel Fern\u00e1ndez: \"hemos ido aprendiendo y generando confianza\" - Infoecos","robots":{"index":"index","follow":"follow","max-snippet":"max-snippet:-1","max-image-preview":"max-image-preview:large","max-video-preview":"max-video-preview:-1"},"canonical":"https:\/\/infoecos.com.ar\/index.php\/miguel-fernandez-hemos-ido-aprendiendo-y-generando-confianza\/","og_locale":"es_ES","og_type":"article","og_title":"Miguel Fern\u00e1ndez: \"hemos ido aprendiendo y generando confianza\" - Infoecos","og_description":"Fern\u00e1ndez resalt\u00f3 que Trenque Lauquen \"tiene mucha y larga historia de planificaci\u00f3n estrat\u00e9gica del territorio\"","og_url":"https:\/\/infoecos.com.ar\/index.php\/miguel-fernandez-hemos-ido-aprendiendo-y-generando-confianza\/","og_site_name":"Infoecos","article_publisher":"https:\/\/www.facebook.com\/profile.php?id=100063200290284","article_published_time":"2021-03-18T19:13:34+00:00","article_modified_time":"2021-03-20T04:35:23+00:00","og_image":[{"width":900,"height":600,"url":"https:\/\/infoecos.com.ar\/wp-content\/uploads\/2021\/03\/30-de-Agosto-Miguel-Fernandez-1.jpg","type":"image\/jpeg"}],"author":"Jorge Matheus","twitter_card":"summary_large_image","twitter_creator":"@infoecos","twitter_site":"@infoecos","twitter_misc":{"Escrito por":"Jorge Matheus","Tiempo de lectura":"3 minutos"},"schema":{"@context":"https:\/\/schema.org","@graph":[{"@type":"Article","@id":"https:\/\/infoecos.com.ar\/index.php\/miguel-fernandez-hemos-ido-aprendiendo-y-generando-confianza\/#article","isPartOf":{"@id":"https:\/\/infoecos.com.ar\/index.php\/miguel-fernandez-hemos-ido-aprendiendo-y-generando-confianza\/"},"author":{"name":"Jorge Matheus","@id":"https:\/\/infoecos.com.ar\/#\/schema\/person\/8f5ace5ce73b4b4aac4b7245aee6f191"},"headline":"Miguel Fern\u00e1ndez: \u00abhemos ido aprendiendo y generando confianza\u00bb","datePublished":"2021-03-18T19:13:34+00:00","dateModified":"2021-03-20T04:35:23+00:00","mainEntityOfPage":{"@id":"https:\/\/infoecos.com.ar\/index.php\/miguel-fernandez-hemos-ido-aprendiendo-y-generando-confianza\/"},"wordCount":613,"publisher":{"@id":"https:\/\/infoecos.com.ar\/#organization"},"image":{"@id":"https:\/\/infoecos.com.ar\/index.php\/miguel-fernandez-hemos-ido-aprendiendo-y-generando-confianza\/#primaryimage"},"thumbnailUrl":"https:\/\/infoecos.com.ar\/wp-content\/uploads\/2021\/03\/30-de-Agosto-Miguel-Fernandez-1.jpg","keywords":["ENTREGA DE VIVIENDAS EN 30 DE AGOSTO"],"articleSection":["Bloque inferior - 4"],"inLanguage":"es"},{"@type":"WebPage","@id":"https:\/\/infoecos.com.ar\/index.php\/miguel-fernandez-hemos-ido-aprendiendo-y-generando-confianza\/","url":"https:\/\/infoecos.com.ar\/index.php\/miguel-fernandez-hemos-ido-aprendiendo-y-generando-confianza\/","name":"Miguel Fern\u00e1ndez: \"hemos ido aprendiendo y generando confianza\" - Infoecos","isPartOf":{"@id":"https:\/\/infoecos.com.ar\/#website"},"primaryImageOfPage":{"@id":"https:\/\/infoecos.com.ar\/index.php\/miguel-fernandez-hemos-ido-aprendiendo-y-generando-confianza\/#primaryimage"},"image":{"@id":"https:\/\/infoecos.com.ar\/index.php\/miguel-fernandez-hemos-ido-aprendiendo-y-generando-confianza\/#primaryimage"},"thumbnailUrl":"https:\/\/infoecos.com.ar\/wp-content\/uploads\/2021\/03\/30-de-Agosto-Miguel-Fernandez-1.jpg","datePublished":"2021-03-18T19:13:34+00:00","dateModified":"2021-03-20T04:35:23+00:00","breadcrumb":{"@id":"https:\/\/infoecos.com.ar\/index.php\/miguel-fernandez-hemos-ido-aprendiendo-y-generando-confianza\/#breadcrumb"},"inLanguage":"es","potentialAction":[{"@type":"ReadAction","target":["https:\/\/infoecos.com.ar\/index.php\/miguel-fernandez-hemos-ido-aprendiendo-y-generando-confianza\/"]}]},{"@type":"ImageObject","inLanguage":"es","@id":"https:\/\/infoecos.com.ar\/index.php\/miguel-fernandez-hemos-ido-aprendiendo-y-generando-confianza\/#primaryimage","url":"https:\/\/infoecos.com.ar\/wp-content\/uploads\/2021\/03\/30-de-Agosto-Miguel-Fernandez-1.jpg","contentUrl":"https:\/\/infoecos.com.ar\/wp-content\/uploads\/2021\/03\/30-de-Agosto-Miguel-Fernandez-1.jpg","width":900,"height":600},{"@type":"BreadcrumbList","@id":"https:\/\/infoecos.com.ar\/index.php\/miguel-fernandez-hemos-ido-aprendiendo-y-generando-confianza\/#breadcrumb","itemListElement":[{"@type":"ListItem","position":1,"name":"Portada","item":"https:\/\/infoecos.com.ar\/"},{"@type":"ListItem","position":2,"name":"Miguel Fern\u00e1ndez: \u00abhemos ido aprendiendo y generando confianza\u00bb"}]},{"@type":"WebSite","@id":"https:\/\/infoecos.com.ar\/#website","url":"https:\/\/infoecos.com.ar\/","name":"Infoecos","description":"Noticias de trenque lauquen y la zona","publisher":{"@id":"https:\/\/infoecos.com.ar\/#organization"},"alternateName":"Noticias","potentialAction":[{"@type":"SearchAction","target":{"@type":"EntryPoint","urlTemplate":"https:\/\/infoecos.com.ar\/?s={search_term_string}"},"query-input":{"@type":"PropertyValueSpecification","valueRequired":true,"valueName":"search_term_string"}}],"inLanguage":"es"},{"@type":"Organization","@id":"https:\/\/infoecos.com.ar\/#organization","name":"Infoecos","alternateName":"Noticias","url":"https:\/\/infoecos.com.ar\/","logo":{"@type":"ImageObject","inLanguage":"es","@id":"https:\/\/infoecos.com.ar\/#\/schema\/logo\/image\/","url":"https:\/\/infoecos.com.ar\/wp-content\/uploads\/2024\/03\/cropped-logo.png","contentUrl":"https:\/\/infoecos.com.ar\/wp-content\/uploads\/2024\/03\/cropped-logo.png","width":374,"height":90,"caption":"Infoecos"},"image":{"@id":"https:\/\/infoecos.com.ar\/#\/schema\/logo\/image\/"},"sameAs":["https:\/\/www.facebook.com\/profile.php?id=100063200290284","https:\/\/x.com\/infoecos"]},{"@type":"Person","@id":"https:\/\/infoecos.com.ar\/#\/schema\/person\/8f5ace5ce73b4b4aac4b7245aee6f191","name":"Jorge Matheus","url":"https:\/\/infoecos.com.ar\/index.php\/author\/jomatheus\/"}]}},"featured_image_urls":{"full":["https:\/\/infoecos.com.ar\/wp-content\/uploads\/2021\/03\/30-de-Agosto-Miguel-Fernandez-1.jpg",900,600,false],"thumbnail":["https:\/\/infoecos.com.ar\/wp-content\/uploads\/2021\/03\/30-de-Agosto-Miguel-Fernandez-1-150x150.jpg",150,150,true],"medium":["https:\/\/infoecos.com.ar\/wp-content\/uploads\/2021\/03\/30-de-Agosto-Miguel-Fernandez-1-460x307.jpg",460,307,true],"medium_large":["https:\/\/infoecos.com.ar\/wp-content\/uploads\/2021\/03\/30-de-Agosto-Miguel-Fernandez-1-768x512.jpg",640,427,true],"large":["https:\/\/infoecos.com.ar\/wp-content\/uploads\/2021\/03\/30-de-Agosto-Miguel-Fernandez-1.jpg",640,427,false],"1536x1536":["https:\/\/infoecos.com.ar\/wp-content\/uploads\/2021\/03\/30-de-Agosto-Miguel-Fernandez-1.jpg",900,600,false],"2048x2048":["https:\/\/infoecos.com.ar\/wp-content\/uploads\/2021\/03\/30-de-Agosto-Miguel-Fernandez-1.jpg",900,600,false],"covernews-slider-full":["https:\/\/infoecos.com.ar\/wp-content\/uploads\/2021\/03\/30-de-Agosto-Miguel-Fernandez-1.jpg",900,600,false],"covernews-slider-center":["https:\/\/infoecos.com.ar\/wp-content\/uploads\/2021\/03\/30-de-Agosto-Miguel-Fernandez-1.jpg",750,500,false],"covernews-featured":["https:\/\/infoecos.com.ar\/wp-content\/uploads\/2021\/03\/30-de-Agosto-Miguel-Fernandez-1.jpg",900,600,false],"covernews-medium":["https:\/\/infoecos.com.ar\/wp-content\/uploads\/2021\/03\/30-de-Agosto-Miguel-Fernandez-1-720x380.jpg",540,285,true],"covernews-medium-square":["https:\/\/infoecos.com.ar\/wp-content\/uploads\/2021\/03\/30-de-Agosto-Miguel-Fernandez-1-675x450.jpg",375,250,true]},"author_info":{"info":["Jorge Matheus"]},"category_info":"<a href=\"https:\/\/infoecos.com.ar\/index.php\/category\/inferior4\/\" rel=\"category tag\">Bloque inferior - 4<\/a>","tag_info":"Bloque inferior - 4","comment_count":"0","_links":{"self":[{"href":"https:\/\/infoecos.com.ar\/index.php\/wp-json\/wp\/v2\/posts\/76237"}],"collection":[{"href":"https:\/\/infoecos.com.ar\/index.php\/wp-json\/wp\/v2\/posts"}],"about":[{"href":"https:\/\/infoecos.com.ar\/index.php\/wp-json\/wp\/v2\/types\/post"}],"author":[{"embeddable":true,"href":"https:\/\/infoecos.com.ar\/index.php\/wp-json\/wp\/v2\/users\/2"}],"replies":[{"embeddable":true,"href":"https:\/\/infoecos.com.ar\/index.php\/wp-json\/wp\/v2\/comments?post=76237"}],"version-history":[{"count":1,"href":"https:\/\/infoecos.com.ar\/index.php\/wp-json\/wp\/v2\/posts\/76237\/revisions"}],"predecessor-version":[{"id":76242,"href":"https:\/\/infoecos.com.ar\/index.php\/wp-json\/wp\/v2\/posts\/76237\/revisions\/76242"}],"wp:featuredmedia":[{"embeddable":true,"href":"https:\/\/infoecos.com.ar\/index.php\/wp-json\/wp\/v2\/media\/76238"}],"wp:attachment":[{"href":"https:\/\/infoecos.com.ar\/index.php\/wp-json\/wp\/v2\/media?parent=76237"}],"wp:term":[{"taxonomy":"category","embeddable":true,"href":"https:\/\/infoecos.com.ar\/index.php\/wp-json\/wp\/v2\/categories?post=76237"},{"taxonomy":"post_tag","embeddable":true,"href":"https:\/\/infoecos.com.ar\/index.php\/wp-json\/wp\/v2\/tags?post=76237"}],"curies":[{"name":"wp","href":"https:\/\/api.w.org\/{rel}","templated":true}]}}