{"id":76243,"date":"2021-03-18T16:49:09","date_gmt":"2021-03-18T19:49:09","guid":{"rendered":"http:\/\/infoecos.com.ar\/?p=76243"},"modified":"2021-03-20T01:15:20","modified_gmt":"2021-03-20T04:15:20","slug":"anahi-changazzo-hoy-la-palabra-llegar-a-casa-toma-otro-sentido","status":"publish","type":"post","link":"https:\/\/infoecos.com.ar\/index.php\/anahi-changazzo-hoy-la-palabra-llegar-a-casa-toma-otro-sentido\/","title":{"rendered":"Anah\u00ed Changazzo: \u00abhoy la palabra llegar a casa toma otro sentido\u00bb"},"content":{"rendered":"\n<p>En el acto encabezado por el gobernador de la provincia de Buenos Aires, Axel Kicillof, y el intendente municipal de Trenque Lauquen, Miguel Fern\u00e1ndez, donde se entregaron las 11 casas construidas por la Asociaci\u00f3n Mutual de Obreros de la Construcci\u00f3n (AMOC), que preside N\u00e9stor Rodriguez, a trav\u00e9s de un convenio firmado con el Instituto Provincial en el marco de la Operatoria Solidaridad, participaron el diputado provincial Valent\u00edn Miranda; el ministro de Infraestructura y Servicios P\u00fablicos bonaerense, Agust\u00edn Simone; el Administrador del Instituto de la Vivienda, Miguel Oroz; el director del Ente Descentralizado de Treinta de Agosto, Miguel Mul\u00e1n; los concejales M\u00f3nica Est\u00e9vez, Pablo Larrosa, Mart\u00edn Sotullo Lanz, Carolina G\u00f3mez, Mar\u00eda Galiano y Jorge Jord\u00e1n; Ricardo Rodr\u00edguez, de la UOCRA; y autoridades de Camuzzi Gas Pampeana, adem\u00e1s de los adjudicatarios.<\/p>\n\n\n\n<div class=\"wp-block-image\"><figure class=\"aligncenter size-medium\"><img loading=\"lazy\" decoding=\"async\" width=\"460\" height=\"307\" src=\"http:\/\/infoecos.com.ar\/wp-content\/uploads\/2021\/03\/30-de-Agosto-Entrega-de-Viviendas-3-460x307.jpg\" alt=\"\" class=\"wp-image-76244\" srcset=\"https:\/\/infoecos.com.ar\/wp-content\/uploads\/2021\/03\/30-de-Agosto-Entrega-de-Viviendas-3-460x307.jpg 460w, https:\/\/infoecos.com.ar\/wp-content\/uploads\/2021\/03\/30-de-Agosto-Entrega-de-Viviendas-3-768x512.jpg 768w, https:\/\/infoecos.com.ar\/wp-content\/uploads\/2021\/03\/30-de-Agosto-Entrega-de-Viviendas-3-675x450.jpg 675w, https:\/\/infoecos.com.ar\/wp-content\/uploads\/2021\/03\/30-de-Agosto-Entrega-de-Viviendas-3.jpg 900w\" sizes=\"(max-width: 460px) 100vw, 460px\" \/><\/figure><\/div>\n\n\n\n<p>Hubo cuatro oradores, la vecina Anah\u00ed Changazzo, el ministro Simone, el intendente Fern\u00e1ndez y el gobernador Kicillof.<\/p>\n\n\n\n<p>\u00abHoy es un d\u00eda en que los sue\u00f1os se cumplen, donde empezamos a cultivar recuerdos dentro de las paredes de nuestro propio hogar; hoy la palabra llegar a casa toma otro sentido, sabiendo que va a ser nuestro hogar para toda la vida\u00bb, comenz\u00f3 diciendo una de las nuevas propietarias, Anah\u00ed Changazzo, quien agreg\u00f3 que \u00abesto no hubiera sido posible sin N\u00e9stor Rodr\u00edguez a trav\u00e9s de AMOC y del Instituto de la Vivienda; ellos hicieron que todos nuestros esfuerzos tengan sentido\u00bb para finalizar pidi\u00e9ndole al Gobernador bonaerense que \u00bb siga apostando por viviendas en nuestro pueblo\u00bb.<\/p>\n\n\n\n<div class=\"wp-block-image\"><figure class=\"aligncenter size-medium\"><img loading=\"lazy\" decoding=\"async\" width=\"460\" height=\"307\" src=\"http:\/\/infoecos.com.ar\/wp-content\/uploads\/2021\/03\/30-de-Agosto-Entrega-de-Viviendas-4-460x307.jpg\" alt=\"\" class=\"wp-image-76245\" srcset=\"https:\/\/infoecos.com.ar\/wp-content\/uploads\/2021\/03\/30-de-Agosto-Entrega-de-Viviendas-4-460x307.jpg 460w, https:\/\/infoecos.com.ar\/wp-content\/uploads\/2021\/03\/30-de-Agosto-Entrega-de-Viviendas-4-768x512.jpg 768w, https:\/\/infoecos.com.ar\/wp-content\/uploads\/2021\/03\/30-de-Agosto-Entrega-de-Viviendas-4-675x450.jpg 675w, https:\/\/infoecos.com.ar\/wp-content\/uploads\/2021\/03\/30-de-Agosto-Entrega-de-Viviendas-4.jpg 900w\" sizes=\"(max-width: 460px) 100vw, 460px\" \/><\/figure><\/div>\n\n\n\n<p>A su turno, el Ministro Simone dijo que \u00abpara nosotros es uno de los momentos que m\u00e1s satisfacci\u00f3n da en la funci\u00f3n p\u00fablica; son estos los momentos m\u00e1s emotivos y cargados de simbolismos\u00bb y destac\u00f3 \u00abel trabajo que venimos haciendo y el desaf\u00edo de Axel de pasar de dos mil viviendas por a\u00f1o que ven\u00eda haciendo el Instituto a diez mil\u00bb.<\/p>\n\n\n\n<p>\u00abMiguel Oroz, el Administrador est\u00e1 trabajando muy fuerte para llegar a este objetivo. Y queremos viviendas como estas, que hace un a\u00f1o comenzamos a construir y hoy est\u00e1n terminadas; deben ser de las primeras viviendas iniciadas y terminadas en la gesti\u00f3n de Axel\u00bb, a\u00f1adi\u00f3 Simone, para cerrar confesando estar \u00abcontentos de haber iniciado este recorrido y ver los frutos\u00bb.<\/p>\n\n\n\n<div class=\"wp-block-image\"><figure class=\"aligncenter size-medium\"><img loading=\"lazy\" decoding=\"async\" width=\"460\" height=\"307\" src=\"http:\/\/infoecos.com.ar\/wp-content\/uploads\/2021\/03\/30-de-Agosto-Entrega-de-Viviendas-5-460x307.jpg\" alt=\"\" class=\"wp-image-76246\" srcset=\"https:\/\/infoecos.com.ar\/wp-content\/uploads\/2021\/03\/30-de-Agosto-Entrega-de-Viviendas-5-460x307.jpg 460w, https:\/\/infoecos.com.ar\/wp-content\/uploads\/2021\/03\/30-de-Agosto-Entrega-de-Viviendas-5-768x512.jpg 768w, https:\/\/infoecos.com.ar\/wp-content\/uploads\/2021\/03\/30-de-Agosto-Entrega-de-Viviendas-5-675x450.jpg 675w, https:\/\/infoecos.com.ar\/wp-content\/uploads\/2021\/03\/30-de-Agosto-Entrega-de-Viviendas-5.jpg 900w\" sizes=\"(max-width: 460px) 100vw, 460px\" \/><\/figure><\/div>\n\n\n\n<p>Las 11 viviendas entregadas por la AMOC fueron construidas en terrenos de entre 350 y 500 m2, tienen 58m2 distribuidos en dos dormitorios, ba\u00f1o, estar comedor y cocina, doble circuito de agua con dos tanques de 400 litros y cuentan con todos los servicios urbanos y las instalaciones domiciliarias para conectarse a la red de gas natural.<\/p>\n\n\n\n<div class=\"wp-block-image\"><figure class=\"aligncenter size-medium\"><img loading=\"lazy\" decoding=\"async\" width=\"460\" height=\"307\" src=\"http:\/\/infoecos.com.ar\/wp-content\/uploads\/2021\/03\/30-de-Agosto-Entrega-de-Viviendas-8-460x307.jpg\" alt=\"\" class=\"wp-image-76248\" srcset=\"https:\/\/infoecos.com.ar\/wp-content\/uploads\/2021\/03\/30-de-Agosto-Entrega-de-Viviendas-8-460x307.jpg 460w, https:\/\/infoecos.com.ar\/wp-content\/uploads\/2021\/03\/30-de-Agosto-Entrega-de-Viviendas-8-768x512.jpg 768w, https:\/\/infoecos.com.ar\/wp-content\/uploads\/2021\/03\/30-de-Agosto-Entrega-de-Viviendas-8-675x450.jpg 675w, https:\/\/infoecos.com.ar\/wp-content\/uploads\/2021\/03\/30-de-Agosto-Entrega-de-Viviendas-8.jpg 900w\" sizes=\"(max-width: 460px) 100vw, 460px\" \/><\/figure><\/div>\n\n\n\n<p>Los beneficiarios son: H\u00e9ctor Altamirano, Ignacio Falcioni, Valeria Sirotiuk, Jonatan Stamm, Virginia Arruti, Gonzalo L\u00f3pez, Felipe Nu\u00f1ez, Ariel Fontana, Nahuel Acosta, Carlos Cardoso y Anah\u00ed Changazzo.<\/p>\n","protected":false},"excerpt":{"rendered":"<p>Una de las nuevas propietarias, Le pidi\u00f3 al Gobernador bonaerense que \u00absiga apostando por viviendas en nuestro pueblo\u00bb.<\/p>\n","protected":false},"author":2,"featured_media":76249,"comment_status":"closed","ping_status":"open","sticky":false,"template":"","format":"standard","meta":{"footnotes":""},"categories":[51],"tags":[3345],"class_list":["post-76243","post","type-post","status-publish","format-standard","has-post-thumbnail","hentry","category-c2nota4","tag-entrega-de-viviendas-en-30-de-agosto"],"yoast_head":"<!-- This site is optimized with the Yoast SEO plugin v23.4 - https:\/\/yoast.com\/wordpress\/plugins\/seo\/ -->\n<title>Anah\u00ed Changazzo: &quot;hoy la palabra llegar a casa toma otro sentido&quot; - Infoecos<\/title>\n<meta name=\"robots\" content=\"index, follow, max-snippet:-1, max-image-preview:large, max-video-preview:-1\" \/>\n<link rel=\"canonical\" href=\"https:\/\/infoecos.com.ar\/index.php\/anahi-changazzo-hoy-la-palabra-llegar-a-casa-toma-otro-sentido\/\" \/>\n<meta property=\"og:locale\" content=\"es_ES\" \/>\n<meta property=\"og:type\" content=\"article\" \/>\n<meta property=\"og:title\" content=\"Anah\u00ed Changazzo: &quot;hoy la palabra llegar a casa toma otro sentido&quot; - Infoecos\" \/>\n<meta property=\"og:description\" content=\"Una de las nuevas propietarias, Le pidi\u00f3 al Gobernador bonaerense que &quot;siga apostando por viviendas en nuestro pueblo&quot;.\" \/>\n<meta property=\"og:url\" content=\"https:\/\/infoecos.com.ar\/index.php\/anahi-changazzo-hoy-la-palabra-llegar-a-casa-toma-otro-sentido\/\" \/>\n<meta property=\"og:site_name\" content=\"Infoecos\" \/>\n<meta property=\"article:publisher\" content=\"https:\/\/www.facebook.com\/profile.php?id=100063200290284\" \/>\n<meta property=\"article:published_time\" content=\"2021-03-18T19:49:09+00:00\" \/>\n<meta property=\"article:modified_time\" content=\"2021-03-20T04:15:20+00:00\" \/>\n<meta property=\"og:image\" content=\"https:\/\/infoecos.com.ar\/wp-content\/uploads\/2021\/03\/kicien306.jpg\" \/>\n\t<meta property=\"og:image:width\" content=\"841\" \/>\n\t<meta property=\"og:image:height\" content=\"579\" \/>\n\t<meta property=\"og:image:type\" content=\"image\/jpeg\" \/>\n<meta name=\"author\" content=\"Jorge Matheus\" \/>\n<meta name=\"twitter:card\" content=\"summary_large_image\" \/>\n<meta name=\"twitter:creator\" content=\"@infoecos\" \/>\n<meta name=\"twitter:site\" content=\"@infoecos\" \/>\n<meta name=\"twitter:label1\" content=\"Escrito por\" \/>\n\t<meta name=\"twitter:data1\" content=\"Jorge Matheus\" \/>\n\t<meta name=\"twitter:label2\" content=\"Tiempo de lectura\" \/>\n\t<meta name=\"twitter:data2\" content=\"2 minutos\" \/>\n<script type=\"application\/ld+json\" class=\"yoast-schema-graph\">{\"@context\":\"https:\/\/schema.org\",\"@graph\":[{\"@type\":\"Article\",\"@id\":\"https:\/\/infoecos.com.ar\/index.php\/anahi-changazzo-hoy-la-palabra-llegar-a-casa-toma-otro-sentido\/#article\",\"isPartOf\":{\"@id\":\"https:\/\/infoecos.com.ar\/index.php\/anahi-changazzo-hoy-la-palabra-llegar-a-casa-toma-otro-sentido\/\"},\"author\":{\"name\":\"Jorge Matheus\",\"@id\":\"https:\/\/infoecos.com.ar\/#\/schema\/person\/8f5ace5ce73b4b4aac4b7245aee6f191\"},\"headline\":\"Anah\u00ed Changazzo: \u00abhoy la palabra llegar a casa toma otro sentido\u00bb\",\"datePublished\":\"2021-03-18T19:49:09+00:00\",\"dateModified\":\"2021-03-20T04:15:20+00:00\",\"mainEntityOfPage\":{\"@id\":\"https:\/\/infoecos.com.ar\/index.php\/anahi-changazzo-hoy-la-palabra-llegar-a-casa-toma-otro-sentido\/\"},\"wordCount\":490,\"publisher\":{\"@id\":\"https:\/\/infoecos.com.ar\/#organization\"},\"image\":{\"@id\":\"https:\/\/infoecos.com.ar\/index.php\/anahi-changazzo-hoy-la-palabra-llegar-a-casa-toma-otro-sentido\/#primaryimage\"},\"thumbnailUrl\":\"https:\/\/infoecos.com.ar\/wp-content\/uploads\/2021\/03\/kicien306.jpg\",\"keywords\":[\"ENTREGA DE VIVIENDAS EN 30 DE AGOSTO\"],\"articleSection\":[\"C2 N4\"],\"inLanguage\":\"es\"},{\"@type\":\"WebPage\",\"@id\":\"https:\/\/infoecos.com.ar\/index.php\/anahi-changazzo-hoy-la-palabra-llegar-a-casa-toma-otro-sentido\/\",\"url\":\"https:\/\/infoecos.com.ar\/index.php\/anahi-changazzo-hoy-la-palabra-llegar-a-casa-toma-otro-sentido\/\",\"name\":\"Anah\u00ed Changazzo: \\\"hoy la palabra llegar a casa toma otro sentido\\\" - Infoecos\",\"isPartOf\":{\"@id\":\"https:\/\/infoecos.com.ar\/#website\"},\"primaryImageOfPage\":{\"@id\":\"https:\/\/infoecos.com.ar\/index.php\/anahi-changazzo-hoy-la-palabra-llegar-a-casa-toma-otro-sentido\/#primaryimage\"},\"image\":{\"@id\":\"https:\/\/infoecos.com.ar\/index.php\/anahi-changazzo-hoy-la-palabra-llegar-a-casa-toma-otro-sentido\/#primaryimage\"},\"thumbnailUrl\":\"https:\/\/infoecos.com.ar\/wp-content\/uploads\/2021\/03\/kicien306.jpg\",\"datePublished\":\"2021-03-18T19:49:09+00:00\",\"dateModified\":\"2021-03-20T04:15:20+00:00\",\"breadcrumb\":{\"@id\":\"https:\/\/infoecos.com.ar\/index.php\/anahi-changazzo-hoy-la-palabra-llegar-a-casa-toma-otro-sentido\/#breadcrumb\"},\"inLanguage\":\"es\",\"potentialAction\":[{\"@type\":\"ReadAction\",\"target\":[\"https:\/\/infoecos.com.ar\/index.php\/anahi-changazzo-hoy-la-palabra-llegar-a-casa-toma-otro-sentido\/\"]}]},{\"@type\":\"ImageObject\",\"inLanguage\":\"es\",\"@id\":\"https:\/\/infoecos.com.ar\/index.php\/anahi-changazzo-hoy-la-palabra-llegar-a-casa-toma-otro-sentido\/#primaryimage\",\"url\":\"https:\/\/infoecos.com.ar\/wp-content\/uploads\/2021\/03\/kicien306.jpg\",\"contentUrl\":\"https:\/\/infoecos.com.ar\/wp-content\/uploads\/2021\/03\/kicien306.jpg\",\"width\":841,\"height\":579},{\"@type\":\"BreadcrumbList\",\"@id\":\"https:\/\/infoecos.com.ar\/index.php\/anahi-changazzo-hoy-la-palabra-llegar-a-casa-toma-otro-sentido\/#breadcrumb\",\"itemListElement\":[{\"@type\":\"ListItem\",\"position\":1,\"name\":\"Portada\",\"item\":\"https:\/\/infoecos.com.ar\/\"},{\"@type\":\"ListItem\",\"position\":2,\"name\":\"Anah\u00ed Changazzo: \u00abhoy la palabra llegar a casa toma otro sentido\u00bb\"}]},{\"@type\":\"WebSite\",\"@id\":\"https:\/\/infoecos.com.ar\/#website\",\"url\":\"https:\/\/infoecos.com.ar\/\",\"name\":\"Infoecos\",\"description\":\"Noticias de trenque lauquen y la zona\",\"publisher\":{\"@id\":\"https:\/\/infoecos.com.ar\/#organization\"},\"alternateName\":\"Noticias\",\"potentialAction\":[{\"@type\":\"SearchAction\",\"target\":{\"@type\":\"EntryPoint\",\"urlTemplate\":\"https:\/\/infoecos.com.ar\/?s={search_term_string}\"},\"query-input\":{\"@type\":\"PropertyValueSpecification\",\"valueRequired\":true,\"valueName\":\"search_term_string\"}}],\"inLanguage\":\"es\"},{\"@type\":\"Organization\",\"@id\":\"https:\/\/infoecos.com.ar\/#organization\",\"name\":\"Infoecos\",\"alternateName\":\"Noticias\",\"url\":\"https:\/\/infoecos.com.ar\/\",\"logo\":{\"@type\":\"ImageObject\",\"inLanguage\":\"es\",\"@id\":\"https:\/\/infoecos.com.ar\/#\/schema\/logo\/image\/\",\"url\":\"https:\/\/infoecos.com.ar\/wp-content\/uploads\/2024\/03\/cropped-logo.png\",\"contentUrl\":\"https:\/\/infoecos.com.ar\/wp-content\/uploads\/2024\/03\/cropped-logo.png\",\"width\":374,\"height\":90,\"caption\":\"Infoecos\"},\"image\":{\"@id\":\"https:\/\/infoecos.com.ar\/#\/schema\/logo\/image\/\"},\"sameAs\":[\"https:\/\/www.facebook.com\/profile.php?id=100063200290284\",\"https:\/\/x.com\/infoecos\"]},{\"@type\":\"Person\",\"@id\":\"https:\/\/infoecos.com.ar\/#\/schema\/person\/8f5ace5ce73b4b4aac4b7245aee6f191\",\"name\":\"Jorge Matheus\",\"url\":\"https:\/\/infoecos.com.ar\/index.php\/author\/jomatheus\/\"}]}<\/script>\n<!-- \/ Yoast SEO plugin. -->","yoast_head_json":{"title":"Anah\u00ed Changazzo: \"hoy la palabra llegar a casa toma otro sentido\" - Infoecos","robots":{"index":"index","follow":"follow","max-snippet":"max-snippet:-1","max-image-preview":"max-image-preview:large","max-video-preview":"max-video-preview:-1"},"canonical":"https:\/\/infoecos.com.ar\/index.php\/anahi-changazzo-hoy-la-palabra-llegar-a-casa-toma-otro-sentido\/","og_locale":"es_ES","og_type":"article","og_title":"Anah\u00ed Changazzo: \"hoy la palabra llegar a casa toma otro sentido\" - Infoecos","og_description":"Una de las nuevas propietarias, Le pidi\u00f3 al Gobernador bonaerense que \"siga apostando por viviendas en nuestro pueblo\".","og_url":"https:\/\/infoecos.com.ar\/index.php\/anahi-changazzo-hoy-la-palabra-llegar-a-casa-toma-otro-sentido\/","og_site_name":"Infoecos","article_publisher":"https:\/\/www.facebook.com\/profile.php?id=100063200290284","article_published_time":"2021-03-18T19:49:09+00:00","article_modified_time":"2021-03-20T04:15:20+00:00","og_image":[{"width":841,"height":579,"url":"https:\/\/infoecos.com.ar\/wp-content\/uploads\/2021\/03\/kicien306.jpg","type":"image\/jpeg"}],"author":"Jorge Matheus","twitter_card":"summary_large_image","twitter_creator":"@infoecos","twitter_site":"@infoecos","twitter_misc":{"Escrito por":"Jorge Matheus","Tiempo de lectura":"2 minutos"},"schema":{"@context":"https:\/\/schema.org","@graph":[{"@type":"Article","@id":"https:\/\/infoecos.com.ar\/index.php\/anahi-changazzo-hoy-la-palabra-llegar-a-casa-toma-otro-sentido\/#article","isPartOf":{"@id":"https:\/\/infoecos.com.ar\/index.php\/anahi-changazzo-hoy-la-palabra-llegar-a-casa-toma-otro-sentido\/"},"author":{"name":"Jorge Matheus","@id":"https:\/\/infoecos.com.ar\/#\/schema\/person\/8f5ace5ce73b4b4aac4b7245aee6f191"},"headline":"Anah\u00ed Changazzo: \u00abhoy la palabra llegar a casa toma otro sentido\u00bb","datePublished":"2021-03-18T19:49:09+00:00","dateModified":"2021-03-20T04:15:20+00:00","mainEntityOfPage":{"@id":"https:\/\/infoecos.com.ar\/index.php\/anahi-changazzo-hoy-la-palabra-llegar-a-casa-toma-otro-sentido\/"},"wordCount":490,"publisher":{"@id":"https:\/\/infoecos.com.ar\/#organization"},"image":{"@id":"https:\/\/infoecos.com.ar\/index.php\/anahi-changazzo-hoy-la-palabra-llegar-a-casa-toma-otro-sentido\/#primaryimage"},"thumbnailUrl":"https:\/\/infoecos.com.ar\/wp-content\/uploads\/2021\/03\/kicien306.jpg","keywords":["ENTREGA DE VIVIENDAS EN 30 DE AGOSTO"],"articleSection":["C2 N4"],"inLanguage":"es"},{"@type":"WebPage","@id":"https:\/\/infoecos.com.ar\/index.php\/anahi-changazzo-hoy-la-palabra-llegar-a-casa-toma-otro-sentido\/","url":"https:\/\/infoecos.com.ar\/index.php\/anahi-changazzo-hoy-la-palabra-llegar-a-casa-toma-otro-sentido\/","name":"Anah\u00ed Changazzo: \"hoy la palabra llegar a casa toma otro sentido\" - Infoecos","isPartOf":{"@id":"https:\/\/infoecos.com.ar\/#website"},"primaryImageOfPage":{"@id":"https:\/\/infoecos.com.ar\/index.php\/anahi-changazzo-hoy-la-palabra-llegar-a-casa-toma-otro-sentido\/#primaryimage"},"image":{"@id":"https:\/\/infoecos.com.ar\/index.php\/anahi-changazzo-hoy-la-palabra-llegar-a-casa-toma-otro-sentido\/#primaryimage"},"thumbnailUrl":"https:\/\/infoecos.com.ar\/wp-content\/uploads\/2021\/03\/kicien306.jpg","datePublished":"2021-03-18T19:49:09+00:00","dateModified":"2021-03-20T04:15:20+00:00","breadcrumb":{"@id":"https:\/\/infoecos.com.ar\/index.php\/anahi-changazzo-hoy-la-palabra-llegar-a-casa-toma-otro-sentido\/#breadcrumb"},"inLanguage":"es","potentialAction":[{"@type":"ReadAction","target":["https:\/\/infoecos.com.ar\/index.php\/anahi-changazzo-hoy-la-palabra-llegar-a-casa-toma-otro-sentido\/"]}]},{"@type":"ImageObject","inLanguage":"es","@id":"https:\/\/infoecos.com.ar\/index.php\/anahi-changazzo-hoy-la-palabra-llegar-a-casa-toma-otro-sentido\/#primaryimage","url":"https:\/\/infoecos.com.ar\/wp-content\/uploads\/2021\/03\/kicien306.jpg","contentUrl":"https:\/\/infoecos.com.ar\/wp-content\/uploads\/2021\/03\/kicien306.jpg","width":841,"height":579},{"@type":"BreadcrumbList","@id":"https:\/\/infoecos.com.ar\/index.php\/anahi-changazzo-hoy-la-palabra-llegar-a-casa-toma-otro-sentido\/#breadcrumb","itemListElement":[{"@type":"ListItem","position":1,"name":"Portada","item":"https:\/\/infoecos.com.ar\/"},{"@type":"ListItem","position":2,"name":"Anah\u00ed Changazzo: \u00abhoy la palabra llegar a casa toma otro sentido\u00bb"}]},{"@type":"WebSite","@id":"https:\/\/infoecos.com.ar\/#website","url":"https:\/\/infoecos.com.ar\/","name":"Infoecos","description":"Noticias de trenque lauquen y la zona","publisher":{"@id":"https:\/\/infoecos.com.ar\/#organization"},"alternateName":"Noticias","potentialAction":[{"@type":"SearchAction","target":{"@type":"EntryPoint","urlTemplate":"https:\/\/infoecos.com.ar\/?s={search_term_string}"},"query-input":{"@type":"PropertyValueSpecification","valueRequired":true,"valueName":"search_term_string"}}],"inLanguage":"es"},{"@type":"Organization","@id":"https:\/\/infoecos.com.ar\/#organization","name":"Infoecos","alternateName":"Noticias","url":"https:\/\/infoecos.com.ar\/","logo":{"@type":"ImageObject","inLanguage":"es","@id":"https:\/\/infoecos.com.ar\/#\/schema\/logo\/image\/","url":"https:\/\/infoecos.com.ar\/wp-content\/uploads\/2024\/03\/cropped-logo.png","contentUrl":"https:\/\/infoecos.com.ar\/wp-content\/uploads\/2024\/03\/cropped-logo.png","width":374,"height":90,"caption":"Infoecos"},"image":{"@id":"https:\/\/infoecos.com.ar\/#\/schema\/logo\/image\/"},"sameAs":["https:\/\/www.facebook.com\/profile.php?id=100063200290284","https:\/\/x.com\/infoecos"]},{"@type":"Person","@id":"https:\/\/infoecos.com.ar\/#\/schema\/person\/8f5ace5ce73b4b4aac4b7245aee6f191","name":"Jorge Matheus","url":"https:\/\/infoecos.com.ar\/index.php\/author\/jomatheus\/"}]}},"featured_image_urls":{"full":["https:\/\/infoecos.com.ar\/wp-content\/uploads\/2021\/03\/kicien306.jpg",841,579,false],"thumbnail":["https:\/\/infoecos.com.ar\/wp-content\/uploads\/2021\/03\/kicien306-150x150.jpg",150,150,true],"medium":["https:\/\/infoecos.com.ar\/wp-content\/uploads\/2021\/03\/kicien306-460x317.jpg",460,317,true],"medium_large":["https:\/\/infoecos.com.ar\/wp-content\/uploads\/2021\/03\/kicien306-768x529.jpg",640,441,true],"large":["https:\/\/infoecos.com.ar\/wp-content\/uploads\/2021\/03\/kicien306.jpg",640,441,false],"1536x1536":["https:\/\/infoecos.com.ar\/wp-content\/uploads\/2021\/03\/kicien306.jpg",841,579,false],"2048x2048":["https:\/\/infoecos.com.ar\/wp-content\/uploads\/2021\/03\/kicien306.jpg",841,579,false],"covernews-slider-full":["https:\/\/infoecos.com.ar\/wp-content\/uploads\/2021\/03\/kicien306.jpg",841,579,false],"covernews-slider-center":["https:\/\/infoecos.com.ar\/wp-content\/uploads\/2021\/03\/kicien306.jpg",726,500,false],"covernews-featured":["https:\/\/infoecos.com.ar\/wp-content\/uploads\/2021\/03\/kicien306.jpg",841,579,false],"covernews-medium":["https:\/\/infoecos.com.ar\/wp-content\/uploads\/2021\/03\/kicien306-720x380.jpg",540,285,true],"covernews-medium-square":["https:\/\/infoecos.com.ar\/wp-content\/uploads\/2021\/03\/kicien306-675x450.jpg",375,250,true]},"author_info":{"info":["Jorge Matheus"]},"category_info":"<a href=\"https:\/\/infoecos.com.ar\/index.php\/category\/c2nota4\/\" rel=\"category tag\">C2 N4<\/a>","tag_info":"C2 N4","comment_count":"0","_links":{"self":[{"href":"https:\/\/infoecos.com.ar\/index.php\/wp-json\/wp\/v2\/posts\/76243"}],"collection":[{"href":"https:\/\/infoecos.com.ar\/index.php\/wp-json\/wp\/v2\/posts"}],"about":[{"href":"https:\/\/infoecos.com.ar\/index.php\/wp-json\/wp\/v2\/types\/post"}],"author":[{"embeddable":true,"href":"https:\/\/infoecos.com.ar\/index.php\/wp-json\/wp\/v2\/users\/2"}],"replies":[{"embeddable":true,"href":"https:\/\/infoecos.com.ar\/index.php\/wp-json\/wp\/v2\/comments?post=76243"}],"version-history":[{"count":1,"href":"https:\/\/infoecos.com.ar\/index.php\/wp-json\/wp\/v2\/posts\/76243\/revisions"}],"predecessor-version":[{"id":76250,"href":"https:\/\/infoecos.com.ar\/index.php\/wp-json\/wp\/v2\/posts\/76243\/revisions\/76250"}],"wp:featuredmedia":[{"embeddable":true,"href":"https:\/\/infoecos.com.ar\/index.php\/wp-json\/wp\/v2\/media\/76249"}],"wp:attachment":[{"href":"https:\/\/infoecos.com.ar\/index.php\/wp-json\/wp\/v2\/media?parent=76243"}],"wp:term":[{"taxonomy":"category","embeddable":true,"href":"https:\/\/infoecos.com.ar\/index.php\/wp-json\/wp\/v2\/categories?post=76243"},{"taxonomy":"post_tag","embeddable":true,"href":"https:\/\/infoecos.com.ar\/index.php\/wp-json\/wp\/v2\/tags?post=76243"}],"curies":[{"name":"wp","href":"https:\/\/api.w.org\/{rel}","templated":true}]}}