{"id":76253,"date":"2021-03-18T23:51:51","date_gmt":"2021-03-19T02:51:51","guid":{"rendered":"http:\/\/infoecos.com.ar\/?p=76253"},"modified":"2021-03-18T23:52:44","modified_gmt":"2021-03-19T02:52:44","slug":"sera-presencial-pero-sin-asistencia-de-publico-la-primera-sesion-ordinaria-del-concejo-deliberante-de-trenque-lauquen","status":"publish","type":"post","link":"https:\/\/infoecos.com.ar\/index.php\/sera-presencial-pero-sin-asistencia-de-publico-la-primera-sesion-ordinaria-del-concejo-deliberante-de-trenque-lauquen\/","title":{"rendered":"Ser\u00e1 presencial, pero sin asistencia de p\u00fablico la primera sesi\u00f3n ordinaria del Concejo Deliberante de Trenque Lauquen"},"content":{"rendered":"\n<p class=\"wp-block-paragraph\">Con una importante agenda de temas para ser tratados, entre ellos, el ingreso del C\u00e1lculo de Recursos y Presupuesto de Gastos 2021, eximiciones tributarias, donaciones, convenios para la financiaci\u00f3n de obras e iniciativas del Concejo Deliberante Juvenil, tendr\u00e1 lugar este viernes la 1ra. Sesi\u00f3n Ordinaria del Concejo Deliberante.<\/p>\n\n\n\n<div class=\"wp-block-image\"><figure class=\"aligncenter size-medium\"><img loading=\"lazy\" decoding=\"async\" width=\"460\" height=\"345\" src=\"http:\/\/infoecos.com.ar\/wp-content\/uploads\/2021\/03\/SAM_2879-460x345.jpg\" alt=\"\" class=\"wp-image-75580\" srcset=\"https:\/\/infoecos.com.ar\/wp-content\/uploads\/2021\/03\/SAM_2879-460x345.jpg 460w, https:\/\/infoecos.com.ar\/wp-content\/uploads\/2021\/03\/SAM_2879-920x689.jpg 920w, https:\/\/infoecos.com.ar\/wp-content\/uploads\/2021\/03\/SAM_2879-768x576.jpg 768w, https:\/\/infoecos.com.ar\/wp-content\/uploads\/2021\/03\/SAM_2879-1024x767.jpg 1024w, https:\/\/infoecos.com.ar\/wp-content\/uploads\/2021\/03\/SAM_2879.jpg 1217w\" sizes=\"auto, (max-width: 460px) 100vw, 460px\" \/><\/figure><\/div>\n\n\n\n<p class=\"wp-block-paragraph\">La misma comenzar\u00e1 a partir de las 21 horas y se realizar\u00e1 bajo estrictos protocolos sanitarios por la pandemia de COVID-19, y <strong>a fin de cumplimentar con el distanciamiento social dentro del recinto, no se permitir\u00e1 el ingreso de p\u00fablico<\/strong>. <strong>La Sesi\u00f3n ser\u00e1 transmitida en directo por las cuentas oficiales del HCD en Youtube y Facebook<\/strong>.<\/p>\n\n\n\n<p class=\"wp-block-paragraph\">Como resultado del trabajo en las Comisiones Internas, los concejales pondr\u00e1n a votaci\u00f3n un proyecto tendiente a crear la \u201cSenda Peatonal por la Diversidad\u201d, en las localidades de Beruti, 30 de Agosto y Trenque Lauquen; una solicitud para que Vialidad Nacional analice y gestione la posibilidad de plantaci\u00f3n de especies bajas en las Rotondas ubicadas sobre la Ruta Nacional n\u00b0 5 en sus intersecciones con Avenida Garc\u00eda Salinas y Ruta Nacional n\u00b0 33; la derogaci\u00f3n de una Ordenanza mediante la cual se otorgara un predio en el SIP a la firma Tropical S.A.; y la donaci\u00f3n de<br>objetos efectuada por la Sra. Mabel Caputto, que pasaran a formar parte del patrimonio Municipal y su destino ser\u00e1 el Museo de los Carruajes.<\/p>\n\n\n\n<div class=\"wp-block-image\"><figure class=\"aligncenter size-medium\"><img loading=\"lazy\" decoding=\"async\" width=\"460\" height=\"237\" src=\"http:\/\/infoecos.com.ar\/wp-content\/uploads\/concejod-460x237.jpg\" alt=\"\" class=\"wp-image-61711\" srcset=\"https:\/\/infoecos.com.ar\/wp-content\/uploads\/concejod-460x237.jpg 460w, https:\/\/infoecos.com.ar\/wp-content\/uploads\/concejod-768x396.jpg 768w, https:\/\/infoecos.com.ar\/wp-content\/uploads\/concejod.jpg 825w\" sizes=\"auto, (max-width: 460px) 100vw, 460px\" \/><figcaption>Concejo Deliberante de Trenque Lauquen<\/figcaption><\/figure><\/div>\n\n\n\n<p class=\"wp-block-paragraph\">En cuanto a los anteproyectos sancionados en 2020 por los concejales juveniles, ser\u00e1n diez las iniciativas que hoy se pondr\u00e1n a votaci\u00f3n: la forestaci\u00f3n y reforestaci\u00f3n en parques y ramblas del Distrito que as\u00ed lo necesiten; la instalaci\u00f3n de WI FI libre en la Plaza \u201cJos\u00e9 Guazzone\u201d de Beruti; el arreglo de las veredas de la Plaza \u201cSan Mart\u00edn\u201d y una invitaci\u00f3n para que los frentistas de la calle Villegas hagan lo mismo con sus veredas; un relevamiento de los reductores de velocidad y la implementaci\u00f3n de las Leyes Nacional y Provincial de Tr\u00e1nsito, a fin de lograr la reducci\u00f3n de la velocidad vehicular; la creaci\u00f3n de un espacio para la atenci\u00f3n de personas con padecimientos mentales; y la poda correctiva de especies que interfieran con el cableado el\u00e9ctrico.<\/p>\n\n\n\n<p class=\"wp-block-paragraph\">Se suma para su tratamiento una propuesta para la colocaci\u00f3n y reposici\u00f3n de la carteler\u00eda indicativa de nombre y altura de las calles; la construcci\u00f3n de una pista de skate en 30 de Agosto; la implementaci\u00f3n de un programa para el apoyo e integraci\u00f3n en actividades deportivas para ni\u00f1os y j\u00f3venes de Beruti; y gestiones para que los j\u00f3venes puedan acceder a nuevas carreras y sedes Universitarias en Trenque Lauquen.<\/p>\n\n\n\n<div class=\"wp-block-image\"><figure class=\"aligncenter size-medium\"><img loading=\"lazy\" decoding=\"async\" width=\"460\" height=\"460\" src=\"http:\/\/infoecos.com.ar\/wp-content\/uploads\/hcd-1-460x460.jpg\" alt=\"\" class=\"wp-image-61999\" srcset=\"https:\/\/infoecos.com.ar\/wp-content\/uploads\/hcd-1-460x460.jpg 460w, https:\/\/infoecos.com.ar\/wp-content\/uploads\/hcd-1-150x150.jpg 150w, https:\/\/infoecos.com.ar\/wp-content\/uploads\/hcd-1.jpg 678w\" sizes=\"auto, (max-width: 460px) 100vw, 460px\" \/><figcaption>Trenque Lauquen &#8211; Concejo Deliberante (logo)<\/figcaption><\/figure><\/div>\n\n\n\n<p class=\"wp-block-paragraph\">En otro orden, y como p\u00e1rrafo a destacar, los concejales Claudio Figal y Ana M\u00f3nica Lamais\u00f3n informaron mediante una nota ingresada por Secretar\u00eda Administrativa que el bloque que integran dejar\u00e1 de llamarse Renovaci\u00f3n y Cambio \/ UCR, para denominarse ahora bajo el nombre Evoluci\u00f3n Radical.<br>La bancada continuar\u00e1 siendo presidida por Figal.<\/p>\n\n\n\n<p class=\"wp-block-paragraph\">Por otro lado, los concejales dar\u00e1n ingreso a las Comisiones que correspondan para su estudio, a los siguientes Proyectos de Ordenanza remitidos por el Departamento Ejecutivo:<\/p>\n\n\n\n<p class=\"wp-block-paragraph\">\u2013 Convalida Convenio Marco con el Ministerio de Obras P\u00fablicas \u2013 Plan Argentina Hace \u2013 II \u2013 por el monto de $ 28.600.000,00.<\/p>\n\n\n\n<p class=\"wp-block-paragraph\">\u2013 Convalida Convenio Espec\u00edfico con la Secretar\u00eda de Obras P\u00fablicas, dependiente del Ministerio de Obras P\u00fablicas \u2013 Asistencia financiera de $ 21.000.000,00 cuyo destino es la Obra \u201cRemodelaci\u00f3n Plaza San Mart\u00edn\u201d comprendida en el Plan \u201cArgentina Hace\u201d.<\/p>\n\n\n\n<p class=\"wp-block-paragraph\">\u2013 Convalida Convenio Espec\u00edfico con la Secretar\u00eda de Obras P\u00fablicas dependiente del Ministerio de Obras P\u00fablicas \u2013 Asistencia financiera de $ 5.500.000,00 cuyo destino es la Obra \u201cIluminaci\u00f3n LED Av. Villegas, Acceso Garc\u00eda Salinas y Parque Villegas TL, comprendida en el Plan \u201cArgentina Hace\u201d.<\/p>\n\n\n\n<p class=\"wp-block-paragraph\">\u2013 Convalida Convenio Espec\u00edfico con la Secretar\u00eda de Obras P\u00fablicas dependiente del Ministerio de Obras P\u00fablicas \u2013 Asistencia financiera de $ 2.100.000,00 cuyo destino es la Obra de \u201cRemodelaci\u00f3n y Ampliaci\u00f3n Guardia del Hospital \u201cDr. Francisco Eguiguren\u201d de 30 de Agosto\u201d, comprendida en el Plan \u201cArgentina Hace\u201d.<\/p>\n\n\n\n<p class=\"wp-block-paragraph\">\u2013 C\u00e1lculo de Recursos, Presupuesto de Gastos, correspondiente al Ejercicio 2021.<\/p>\n\n\n\n<p class=\"wp-block-paragraph\">\u2013 Convalida Decreto n\u00b0 1928 de 2020 del Departamento Ejecutivo, por la cual se exime del pago de cuotas para el a\u00f1o 2021, de la Tasa de Inspecci\u00f3n de Seguridad e Higiene General y Especial.<\/p>\n\n\n\n<p class=\"wp-block-paragraph\">\u2013 Autoriza al Departamento Ejecutivo. a arrendar los predios designados catastralmente como Circunscripci\u00f3n VI, Parcela 471c, y el remanente de la Circunscripci\u00f3n VI, Parcela 471d.<\/p>\n\n\n\n<p class=\"wp-block-paragraph\">\u2013 Acepta la donaci\u00f3n efectuada por la Sra. Mar\u00eda Cristina Prono, consistente en 70 pares de calzado, con destino a la Subsecretar\u00eda de Desarrollo Humano.<\/p>\n\n\n\n<p class=\"wp-block-paragraph\">\u2013 Acepta la donaci\u00f3n efectuada por Concejales consistente en un porcentaje de sus dietas, para colaborar en el abordaje de la situaci\u00f3n generada por el COVID-19.<\/p>\n\n\n\n<p class=\"wp-block-paragraph\">\u2013 Acepta la donaci\u00f3n de Cooperaci\u00f3n Mutual Patronal, de art\u00edculos varios, con destino a la Subsecretar\u00eda de Desarrollo Humano.<\/p>\n\n\n\n<p class=\"wp-block-paragraph\">\u2013 Exime del pago del Derecho de Construcci\u00f3n a todos los beneficiarios del Plan Procrear en cualquiera de sus modalidades.<\/p>\n\n\n\n<p class=\"wp-block-paragraph\">\u2013 Crea el Plan de Viviendas \u201cTu Lote, Tu Casa\u201d \u2013 Etapa 1.<\/p>\n\n\n\n<p class=\"wp-block-paragraph\">\u2013 Acepta la donaci\u00f3n efectuada por el Sr. Jos\u00e9 Gianotti, de un televisor marca Philco \u201cFord\u201d, de una antig\u00fcedad aproximada de 50 a\u00f1os, con destino al Museo C\u00edvico Almafuerte.<\/p>\n\n\n\n<p class=\"wp-block-paragraph\">\u2013 Acepta la donaci\u00f3n efectuada por Alberto, Mar\u00eda Josefina, Fernando y Francisco Rodr\u00edguez Mera, de 71 fotos, con destino al Museo Hist\u00f3rico Regional \u2013 Archivo Hist\u00f3rico \u201cLuis Scalese\u201d.<\/p>\n\n\n\n<p class=\"wp-block-paragraph\">\u2013 Deja sin efecto la actualizaci\u00f3n prevista por el Art\u00edculo 2\u00b0 de la Ordenanza Impositiva n\u00b0 5042 de 2020, para el vencimiento a operarse el 31 de marzo de 2021, manteniendo el valor de inicio.<\/p>\n\n\n\n<p class=\"wp-block-paragraph\">\u2013 Autoriza a la Cl\u00ednica Privada \u201cDr. Pedro Garc\u00eda Salinas S.A.\u201d a incrementar la superficie edificada en planta, baja del inmueble donde se encuentra su Centro de Salud, sito en calle 25 de Mayo N\u00b0 170.<\/p>\n\n\n\n<p class=\"wp-block-paragraph\">\u2013 Acepta donaci\u00f3n efectuada por la Sra. Silvia Martha de la Plaza, en su nombre y el de sus hermanas Dinorha Esther y Mar\u00eda Susana, de un Arado Mancera, destinado al Museo de los Carruajes.<\/p>\n\n\n\n<p class=\"wp-block-paragraph\">\u2013 Convenio de Renovaci\u00f3n de la Concesi\u00f3n de Uso, de un inmueble ubicado en el Sector Industrial Planificado, otorgado por Ordenanza n\u00b0 4993\/19, a la firma \u201cFincas del Para\u00edso\u201d.<\/p>\n\n\n\n<p class=\"wp-block-paragraph\">\u2013 Autoriza la reprogramaci\u00f3n de las deudas municipales generadas en el marco del \u201cFondo Especial de Emergencia Sanitaria para la Contenci\u00f3n Fiscal Municipal\u201d.<\/p>\n\n\n\n<p class=\"wp-block-paragraph\">\u2013 Convalida la firma del Convenio suscripto con los Sres. Guillermo Cerinignana y Ana Agustina Llera, por una vivienda de C\u00edrculo Cerrado.<\/p>\n\n\n\n<div class=\"wp-block-image\"><figure class=\"aligncenter size-medium\"><img loading=\"lazy\" decoding=\"async\" width=\"460\" height=\"460\" src=\"http:\/\/infoecos.com.ar\/wp-content\/uploads\/2021\/03\/concejodeliberante1erasesion-460x460.jpg\" alt=\"\" class=\"wp-image-76254\" srcset=\"https:\/\/infoecos.com.ar\/wp-content\/uploads\/2021\/03\/concejodeliberante1erasesion-460x460.jpg 460w, https:\/\/infoecos.com.ar\/wp-content\/uploads\/2021\/03\/concejodeliberante1erasesion-920x917.jpg 920w, https:\/\/infoecos.com.ar\/wp-content\/uploads\/2021\/03\/concejodeliberante1erasesion-150x150.jpg 150w, https:\/\/infoecos.com.ar\/wp-content\/uploads\/2021\/03\/concejodeliberante1erasesion-768x766.jpg 768w, https:\/\/infoecos.com.ar\/wp-content\/uploads\/2021\/03\/concejodeliberante1erasesion-1024x1021.jpg 1024w, https:\/\/infoecos.com.ar\/wp-content\/uploads\/2021\/03\/concejodeliberante1erasesion.jpg 1030w\" sizes=\"auto, (max-width: 460px) 100vw, 460px\" \/><\/figure><\/div>\n\n\n\n<p class=\"wp-block-paragraph\">Adem\u00e1s, se suman otras tres Ordenanzas para ser remitidas a Comisi\u00f3n: una presentada por la bancada Frente Renovador (FR), a fin de autorizar al Ejecutivo a realizar concursos de proyectos para la remodelaci\u00f3n integral del Parque \u201cConrado Villegas\u201d; y dos iniciativas impulsadas por el bloque Evoluci\u00f3n Radical (ER), tendientes a crear el programa denominado Agua Potable Segura Envasada, y a disponer la implementaci\u00f3n de un plan para la devoluci\u00f3n progresiva de los coeficientes salariales detra\u00eddos, que comenzar\u00e1 a regir con la sanci\u00f3n del C\u00e1lculo de Recursos y Presupuesto de Gastos para el a\u00f1o 2022, y los a\u00f1os subsiguientes hasta lograr la recuperaci\u00f3n de los coeficientes, de acuerdo a lo que establec\u00eda la Ordenanza n\u00b0 2443 de 2004.<\/p>\n\n\n\n<p class=\"wp-block-paragraph\">La Sesi\u00f3n incluir\u00e1 el tratamiento de un \u00fanico Proyecto de Decreto, impulsado esta vez por el bloque Frente de Todos (FdT), tendiente a manifestar benepl\u00e1cito por la creaci\u00f3n y puesta en marcha de la L\u00ednea 168, para asistencia de v\u00edctimas de discriminaci\u00f3n, racismo y xenofobia por parte del INADI.<\/p>\n\n\n\n<p class=\"wp-block-paragraph\">En el rengl\u00f3n de los Proyectos de Resoluci\u00f3n, los concejales dar\u00e1n tratamiento a dos iniciativas presentadas por el bloque FdT. Se trata de una solicitud para el Departamento Ejecutivo a fin de evaluar la posibilidad de llevar adelante un convenio con Loter\u00edas y Casinos de la Provincia de Buenos Aires, con el objetivo de implementar las diferentes herramientas que posee el Programa de Prevenci\u00f3n y Asistencia para Jugadores Compulsivos; y una adhesi\u00f3n al Acto a cargo de la Comisi\u00f3n de Derechos Humanos en conmemoraci\u00f3n del 24 de Marzo, D\u00eda Nacional por la Memoria, la Verdad y la Justicia; a la iniciativa a cargo del Parlamento de la Mujer de Trenque Lauquen \u201cPlantamos Memoria\u201d y a la realizaci\u00f3n de \u201cArte por la Memoria\u201d, que realiza el CEARTE, espect\u00e1culo colectivo de artistas locales.<\/p>\n\n\n\n<p class=\"wp-block-paragraph\">Por su parte, los ediles de Juntos por el Cambio (JxC) presentaron cuatro Resoluciones para ser tratadas en el recinto: una expresi\u00f3n de repudio por los privilegios y favoritismos en el proceso de vacunaci\u00f3n contra el COVID-19, donde se vieran beneficiados funcionarios p\u00fablicos, familiares y amigos; una adhesi\u00f3n a la expresi\u00f3n democr\u00e1tica y el sentido de justicia de la Ley 15.273, que expresaron ambas c\u00e1maras de la Legislatura Bonaerense y el Gobernador de la Provincia, por la restituci\u00f3n hist\u00f3rica del inmueble a la UCR de Trenque Lauquen; una manifestaci\u00f3n de apoyo a la labor de la Mesa Promotora por la \u201cRuta del Cereal\u201d, que el d\u00eda 19 de marzo del corriente, en la localidad de Garr\u00e9, inicia gestiones a fin de solicitar a las autoridades que se complete la obra de asfalto en el tramo Salazar \u2013 Garr\u00e9; y una expresi\u00f3n de preocupaci\u00f3n por la falta de resoluci\u00f3n de las denuncias y solicitudes presentadas ante la Autoridad de Agua y la Direcci\u00f3n Provincial de Hidr\u00e1ulica, respecto de la realizaci\u00f3n de canales en el distrito de Pellegrini, sin la correspondiente autorizaci\u00f3n.<\/p>\n\n\n\n<p class=\"wp-block-paragraph\">La 1ra. Sesi\u00f3n Ordinaria culminar\u00e1 con la puesta a votaci\u00f3n de tres Comunicaciones impulsadas por el oficialismo, que consisten en las siguientes solicitudes: al Congreso de la Naci\u00f3n Argentina y a la Legislatura de la Provincia de Buenos Aires, que establezcan a la educaci\u00f3n como servicio p\u00fablico esencial durante el ciclo de escolaridad obligatoria; al Ministerio de Desarrollo Agrario de la Provincia, que arbitre los medios para desarrollar y optimizar la trazabilidad del producto pesquero y la actividad legal realizada por los licenciatarios de pesca comercial en el Distrito de Trenque Lauquen; y a la Direcci\u00f3n General del Cultura y Educaci\u00f3n, a la Direcci\u00f3n de Educaci\u00f3n F\u00edsica de la Provincia, la presentaci\u00f3n de los protocolos para el retorno de la actividad f\u00edsica presencial en los Centros de Educaci\u00f3n F\u00edsica, de nuestro distrito.<\/p>\n\n\n\n<p class=\"wp-block-paragraph\">Se suman para su tratamiento dos pedidos dirigidos al Departamento Ejecutivo impulsados por el bloque FdT: que cumplimente lo requerido en la Comunicaci\u00f3n n\u00b0 2662 de 2020, mediante la cual se solicitara un listado completo del parque automotor municipal; y que disponga la instalaci\u00f3n de una antena con Internet libre para la comunidad de La Carreta.<\/p>\n\n\n\n<p class=\"wp-block-paragraph\">Por \u00faltimo, la bancada FR solicita al Ejecutivo que informe la n\u00f3mina de vecinos particulares que tengan asignada la reserva de estacionamiento, importe que abonan y documentaci\u00f3n para la asignaci\u00f3n de dicha reserva de estacionamiento.<\/p>\n","protected":false},"excerpt":{"rendered":"<p>La informaci\u00f3n oficial proporcionada por el \u00e1rea de prensa del cuerpo<\/p>\n","protected":false},"author":2,"featured_media":75582,"comment_status":"closed","ping_status":"open","sticky":false,"template":"","format":"standard","meta":{"footnotes":""},"categories":[47],"tags":[3348],"class_list":["post-76253","post","type-post","status-publish","format-standard","has-post-thumbnail","hentry","category-c3nota2","tag-hoy-viernes-a-partir-de-las-21"],"featured_image_urls":{"full":["https:\/\/infoecos.com.ar\/wp-content\/uploads\/2021\/03\/SAM_2877.jpg",1217,912,false],"thumbnail":["https:\/\/infoecos.com.ar\/wp-content\/uploads\/2021\/03\/SAM_2877-150x150.jpg",150,150,true],"medium":["https:\/\/infoecos.com.ar\/wp-content\/uploads\/2021\/03\/SAM_2877-460x345.jpg",460,345,true],"medium_large":["https:\/\/infoecos.com.ar\/wp-content\/uploads\/2021\/03\/SAM_2877-768x576.jpg",640,480,true],"large":["https:\/\/infoecos.com.ar\/wp-content\/uploads\/2021\/03\/SAM_2877-920x689.jpg",640,479,true],"1536x1536":["https:\/\/infoecos.com.ar\/wp-content\/uploads\/2021\/03\/SAM_2877.jpg",1217,912,false],"2048x2048":["https:\/\/infoecos.com.ar\/wp-content\/uploads\/2021\/03\/SAM_2877.jpg",1217,912,false],"covernews-slider-full":["https:\/\/infoecos.com.ar\/wp-content\/uploads\/2021\/03\/SAM_2877.jpg",954,715,false],"covernews-slider-center":["https:\/\/infoecos.com.ar\/wp-content\/uploads\/2021\/03\/SAM_2877-936x897.jpg",522,500,true],"covernews-featured":["https:\/\/infoecos.com.ar\/wp-content\/uploads\/2021\/03\/SAM_2877-1024x767.jpg",1024,767,true],"covernews-medium":["https:\/\/infoecos.com.ar\/wp-content\/uploads\/2021\/03\/SAM_2877-720x380.jpg",540,285,true],"covernews-medium-square":["https:\/\/infoecos.com.ar\/wp-content\/uploads\/2021\/03\/SAM_2877-675x450.jpg",375,250,true]},"author_info":{"info":["Jorge Matheus"]},"category_info":"<a href=\"https:\/\/infoecos.com.ar\/index.php\/category\/c3nota2\/\" rel=\"category tag\">C3 N2<\/a>","tag_info":"C3 N2","comment_count":"0","_links":{"self":[{"href":"https:\/\/infoecos.com.ar\/index.php\/wp-json\/wp\/v2\/posts\/76253","targetHints":{"allow":["GET"]}}],"collection":[{"href":"https:\/\/infoecos.com.ar\/index.php\/wp-json\/wp\/v2\/posts"}],"about":[{"href":"https:\/\/infoecos.com.ar\/index.php\/wp-json\/wp\/v2\/types\/post"}],"author":[{"embeddable":true,"href":"https:\/\/infoecos.com.ar\/index.php\/wp-json\/wp\/v2\/users\/2"}],"replies":[{"embeddable":true,"href":"https:\/\/infoecos.com.ar\/index.php\/wp-json\/wp\/v2\/comments?post=76253"}],"version-history":[{"count":1,"href":"https:\/\/infoecos.com.ar\/index.php\/wp-json\/wp\/v2\/posts\/76253\/revisions"}],"predecessor-version":[{"id":76255,"href":"https:\/\/infoecos.com.ar\/index.php\/wp-json\/wp\/v2\/posts\/76253\/revisions\/76255"}],"wp:featuredmedia":[{"embeddable":true,"href":"https:\/\/infoecos.com.ar\/index.php\/wp-json\/wp\/v2\/media\/75582"}],"wp:attachment":[{"href":"https:\/\/infoecos.com.ar\/index.php\/wp-json\/wp\/v2\/media?parent=76253"}],"wp:term":[{"taxonomy":"category","embeddable":true,"href":"https:\/\/infoecos.com.ar\/index.php\/wp-json\/wp\/v2\/categories?post=76253"},{"taxonomy":"post_tag","embeddable":true,"href":"https:\/\/infoecos.com.ar\/index.php\/wp-json\/wp\/v2\/tags?post=76253"}],"curies":[{"name":"wp","href":"https:\/\/api.w.org\/{rel}","templated":true}]}}