{"id":76270,"date":"2021-03-19T00:50:28","date_gmt":"2021-03-19T03:50:28","guid":{"rendered":"http:\/\/infoecos.com.ar\/?p=76270"},"modified":"2021-03-22T03:55:48","modified_gmt":"2021-03-22T06:55:48","slug":"zurro-no-se-sale-de-su-estilo-en-las-criticas-a-macri","status":"publish","type":"post","link":"https:\/\/infoecos.com.ar\/index.php\/zurro-no-se-sale-de-su-estilo-en-las-criticas-a-macri\/","title":{"rendered":"Zurro fiel a su estilo cuando se refiere a Mauricio Macri"},"content":{"rendered":"\n<p class=\"wp-block-paragraph\">En conferencia de prensa, y con la presencia del gobernador Axel Kicillof, junto a parte de su ministerio, se le consult\u00f3 al intendente Pablo Zurro, y al ejecutivo provincial si hab\u00eda le\u00eddo el libro del ex presidente Mauricio Macri \u201cPrimer Tiempo\u201d.<\/p>\n\n\n\n<div class=\"wp-block-image\"><figure class=\"aligncenter size-medium\"><img loading=\"lazy\" decoding=\"async\" width=\"460\" height=\"306\" src=\"http:\/\/infoecos.com.ar\/wp-content\/uploads\/2021\/03\/zurroconfprensa-460x306.jpg\" alt=\"\" class=\"wp-image-76271\" srcset=\"https:\/\/infoecos.com.ar\/wp-content\/uploads\/2021\/03\/zurroconfprensa-460x306.jpg 460w, https:\/\/infoecos.com.ar\/wp-content\/uploads\/2021\/03\/zurroconfprensa-920x613.jpg 920w, https:\/\/infoecos.com.ar\/wp-content\/uploads\/2021\/03\/zurroconfprensa-768x512.jpg 768w, https:\/\/infoecos.com.ar\/wp-content\/uploads\/2021\/03\/zurroconfprensa-675x450.jpg 675w, https:\/\/infoecos.com.ar\/wp-content\/uploads\/2021\/03\/zurroconfprensa.jpg 1024w\" sizes=\"auto, (max-width: 460px) 100vw, 460px\" \/><\/figure><\/div>\n\n\n\n<p class=\"wp-block-paragraph\">El Intendente se\u00f1al\u00f3: <strong>\u00abLeer el libro de Mauricio Macri ser\u00eda ofender mi intelecto\u201d<\/strong>. Luego se\u00f1al\u00f3 <strong>\u201ctendr\u00eda que tener una condena p\u00fablica, no podr\u00eda salir a la calle\u201d<\/strong>. En esa l\u00ednea dijo que solo <strong>\u201cun perverso o boludo, haci\u00e9ndose el cancherito le pone primer tiempo, como si faltara el segundo\u201d<\/strong>. Para definirlo tom\u00f3 como referencia un encuentro de f\u00fatbol. \u201cEl segundo tiempo de Macri ser\u00eda como el 5 a 0 de Colombia a Argentina, una verg\u00fcenza. <strong>No puedo perder un minuto, leyendo ese libro, donde viste un burro saltando, como un caballo de equitaci\u00f3n\u201d<\/strong>.<\/p>\n\n\n\n<p class=\"wp-block-paragraph\">Por su parte Kicillof, entre risas se\u00f1al\u00f3, luego de las palabras de Zurro, \u201cbueno yo tengo otras obligaciones\u201d, para luego s\u00ed sostener: \u201cle\u00ed algunos extractos, pero lo tom\u00f3 como de quien viene, que te critique alguien que est\u00e1 en las ant\u00edpodas, es como que te levanta\u201d.<\/p>\n\n\n\n<p class=\"wp-block-paragraph\">Fuente: 365pehuajo.com.ar<\/p>\n","protected":false},"excerpt":{"rendered":"<p>El Intendente se\u00f1al\u00f3: \u00abLeer el libro de Mauricio Macri ser\u00eda ofender mi intelecto\u201d. Luego se\u00f1al\u00f3 \u201ctendr\u00eda que tener una condena p\u00fablica, no podr\u00eda salir a la calle\u201d<\/p>\n","protected":false},"author":2,"featured_media":76271,"comment_status":"closed","ping_status":"open","sticky":false,"template":"","format":"standard","meta":{"footnotes":""},"categories":[1331],"tags":[3351],"class_list":["post-76270","post","type-post","status-publish","format-standard","has-post-thumbnail","hentry","category-inferior11","tag-no-leyo-el-libro-del-ex-presidente"],"featured_image_urls":{"full":["https:\/\/infoecos.com.ar\/wp-content\/uploads\/2021\/03\/zurroconfprensa.jpg",1024,682,false],"thumbnail":["https:\/\/infoecos.com.ar\/wp-content\/uploads\/2021\/03\/zurroconfprensa-150x150.jpg",150,150,true],"medium":["https:\/\/infoecos.com.ar\/wp-content\/uploads\/2021\/03\/zurroconfprensa-460x306.jpg",460,306,true],"medium_large":["https:\/\/infoecos.com.ar\/wp-content\/uploads\/2021\/03\/zurroconfprensa-768x512.jpg",640,427,true],"large":["https:\/\/infoecos.com.ar\/wp-content\/uploads\/2021\/03\/zurroconfprensa-920x613.jpg",640,426,true],"1536x1536":["https:\/\/infoecos.com.ar\/wp-content\/uploads\/2021\/03\/zurroconfprensa.jpg",1024,682,false],"2048x2048":["https:\/\/infoecos.com.ar\/wp-content\/uploads\/2021\/03\/zurroconfprensa.jpg",1024,682,false],"covernews-slider-full":["https:\/\/infoecos.com.ar\/wp-content\/uploads\/2021\/03\/zurroconfprensa.jpg",1024,682,false],"covernews-slider-center":["https:\/\/infoecos.com.ar\/wp-content\/uploads\/2021\/03\/zurroconfprensa-936x682.jpg",686,500,true],"covernews-featured":["https:\/\/infoecos.com.ar\/wp-content\/uploads\/2021\/03\/zurroconfprensa.jpg",1024,682,false],"covernews-medium":["https:\/\/infoecos.com.ar\/wp-content\/uploads\/2021\/03\/zurroconfprensa-720x380.jpg",540,285,true],"covernews-medium-square":["https:\/\/infoecos.com.ar\/wp-content\/uploads\/2021\/03\/zurroconfprensa-675x450.jpg",375,250,true]},"author_info":{"info":["Jorge Matheus"]},"category_info":"<a href=\"https:\/\/infoecos.com.ar\/index.php\/category\/inferior11\/\" rel=\"category tag\">Bloque inferior - 11<\/a>","tag_info":"Bloque inferior - 11","comment_count":"0","_links":{"self":[{"href":"https:\/\/infoecos.com.ar\/index.php\/wp-json\/wp\/v2\/posts\/76270","targetHints":{"allow":["GET"]}}],"collection":[{"href":"https:\/\/infoecos.com.ar\/index.php\/wp-json\/wp\/v2\/posts"}],"about":[{"href":"https:\/\/infoecos.com.ar\/index.php\/wp-json\/wp\/v2\/types\/post"}],"author":[{"embeddable":true,"href":"https:\/\/infoecos.com.ar\/index.php\/wp-json\/wp\/v2\/users\/2"}],"replies":[{"embeddable":true,"href":"https:\/\/infoecos.com.ar\/index.php\/wp-json\/wp\/v2\/comments?post=76270"}],"version-history":[{"count":3,"href":"https:\/\/infoecos.com.ar\/index.php\/wp-json\/wp\/v2\/posts\/76270\/revisions"}],"predecessor-version":[{"id":76311,"href":"https:\/\/infoecos.com.ar\/index.php\/wp-json\/wp\/v2\/posts\/76270\/revisions\/76311"}],"wp:featuredmedia":[{"embeddable":true,"href":"https:\/\/infoecos.com.ar\/index.php\/wp-json\/wp\/v2\/media\/76271"}],"wp:attachment":[{"href":"https:\/\/infoecos.com.ar\/index.php\/wp-json\/wp\/v2\/media?parent=76270"}],"wp:term":[{"taxonomy":"category","embeddable":true,"href":"https:\/\/infoecos.com.ar\/index.php\/wp-json\/wp\/v2\/categories?post=76270"},{"taxonomy":"post_tag","embeddable":true,"href":"https:\/\/infoecos.com.ar\/index.php\/wp-json\/wp\/v2\/tags?post=76270"}],"curies":[{"name":"wp","href":"https:\/\/api.w.org\/{rel}","templated":true}]}}