{"id":76332,"date":"2021-03-19T14:48:13","date_gmt":"2021-03-19T17:48:13","guid":{"rendered":"http:\/\/infoecos.com.ar\/?p=76332"},"modified":"2021-03-22T03:52:08","modified_gmt":"2021-03-22T06:52:08","slug":"teresa-garcia-en-trenque-lauquen-buscamos-llegar-a-fin-de-ano-con-la-entrega-de-la-totalidad-de-las-escrituras","status":"publish","type":"post","link":"https:\/\/infoecos.com.ar\/index.php\/teresa-garcia-en-trenque-lauquen-buscamos-llegar-a-fin-de-ano-con-la-entrega-de-la-totalidad-de-las-escrituras\/","title":{"rendered":"Teresa Garc\u00eda en Trenque Lauquen: \u00abbuscamos llegar a fin de a\u00f1o con la entrega de la totalidad de las escrituras\u00bb"},"content":{"rendered":"\n<p class=\"wp-block-paragraph\">La ministra de Gobierno bonaerense, Teresa Garc\u00eda, destac\u00f3 el trabajo que se viene realizando desde la Provincia para poder entregar m\u00e1s de 60 mil escrituras pendientes y en este sentido inform\u00f3 que se puso en marcha una Unidad de Coordinaci\u00f3n de Tierra y Vivienda para avanzar en \u00e9ste y otros aspectos vinculados con la construcci\u00f3n y producci\u00f3n de lotes con servicio.<\/p>\n\n\n\n<p class=\"wp-block-paragraph\">En el discurso que pronunci\u00f3 durante el acto de entrega de las 119 escrituras que se desarroll\u00f3 en la sede del Club Barrio Alegre, la Ministra se refiri\u00f3 a la situaci\u00f3n epidemiol\u00f3gica que atraviesa tanto la Provincia como el pa\u00eds por la pandemia de Covid-19 para marcar que <strong>\u201ctenemos que cuidarnos m\u00e1s que nunca porque estamos en un momento de riesgo nuevamente\u201d<\/strong>, y dijo que en este contexto que <strong>\u201cla Provincia tuvo que gestionar en materia de Salud y tambi\u00e9n de Educaci\u00f3n, para garantizar la presencialidad con el inicio del a\u00f1o escolar y tuvo que seguir gobernando en todos los frentes\u201d<\/strong>.<\/p>\n\n\n\n<div class=\"wp-block-image\"><figure class=\"aligncenter size-medium\"><img loading=\"lazy\" decoding=\"async\" width=\"460\" height=\"307\" src=\"http:\/\/infoecos.com.ar\/wp-content\/uploads\/2021\/03\/Escrituras-8-460x307.jpg\" alt=\"\" class=\"wp-image-76317\" srcset=\"https:\/\/infoecos.com.ar\/wp-content\/uploads\/2021\/03\/Escrituras-8-460x307.jpg 460w, https:\/\/infoecos.com.ar\/wp-content\/uploads\/2021\/03\/Escrituras-8-920x613.jpg 920w, https:\/\/infoecos.com.ar\/wp-content\/uploads\/2021\/03\/Escrituras-8-768x512.jpg 768w, https:\/\/infoecos.com.ar\/wp-content\/uploads\/2021\/03\/Escrituras-8-1024x682.jpg 1024w, https:\/\/infoecos.com.ar\/wp-content\/uploads\/2021\/03\/Escrituras-8-675x450.jpg 675w, https:\/\/infoecos.com.ar\/wp-content\/uploads\/2021\/03\/Escrituras-8.jpg 1280w\" sizes=\"auto, (max-width: 460px) 100vw, 460px\" \/><figcaption>Teresa Garc\u00eda con Miguel Fern\u00e1ndez<\/figcaption><\/figure><\/div>\n\n\n\n<p class=\"wp-block-paragraph\">Garc\u00eda record\u00f3 que <strong>\u201cuna de las decisiones que tom\u00f3 el Gobernador (Axel Kicillof) all\u00e1 por el mes de octubre cuando empez\u00f3 a aparecer la posibilidad de la vacuna y a organizar el enorme operativo en los 540 puntos de vacunaci\u00f3n, postas y efectores sanitarios, fue crear una Unidad de Coordinaci\u00f3n de Tierra y Vivienda para proyectar en los pr\u00f3ximos tres a\u00f1os la producci\u00f3n de lotes con servicio y la construcci\u00f3n de viviendas\u201d<\/strong>.<\/p>\n\n\n\n<p class=\"wp-block-paragraph\">Al respecto se\u00f1al\u00f3 que <strong>\u201ccuando revisamos que era lo que hab\u00eda adeudado en la provincia de Buenos Aires en el tema de tierra y vivienda, encontramos que hab\u00eda una enorme cantidad de viviendas sin finalizar y nos parec\u00eda que lo primero que hab\u00eda que hacer era terminar lo que estaba comenzado y que por distintas razones no se hab\u00eda terminado\u201d<\/strong>.<\/p>\n\n\n\n<p class=\"wp-block-paragraph\"><strong>\u201cEn este relevamiento tambi\u00e9n nos encontramos que hay cerca de 60 mil escrituras en la provincia de Buenos Aires que no hab\u00eda llegado a manos de sus destinatarios por distintas razones, as\u00ed que el Gobernador instruy\u00f3 al ministro de Justicia (Julio Alak) que en el marco de esta Unidad de Tierra y Vivienda y de regularizaci\u00f3n se pusiera a disposici\u00f3n de sus propietarios el t\u00edtulo de propiedad\u201d<\/strong>, se\u00f1al\u00f3.<\/p>\n\n\n\n<p class=\"wp-block-paragraph\"><strong>\u201cEl Ministro trabaj\u00f3 y est\u00e1 trabajando intensamente para que podamos llegar a fin de a\u00f1o con la entrega de la totalidad de las escrituras que para cada una de las familias significa cosas distintas\u201d<\/strong>, dijo la Ministra para se\u00f1alar que <strong>\u201cpara una familia el techo es lo m\u00e1s importante porque es el lugar a habitar con su familia, porque se necesita la escritura si se quiere sacar un cr\u00e9dito o poner la casa como garant\u00eda, entre otros aspectos\u201d<\/strong>.<\/p>\n\n\n\n<div class=\"wp-block-image\"><figure class=\"aligncenter size-medium\"><img loading=\"lazy\" decoding=\"async\" width=\"460\" height=\"307\" src=\"http:\/\/infoecos.com.ar\/wp-content\/uploads\/2021\/03\/Escrituras-4-460x307.jpg\" alt=\"\" class=\"wp-image-76325\" srcset=\"https:\/\/infoecos.com.ar\/wp-content\/uploads\/2021\/03\/Escrituras-4-460x307.jpg 460w, https:\/\/infoecos.com.ar\/wp-content\/uploads\/2021\/03\/Escrituras-4-920x613.jpg 920w, https:\/\/infoecos.com.ar\/wp-content\/uploads\/2021\/03\/Escrituras-4-768x512.jpg 768w, https:\/\/infoecos.com.ar\/wp-content\/uploads\/2021\/03\/Escrituras-4-1024x682.jpg 1024w, https:\/\/infoecos.com.ar\/wp-content\/uploads\/2021\/03\/Escrituras-4-675x450.jpg 675w, https:\/\/infoecos.com.ar\/wp-content\/uploads\/2021\/03\/Escrituras-4.jpg 1280w\" sizes=\"auto, (max-width: 460px) 100vw, 460px\" \/><figcaption>Teresa Garc\u00eda en la entrega de una de las escrituras <\/figcaption><\/figure><\/div>\n\n\n\n<p class=\"wp-block-paragraph\">Tras marcar que <strong>\u201ces un instrumento jur\u00eddico esencial para cualquier familia\u201d<\/strong>, dijo que <strong>\u201ccuando tenemos algo siempre pensamos en dejarle la herencia a quienes m\u00e1s queremos, a nuestros hijos, tambi\u00e9n hay familias que se separan y el t\u00edtulo de propiedad implica una garant\u00eda de equidad en la distribuci\u00f3n de los bienes\u201d<\/strong>.<\/p>\n\n\n\n<p class=\"wp-block-paragraph\">En este marco destac\u00f3 el trabajo conjunto con los municipios, y en este caso con Trenque Lauquen, porque <strong>\u201clos intendentes son los que saben y conocen la comunidad\u201d<\/strong> y dijo que ante la importancia de avanzar en este tema desde la Provincia se decidi\u00f3 <strong>\u201cponerle mucha velocidad a este programa\u201d.<\/strong><\/p>\n\n\n\n<p class=\"wp-block-paragraph\"><strong>\u201cNos alegramos que el Gobernador haya entregado viviendas<\/strong> (en Treinta de Agosto) <strong>y que hoy se puedan entregar escrituras, para nosotros hay cosas que no tienen color pol\u00edtico\u201d<\/strong>, dijo Garc\u00eda.<\/p>\n","protected":false},"excerpt":{"rendered":"<p>Destac\u00f3 el trabajo conjunto con los municipios, y en este caso con Trenque Lauquen, porque \u201clos intendentes son los que saben y conocen la comunidad\u201d<\/p>\n","protected":false},"author":2,"featured_media":76329,"comment_status":"closed","ping_status":"open","sticky":false,"template":"","format":"standard","meta":{"footnotes":""},"categories":[44],"tags":[3362],"class_list":["post-76332","post","type-post","status-publish","format-standard","has-post-thumbnail","hentry","category-inferior5","tag-acto-en-barrio-alegre"],"featured_image_urls":{"full":["https:\/\/infoecos.com.ar\/wp-content\/uploads\/2021\/03\/Escrituras-8-1.jpg",1280,853,false],"thumbnail":["https:\/\/infoecos.com.ar\/wp-content\/uploads\/2021\/03\/Escrituras-8-1-150x150.jpg",150,150,true],"medium":["https:\/\/infoecos.com.ar\/wp-content\/uploads\/2021\/03\/Escrituras-8-1-460x307.jpg",460,307,true],"medium_large":["https:\/\/infoecos.com.ar\/wp-content\/uploads\/2021\/03\/Escrituras-8-1-768x512.jpg",640,427,true],"large":["https:\/\/infoecos.com.ar\/wp-content\/uploads\/2021\/03\/Escrituras-8-1-920x613.jpg",640,426,true],"1536x1536":["https:\/\/infoecos.com.ar\/wp-content\/uploads\/2021\/03\/Escrituras-8-1.jpg",1280,853,false],"2048x2048":["https:\/\/infoecos.com.ar\/wp-content\/uploads\/2021\/03\/Escrituras-8-1.jpg",1280,853,false],"covernews-slider-full":["https:\/\/infoecos.com.ar\/wp-content\/uploads\/2021\/03\/Escrituras-8-1.jpg",1073,715,false],"covernews-slider-center":["https:\/\/infoecos.com.ar\/wp-content\/uploads\/2021\/03\/Escrituras-8-1-936x853.jpg",549,500,true],"covernews-featured":["https:\/\/infoecos.com.ar\/wp-content\/uploads\/2021\/03\/Escrituras-8-1-1024x682.jpg",1024,682,true],"covernews-medium":["https:\/\/infoecos.com.ar\/wp-content\/uploads\/2021\/03\/Escrituras-8-1-720x380.jpg",540,285,true],"covernews-medium-square":["https:\/\/infoecos.com.ar\/wp-content\/uploads\/2021\/03\/Escrituras-8-1-675x450.jpg",375,250,true]},"author_info":{"info":["Jorge Matheus"]},"category_info":"<a href=\"https:\/\/infoecos.com.ar\/index.php\/category\/inferior5\/\" rel=\"category tag\">Bloque inferior - 5<\/a>","tag_info":"Bloque inferior - 5","comment_count":"0","_links":{"self":[{"href":"https:\/\/infoecos.com.ar\/index.php\/wp-json\/wp\/v2\/posts\/76332","targetHints":{"allow":["GET"]}}],"collection":[{"href":"https:\/\/infoecos.com.ar\/index.php\/wp-json\/wp\/v2\/posts"}],"about":[{"href":"https:\/\/infoecos.com.ar\/index.php\/wp-json\/wp\/v2\/types\/post"}],"author":[{"embeddable":true,"href":"https:\/\/infoecos.com.ar\/index.php\/wp-json\/wp\/v2\/users\/2"}],"replies":[{"embeddable":true,"href":"https:\/\/infoecos.com.ar\/index.php\/wp-json\/wp\/v2\/comments?post=76332"}],"version-history":[{"count":1,"href":"https:\/\/infoecos.com.ar\/index.php\/wp-json\/wp\/v2\/posts\/76332\/revisions"}],"predecessor-version":[{"id":76333,"href":"https:\/\/infoecos.com.ar\/index.php\/wp-json\/wp\/v2\/posts\/76332\/revisions\/76333"}],"wp:featuredmedia":[{"embeddable":true,"href":"https:\/\/infoecos.com.ar\/index.php\/wp-json\/wp\/v2\/media\/76329"}],"wp:attachment":[{"href":"https:\/\/infoecos.com.ar\/index.php\/wp-json\/wp\/v2\/media?parent=76332"}],"wp:term":[{"taxonomy":"category","embeddable":true,"href":"https:\/\/infoecos.com.ar\/index.php\/wp-json\/wp\/v2\/categories?post=76332"},{"taxonomy":"post_tag","embeddable":true,"href":"https:\/\/infoecos.com.ar\/index.php\/wp-json\/wp\/v2\/tags?post=76332"}],"curies":[{"name":"wp","href":"https:\/\/api.w.org\/{rel}","templated":true}]}}