{"id":76408,"date":"2021-03-21T23:55:14","date_gmt":"2021-03-22T02:55:14","guid":{"rendered":"http:\/\/infoecos.com.ar\/?p=76408"},"modified":"2021-03-23T02:49:15","modified_gmt":"2021-03-23T05:49:15","slug":"gabriela-aimar-presidira-el-radicalismo-de-trenque-lauquen","status":"publish","type":"post","link":"https:\/\/infoecos.com.ar\/index.php\/gabriela-aimar-presidira-el-radicalismo-de-trenque-lauquen\/","title":{"rendered":"Gabriela Aimar presidir\u00e1 el radicalismo de Trenque Lauquen"},"content":{"rendered":"\n<p class=\"wp-block-paragraph\">La lista 123 que postulaba a Gabriela Aimar como presidenta de la Uni\u00f3n C\u00edvica Radical se impuso en las elecciones internas de este domingo en el distrito de Trenque Lauquen. Alcanz\u00f3 el 75 por ciento de los votos, sobre 25 de la lista denominada Evoluci\u00f3n y que encabezaba Pierina Danda.<\/p>\n\n\n\n<figure class=\"wp-block-image size-large\"><img loading=\"lazy\" decoding=\"async\" width=\"920\" height=\"690\" src=\"http:\/\/infoecos.com.ar\/wp-content\/uploads\/2021\/03\/20210321_191033-920x690.jpg\" alt=\"\" class=\"wp-image-76409\" srcset=\"https:\/\/infoecos.com.ar\/wp-content\/uploads\/2021\/03\/20210321_191033-920x690.jpg 920w, https:\/\/infoecos.com.ar\/wp-content\/uploads\/2021\/03\/20210321_191033-460x345.jpg 460w, https:\/\/infoecos.com.ar\/wp-content\/uploads\/2021\/03\/20210321_191033-768x576.jpg 768w, https:\/\/infoecos.com.ar\/wp-content\/uploads\/2021\/03\/20210321_191033-1536x1152.jpg 1536w, https:\/\/infoecos.com.ar\/wp-content\/uploads\/2021\/03\/20210321_191033-2048x1536.jpg 2048w, https:\/\/infoecos.com.ar\/wp-content\/uploads\/2021\/03\/20210321_191033-1024x768.jpg 1024w\" sizes=\"auto, (max-width: 920px) 100vw, 920px\" \/><figcaption>Gabriela Aimar con Francisco Jos\u00e9 Font (\u00e9ste \u00faltimo presidente saliente)<\/figcaption><\/figure>\n\n\n\n<p class=\"wp-block-paragraph\">La concurrencia de afiliados, 1070, al acto eleccionario que se realiz\u00f3 cumpliendo con los protocolos sanitarios vigentes, fue considerada como muy importante, destac\u00e1ndose el alto nivel de participaci\u00f3n de j\u00f3venes, pero fundamentalmente de ciudadanos identificados con esta corriente pol\u00edtica desde hace muchos a\u00f1os.<\/p>\n\n\n\n<p class=\"wp-block-paragraph\">Desde las 8 de la ma\u00f1ana el movimiento que se registr\u00f3 en la sede partidaria, ubicada en la calle San Mart\u00edn 276 de la ciudad cabecera fue intenso. Los dirigentes que estuvieron presentes en la apertura de las mesas correspondientes se mostraron gratamente sorprendidos por esta circunstancia. Uno de ellos arriesg\u00f3 a se\u00f1alar ante Infoecos: \u00abcomo en los mejores tiempos de la Democracia. Deseos de participaci\u00f3n, entusiasmo y mucho respeto\u00bb.<\/p>\n\n\n\n<p class=\"wp-block-paragraph\">La concurrencia de votantes fue destacada tambi\u00e9n en Beruti y 30 de Agosto, pero en los corrillos al terminar el acto eleccionario se se\u00f1alaba que \u00abquiz\u00e1 no alcanz\u00f3 el n\u00famero que esper\u00e1bamos\u00bb. <\/p>\n\n\n\n<p class=\"wp-block-paragraph\">La lista ganadora apoy\u00f3 a nivel provincial a la que result\u00f3 ganadora y fue encabezada por Maximiliano Abad y \u00c9rica Revilla. <\/p>\n\n\n\n<p class=\"wp-block-paragraph\"><\/p>\n","protected":false},"excerpt":{"rendered":"<p>La concurrencia de afiliados, 1070, al acto eleccionario que se realiz\u00f3 cumpliendo con los protocolos sanitarios vigentes, fue considerada como muy importante<\/p>\n","protected":false},"author":2,"featured_media":76410,"comment_status":"closed","ping_status":"open","sticky":false,"template":"","format":"standard","meta":{"footnotes":""},"categories":[40],"tags":[3373],"class_list":["post-76408","post","type-post","status-publish","format-standard","has-post-thumbnail","hentry","category-inferior1","tag-la-lista-que-la-postulaba-gano-la-interna"],"featured_image_urls":{"full":["https:\/\/infoecos.com.ar\/wp-content\/uploads\/2021\/03\/20210321_142758-scaled.jpg",2560,1920,false],"thumbnail":["https:\/\/infoecos.com.ar\/wp-content\/uploads\/2021\/03\/20210321_142758-150x150.jpg",150,150,true],"medium":["https:\/\/infoecos.com.ar\/wp-content\/uploads\/2021\/03\/20210321_142758-460x345.jpg",460,345,true],"medium_large":["https:\/\/infoecos.com.ar\/wp-content\/uploads\/2021\/03\/20210321_142758-768x576.jpg",640,480,true],"large":["https:\/\/infoecos.com.ar\/wp-content\/uploads\/2021\/03\/20210321_142758-920x690.jpg",640,480,true],"1536x1536":["https:\/\/infoecos.com.ar\/wp-content\/uploads\/2021\/03\/20210321_142758-1536x1152.jpg",1536,1152,true],"2048x2048":["https:\/\/infoecos.com.ar\/wp-content\/uploads\/2021\/03\/20210321_142758-2048x1536.jpg",2048,1536,true],"covernews-slider-full":["https:\/\/infoecos.com.ar\/wp-content\/uploads\/2021\/03\/20210321_142758-1536x1020.jpg",1077,715,true],"covernews-slider-center":["https:\/\/infoecos.com.ar\/wp-content\/uploads\/2021\/03\/20210321_142758-936x897.jpg",522,500,true],"covernews-featured":["https:\/\/infoecos.com.ar\/wp-content\/uploads\/2021\/03\/20210321_142758-1024x768.jpg",1024,768,true],"covernews-medium":["https:\/\/infoecos.com.ar\/wp-content\/uploads\/2021\/03\/20210321_142758-720x380.jpg",540,285,true],"covernews-medium-square":["https:\/\/infoecos.com.ar\/wp-content\/uploads\/2021\/03\/20210321_142758-675x450.jpg",375,250,true]},"author_info":{"info":["Jorge Matheus"]},"category_info":"<a href=\"https:\/\/infoecos.com.ar\/index.php\/category\/inferior1\/\" rel=\"category tag\">Bloque inferior - 1<\/a>","tag_info":"Bloque inferior - 1","comment_count":"0","_links":{"self":[{"href":"https:\/\/infoecos.com.ar\/index.php\/wp-json\/wp\/v2\/posts\/76408","targetHints":{"allow":["GET"]}}],"collection":[{"href":"https:\/\/infoecos.com.ar\/index.php\/wp-json\/wp\/v2\/posts"}],"about":[{"href":"https:\/\/infoecos.com.ar\/index.php\/wp-json\/wp\/v2\/types\/post"}],"author":[{"embeddable":true,"href":"https:\/\/infoecos.com.ar\/index.php\/wp-json\/wp\/v2\/users\/2"}],"replies":[{"embeddable":true,"href":"https:\/\/infoecos.com.ar\/index.php\/wp-json\/wp\/v2\/comments?post=76408"}],"version-history":[{"count":1,"href":"https:\/\/infoecos.com.ar\/index.php\/wp-json\/wp\/v2\/posts\/76408\/revisions"}],"predecessor-version":[{"id":76411,"href":"https:\/\/infoecos.com.ar\/index.php\/wp-json\/wp\/v2\/posts\/76408\/revisions\/76411"}],"wp:featuredmedia":[{"embeddable":true,"href":"https:\/\/infoecos.com.ar\/index.php\/wp-json\/wp\/v2\/media\/76410"}],"wp:attachment":[{"href":"https:\/\/infoecos.com.ar\/index.php\/wp-json\/wp\/v2\/media?parent=76408"}],"wp:term":[{"taxonomy":"category","embeddable":true,"href":"https:\/\/infoecos.com.ar\/index.php\/wp-json\/wp\/v2\/categories?post=76408"},{"taxonomy":"post_tag","embeddable":true,"href":"https:\/\/infoecos.com.ar\/index.php\/wp-json\/wp\/v2\/tags?post=76408"}],"curies":[{"name":"wp","href":"https:\/\/api.w.org\/{rel}","templated":true}]}}