{"id":76492,"date":"2021-03-22T03:19:50","date_gmt":"2021-03-22T06:19:50","guid":{"rendered":"http:\/\/infoecos.com.ar\/?p=76492"},"modified":"2021-03-23T02:56:37","modified_gmt":"2021-03-23T05:56:37","slug":"buen-debut-de-felipe-bernasconi-en-la-formula-metropolitana","status":"publish","type":"post","link":"https:\/\/infoecos.com.ar\/index.php\/buen-debut-de-felipe-bernasconi-en-la-formula-metropolitana\/","title":{"rendered":"Buen debut de Felipe Bernasconi en la F\u00f3rmula Metropolitana"},"content":{"rendered":"\n<p class=\"wp-block-paragraph\">Felipe Bernasconi, debut\u00f3 a lo grande en la F\u00f3rmula Metropolitana este fin de semana.<\/p>\n\n\n\n<p class=\"wp-block-paragraph\">El piloto trenquelaquense, un adolesecente a\u00fan, se ubic\u00f3 d\u00e9cimo cuarto en la final del s\u00e1bado y d\u00e9cimo segundo en la final del domingo. En esta prueba hab\u00eda largado en el \u00faltimo lugar.<\/p>\n\n\n\n<div class=\"wp-block-image\"><figure class=\"aligncenter size-large\"><img loading=\"lazy\" decoding=\"async\" width=\"920\" height=\"518\" src=\"http:\/\/infoecos.com.ar\/wp-content\/uploads\/2021\/03\/BERNASCONI-920x518.jpg\" alt=\"\" class=\"wp-image-76493\" srcset=\"https:\/\/infoecos.com.ar\/wp-content\/uploads\/2021\/03\/BERNASCONI-920x518.jpg 920w, https:\/\/infoecos.com.ar\/wp-content\/uploads\/2021\/03\/BERNASCONI-460x259.jpg 460w, https:\/\/infoecos.com.ar\/wp-content\/uploads\/2021\/03\/BERNASCONI-768x432.jpg 768w, https:\/\/infoecos.com.ar\/wp-content\/uploads\/2021\/03\/BERNASCONI.jpg 960w\" sizes=\"auto, (max-width: 920px) 100vw, 920px\" \/><\/figure><\/div>\n","protected":false},"excerpt":{"rendered":"<p>El piloto trenquelaquense, un adolesecente a\u00fan, se ubic\u00f3 d\u00e9cimo cuarto en la final del s\u00e1bado y d\u00e9cimo segundo en la final del domingo<\/p>\n","protected":false},"author":2,"featured_media":76493,"comment_status":"closed","ping_status":"open","sticky":false,"template":"","format":"standard","meta":{"footnotes":""},"categories":[1333,1323],"tags":[3382],"class_list":["post-76492","post","type-post","status-publish","format-standard","has-post-thumbnail","hentry","category-inferior13","category-c2nota5","tag-alegria-en-su-equipo"],"featured_image_urls":{"full":["https:\/\/infoecos.com.ar\/wp-content\/uploads\/2021\/03\/BERNASCONI.jpg",960,540,false],"thumbnail":["https:\/\/infoecos.com.ar\/wp-content\/uploads\/2021\/03\/BERNASCONI-150x150.jpg",150,150,true],"medium":["https:\/\/infoecos.com.ar\/wp-content\/uploads\/2021\/03\/BERNASCONI-460x259.jpg",460,259,true],"medium_large":["https:\/\/infoecos.com.ar\/wp-content\/uploads\/2021\/03\/BERNASCONI-768x432.jpg",640,360,true],"large":["https:\/\/infoecos.com.ar\/wp-content\/uploads\/2021\/03\/BERNASCONI-920x518.jpg",640,360,true],"1536x1536":["https:\/\/infoecos.com.ar\/wp-content\/uploads\/2021\/03\/BERNASCONI.jpg",960,540,false],"2048x2048":["https:\/\/infoecos.com.ar\/wp-content\/uploads\/2021\/03\/BERNASCONI.jpg",960,540,false],"covernews-slider-full":["https:\/\/infoecos.com.ar\/wp-content\/uploads\/2021\/03\/BERNASCONI.jpg",960,540,false],"covernews-slider-center":["https:\/\/infoecos.com.ar\/wp-content\/uploads\/2021\/03\/BERNASCONI-936x540.jpg",800,462,true],"covernews-featured":["https:\/\/infoecos.com.ar\/wp-content\/uploads\/2021\/03\/BERNASCONI.jpg",960,540,false],"covernews-medium":["https:\/\/infoecos.com.ar\/wp-content\/uploads\/2021\/03\/BERNASCONI-720x380.jpg",540,285,true],"covernews-medium-square":["https:\/\/infoecos.com.ar\/wp-content\/uploads\/2021\/03\/BERNASCONI-675x450.jpg",375,250,true]},"author_info":{"info":["Jorge Matheus"]},"category_info":"<a href=\"https:\/\/infoecos.com.ar\/index.php\/category\/inferior13\/\" rel=\"category tag\">Bloque inferior - 13<\/a> <a href=\"https:\/\/infoecos.com.ar\/index.php\/category\/c2nota5\/\" rel=\"category tag\">C2 N5<\/a>","tag_info":"C2 N5","comment_count":"0","_links":{"self":[{"href":"https:\/\/infoecos.com.ar\/index.php\/wp-json\/wp\/v2\/posts\/76492","targetHints":{"allow":["GET"]}}],"collection":[{"href":"https:\/\/infoecos.com.ar\/index.php\/wp-json\/wp\/v2\/posts"}],"about":[{"href":"https:\/\/infoecos.com.ar\/index.php\/wp-json\/wp\/v2\/types\/post"}],"author":[{"embeddable":true,"href":"https:\/\/infoecos.com.ar\/index.php\/wp-json\/wp\/v2\/users\/2"}],"replies":[{"embeddable":true,"href":"https:\/\/infoecos.com.ar\/index.php\/wp-json\/wp\/v2\/comments?post=76492"}],"version-history":[{"count":1,"href":"https:\/\/infoecos.com.ar\/index.php\/wp-json\/wp\/v2\/posts\/76492\/revisions"}],"predecessor-version":[{"id":76494,"href":"https:\/\/infoecos.com.ar\/index.php\/wp-json\/wp\/v2\/posts\/76492\/revisions\/76494"}],"wp:featuredmedia":[{"embeddable":true,"href":"https:\/\/infoecos.com.ar\/index.php\/wp-json\/wp\/v2\/media\/76493"}],"wp:attachment":[{"href":"https:\/\/infoecos.com.ar\/index.php\/wp-json\/wp\/v2\/media?parent=76492"}],"wp:term":[{"taxonomy":"category","embeddable":true,"href":"https:\/\/infoecos.com.ar\/index.php\/wp-json\/wp\/v2\/categories?post=76492"},{"taxonomy":"post_tag","embeddable":true,"href":"https:\/\/infoecos.com.ar\/index.php\/wp-json\/wp\/v2\/tags?post=76492"}],"curies":[{"name":"wp","href":"https:\/\/api.w.org\/{rel}","templated":true}]}}