{"id":76520,"date":"2021-03-22T14:38:01","date_gmt":"2021-03-22T17:38:01","guid":{"rendered":"http:\/\/infoecos.com.ar\/?p=76520"},"modified":"2021-03-23T00:46:51","modified_gmt":"2021-03-23T03:46:51","slug":"el-intendente-de-trenque-lauquen-se-manifesto-partidario-al-limite-de-las-reelecciones","status":"publish","type":"post","link":"https:\/\/infoecos.com.ar\/index.php\/el-intendente-de-trenque-lauquen-se-manifesto-partidario-al-limite-de-las-reelecciones\/","title":{"rendered":"El intendente de Trenque Lauquen se manifest\u00f3 de acuerdo con el l\u00edmite a reelecciones"},"content":{"rendered":"\n<p>El intendente de Trenque Lauquen,&nbsp;Miguel Fern\u00e1ndez&nbsp;dialog\u00f3 con&nbsp;<strong>Radio La Plata (FM 90.9)<\/strong>&nbsp;y celebr\u00f3 el triunfo del oficialismo radical en las elecciones internas del domingo: \u201cFue una jornada extraordinaria, m\u00e1s de 100 mil radicales votando\u201d.<\/p>\n\n\n\n<div class=\"wp-block-image\"><figure class=\"aligncenter size-medium\"><img loading=\"lazy\" decoding=\"async\" width=\"460\" height=\"307\" src=\"http:\/\/infoecos.com.ar\/wp-content\/uploads\/Conferencia-de-Prensa-Intendente-2-1-460x307.jpg\" alt=\"\" class=\"wp-image-63978\" srcset=\"https:\/\/infoecos.com.ar\/wp-content\/uploads\/Conferencia-de-Prensa-Intendente-2-1-460x307.jpg 460w, https:\/\/infoecos.com.ar\/wp-content\/uploads\/Conferencia-de-Prensa-Intendente-2-1-920x613.jpg 920w, https:\/\/infoecos.com.ar\/wp-content\/uploads\/Conferencia-de-Prensa-Intendente-2-1-768x512.jpg 768w, https:\/\/infoecos.com.ar\/wp-content\/uploads\/Conferencia-de-Prensa-Intendente-2-1-1024x682.jpg 1024w, https:\/\/infoecos.com.ar\/wp-content\/uploads\/Conferencia-de-Prensa-Intendente-2-1-675x450.jpg 675w, https:\/\/infoecos.com.ar\/wp-content\/uploads\/Conferencia-de-Prensa-Intendente-2-1.jpg 1280w\" sizes=\"(max-width: 460px) 100vw, 460px\" \/><\/figure><\/div>\n\n\n\n<p>\u201cLa nueva conducci\u00f3n va a tener la inteligencia de reunir al partido.<strong>&nbsp;<\/strong>Maxi Abad&nbsp;y&nbsp;\u00c9rica Revilla<strong>&nbsp;<\/strong>le van a dar frescura y potencia al espacio. Queremos un radicalismo fuerte y con la necesidad de discutir lugares\u201d destac\u00f3.<\/p>\n\n\n\n<p>Sobre el adversario de Abad,&nbsp;Gustavo Posse<strong>,<\/strong>&nbsp;Fern\u00e1ndez expres\u00f3: \u201cAc\u00e1 no sobra nadie, por supuesto que es recibido. Hay que estar todos alineados, sino es ah\u00ed donde empiezan las fricciones\u201d.<\/p>\n\n\n\n<p>El jefe comunal tambi\u00e9n se refiri\u00f3 al l\u00edmite a las reelecciones: \u201cCreo que dos mandatos est\u00e1n bien. No creo que sean necesarios m\u00e1s, porque se empiezan a desgastar las cosas y la falta de renovaci\u00f3n es un problema\u201d.<\/p>\n\n\n\n<p>En tanto sobre la reactivaci\u00f3n econ\u00f3mica, el radical no fue tan optimista: \u201cLas cosas vienen duras y van a ser duras. Cuando veo lo que pasa en el resto del mundo, me pregunto por qu\u00e9 no nos va a pasar a nosotros\u201d.<\/p>\n\n\n\n<p>\u201cHay pocas vacunas y eso complica las cosas. La gente se banc\u00f3 el aislamiento y hoy estamos con la entrada del oto\u00f1o, las nuevas cepas y la posibilidad de la segunda ola que ya nos agarra cansados\u201d se\u00f1al\u00f3.<\/p>\n\n\n\n<p>\u201cSiento que bailamos en el Titanic. Vamos a tener que reflexionar y volver a las medidas de prevenci\u00f3n. Si no se nos va a poner muy complicado\u201d, concluy\u00f3.<\/p>\n\n\n\n<figure class=\"wp-block-audio\"><audio controls src=\"http:\/\/infoecos.com.ar\/wp-content\/uploads\/2021\/03\/20210322100516_20210322-miguel-fernandez.mp3\"><\/audio><\/figure>\n","protected":false},"excerpt":{"rendered":"<p>\u201cSiento que bailamos en el Titanic. Vamos a tener que reflexionar y volver a las medidas de prevenci\u00f3n. Si no se nos va a poner muy complicado\u201d, dijo sobre el panorama sanitario<\/p>\n","protected":false},"author":2,"featured_media":66595,"comment_status":"closed","ping_status":"open","sticky":false,"template":"","format":"standard","meta":{"footnotes":""},"categories":[1327,29],"tags":[2984],"class_list":["post-76520","post","type-post","status-publish","format-standard","has-post-thumbnail","hentry","category-audio","category-c2nota1","tag-declaraciones-a-radio-la-plata"],"yoast_head":"<!-- This site is optimized with the Yoast SEO plugin v23.4 - https:\/\/yoast.com\/wordpress\/plugins\/seo\/ -->\n<title>El intendente de Trenque Lauquen se manifest\u00f3 de acuerdo con el l\u00edmite a reelecciones - Infoecos<\/title>\n<meta name=\"robots\" content=\"index, follow, max-snippet:-1, max-image-preview:large, max-video-preview:-1\" \/>\n<link rel=\"canonical\" href=\"https:\/\/infoecos.com.ar\/index.php\/el-intendente-de-trenque-lauquen-se-manifesto-partidario-al-limite-de-las-reelecciones\/\" \/>\n<meta property=\"og:locale\" content=\"es_ES\" \/>\n<meta property=\"og:type\" content=\"article\" \/>\n<meta property=\"og:title\" content=\"El intendente de Trenque Lauquen se manifest\u00f3 de acuerdo con el l\u00edmite a reelecciones - Infoecos\" \/>\n<meta property=\"og:description\" content=\"\u201cSiento que bailamos en el Titanic. Vamos a tener que reflexionar y volver a las medidas de prevenci\u00f3n. Si no se nos va a poner muy complicado\u201d, dijo sobre el panorama sanitario\" \/>\n<meta property=\"og:url\" content=\"https:\/\/infoecos.com.ar\/index.php\/el-intendente-de-trenque-lauquen-se-manifesto-partidario-al-limite-de-las-reelecciones\/\" \/>\n<meta property=\"og:site_name\" content=\"Infoecos\" \/>\n<meta property=\"article:publisher\" content=\"https:\/\/www.facebook.com\/profile.php?id=100063200290284\" \/>\n<meta property=\"article:published_time\" content=\"2021-03-22T17:38:01+00:00\" \/>\n<meta property=\"article:modified_time\" content=\"2021-03-23T03:46:51+00:00\" \/>\n<meta property=\"og:image\" content=\"https:\/\/infoecos.com.ar\/wp-content\/uploads\/2020\/08\/Intendente-Fern\u00e1ndez.jpg\" \/>\n\t<meta property=\"og:image:width\" content=\"864\" \/>\n\t<meta property=\"og:image:height\" content=\"576\" \/>\n\t<meta property=\"og:image:type\" content=\"image\/jpeg\" \/>\n<meta name=\"author\" content=\"Jorge Matheus\" \/>\n<meta name=\"twitter:card\" content=\"summary_large_image\" \/>\n<meta name=\"twitter:creator\" content=\"@infoecos\" \/>\n<meta name=\"twitter:site\" content=\"@infoecos\" \/>\n<meta name=\"twitter:label1\" content=\"Escrito por\" \/>\n\t<meta name=\"twitter:data1\" content=\"Jorge Matheus\" \/>\n\t<meta name=\"twitter:label2\" content=\"Tiempo de lectura\" \/>\n\t<meta name=\"twitter:data2\" content=\"1 minuto\" \/>\n<script type=\"application\/ld+json\" class=\"yoast-schema-graph\">{\"@context\":\"https:\/\/schema.org\",\"@graph\":[{\"@type\":\"Article\",\"@id\":\"https:\/\/infoecos.com.ar\/index.php\/el-intendente-de-trenque-lauquen-se-manifesto-partidario-al-limite-de-las-reelecciones\/#article\",\"isPartOf\":{\"@id\":\"https:\/\/infoecos.com.ar\/index.php\/el-intendente-de-trenque-lauquen-se-manifesto-partidario-al-limite-de-las-reelecciones\/\"},\"author\":{\"name\":\"Jorge Matheus\",\"@id\":\"https:\/\/infoecos.com.ar\/#\/schema\/person\/8f5ace5ce73b4b4aac4b7245aee6f191\"},\"headline\":\"El intendente de Trenque Lauquen se manifest\u00f3 de acuerdo con el l\u00edmite a reelecciones\",\"datePublished\":\"2021-03-22T17:38:01+00:00\",\"dateModified\":\"2021-03-23T03:46:51+00:00\",\"mainEntityOfPage\":{\"@id\":\"https:\/\/infoecos.com.ar\/index.php\/el-intendente-de-trenque-lauquen-se-manifesto-partidario-al-limite-de-las-reelecciones\/\"},\"wordCount\":288,\"publisher\":{\"@id\":\"https:\/\/infoecos.com.ar\/#organization\"},\"image\":{\"@id\":\"https:\/\/infoecos.com.ar\/index.php\/el-intendente-de-trenque-lauquen-se-manifesto-partidario-al-limite-de-las-reelecciones\/#primaryimage\"},\"thumbnailUrl\":\"https:\/\/infoecos.com.ar\/wp-content\/uploads\/2020\/08\/Intendente-Fern\u00e1ndez.jpg\",\"keywords\":[\"DECLARACIONES A RADIO LA PLATA\"],\"articleSection\":[\"Audio\",\"C2 nota 1\"],\"inLanguage\":\"es\"},{\"@type\":\"WebPage\",\"@id\":\"https:\/\/infoecos.com.ar\/index.php\/el-intendente-de-trenque-lauquen-se-manifesto-partidario-al-limite-de-las-reelecciones\/\",\"url\":\"https:\/\/infoecos.com.ar\/index.php\/el-intendente-de-trenque-lauquen-se-manifesto-partidario-al-limite-de-las-reelecciones\/\",\"name\":\"El intendente de Trenque Lauquen se manifest\u00f3 de acuerdo con el l\u00edmite a reelecciones - Infoecos\",\"isPartOf\":{\"@id\":\"https:\/\/infoecos.com.ar\/#website\"},\"primaryImageOfPage\":{\"@id\":\"https:\/\/infoecos.com.ar\/index.php\/el-intendente-de-trenque-lauquen-se-manifesto-partidario-al-limite-de-las-reelecciones\/#primaryimage\"},\"image\":{\"@id\":\"https:\/\/infoecos.com.ar\/index.php\/el-intendente-de-trenque-lauquen-se-manifesto-partidario-al-limite-de-las-reelecciones\/#primaryimage\"},\"thumbnailUrl\":\"https:\/\/infoecos.com.ar\/wp-content\/uploads\/2020\/08\/Intendente-Fern\u00e1ndez.jpg\",\"datePublished\":\"2021-03-22T17:38:01+00:00\",\"dateModified\":\"2021-03-23T03:46:51+00:00\",\"breadcrumb\":{\"@id\":\"https:\/\/infoecos.com.ar\/index.php\/el-intendente-de-trenque-lauquen-se-manifesto-partidario-al-limite-de-las-reelecciones\/#breadcrumb\"},\"inLanguage\":\"es\",\"potentialAction\":[{\"@type\":\"ReadAction\",\"target\":[\"https:\/\/infoecos.com.ar\/index.php\/el-intendente-de-trenque-lauquen-se-manifesto-partidario-al-limite-de-las-reelecciones\/\"]}]},{\"@type\":\"ImageObject\",\"inLanguage\":\"es\",\"@id\":\"https:\/\/infoecos.com.ar\/index.php\/el-intendente-de-trenque-lauquen-se-manifesto-partidario-al-limite-de-las-reelecciones\/#primaryimage\",\"url\":\"https:\/\/infoecos.com.ar\/wp-content\/uploads\/2020\/08\/Intendente-Fern\u00e1ndez.jpg\",\"contentUrl\":\"https:\/\/infoecos.com.ar\/wp-content\/uploads\/2020\/08\/Intendente-Fern\u00e1ndez.jpg\",\"width\":864,\"height\":576},{\"@type\":\"BreadcrumbList\",\"@id\":\"https:\/\/infoecos.com.ar\/index.php\/el-intendente-de-trenque-lauquen-se-manifesto-partidario-al-limite-de-las-reelecciones\/#breadcrumb\",\"itemListElement\":[{\"@type\":\"ListItem\",\"position\":1,\"name\":\"Portada\",\"item\":\"https:\/\/infoecos.com.ar\/\"},{\"@type\":\"ListItem\",\"position\":2,\"name\":\"El intendente de Trenque Lauquen se manifest\u00f3 de acuerdo con el l\u00edmite a reelecciones\"}]},{\"@type\":\"WebSite\",\"@id\":\"https:\/\/infoecos.com.ar\/#website\",\"url\":\"https:\/\/infoecos.com.ar\/\",\"name\":\"Infoecos\",\"description\":\"Noticias de trenque lauquen y la zona\",\"publisher\":{\"@id\":\"https:\/\/infoecos.com.ar\/#organization\"},\"alternateName\":\"Noticias\",\"potentialAction\":[{\"@type\":\"SearchAction\",\"target\":{\"@type\":\"EntryPoint\",\"urlTemplate\":\"https:\/\/infoecos.com.ar\/?s={search_term_string}\"},\"query-input\":{\"@type\":\"PropertyValueSpecification\",\"valueRequired\":true,\"valueName\":\"search_term_string\"}}],\"inLanguage\":\"es\"},{\"@type\":\"Organization\",\"@id\":\"https:\/\/infoecos.com.ar\/#organization\",\"name\":\"Infoecos\",\"alternateName\":\"Noticias\",\"url\":\"https:\/\/infoecos.com.ar\/\",\"logo\":{\"@type\":\"ImageObject\",\"inLanguage\":\"es\",\"@id\":\"https:\/\/infoecos.com.ar\/#\/schema\/logo\/image\/\",\"url\":\"https:\/\/infoecos.com.ar\/wp-content\/uploads\/2024\/03\/cropped-logo.png\",\"contentUrl\":\"https:\/\/infoecos.com.ar\/wp-content\/uploads\/2024\/03\/cropped-logo.png\",\"width\":374,\"height\":90,\"caption\":\"Infoecos\"},\"image\":{\"@id\":\"https:\/\/infoecos.com.ar\/#\/schema\/logo\/image\/\"},\"sameAs\":[\"https:\/\/www.facebook.com\/profile.php?id=100063200290284\",\"https:\/\/x.com\/infoecos\"]},{\"@type\":\"Person\",\"@id\":\"https:\/\/infoecos.com.ar\/#\/schema\/person\/8f5ace5ce73b4b4aac4b7245aee6f191\",\"name\":\"Jorge Matheus\",\"url\":\"https:\/\/infoecos.com.ar\/index.php\/author\/jomatheus\/\"}]}<\/script>\n<!-- \/ Yoast SEO plugin. -->","yoast_head_json":{"title":"El intendente de Trenque Lauquen se manifest\u00f3 de acuerdo con el l\u00edmite a reelecciones - Infoecos","robots":{"index":"index","follow":"follow","max-snippet":"max-snippet:-1","max-image-preview":"max-image-preview:large","max-video-preview":"max-video-preview:-1"},"canonical":"https:\/\/infoecos.com.ar\/index.php\/el-intendente-de-trenque-lauquen-se-manifesto-partidario-al-limite-de-las-reelecciones\/","og_locale":"es_ES","og_type":"article","og_title":"El intendente de Trenque Lauquen se manifest\u00f3 de acuerdo con el l\u00edmite a reelecciones - Infoecos","og_description":"\u201cSiento que bailamos en el Titanic. Vamos a tener que reflexionar y volver a las medidas de prevenci\u00f3n. Si no se nos va a poner muy complicado\u201d, dijo sobre el panorama sanitario","og_url":"https:\/\/infoecos.com.ar\/index.php\/el-intendente-de-trenque-lauquen-se-manifesto-partidario-al-limite-de-las-reelecciones\/","og_site_name":"Infoecos","article_publisher":"https:\/\/www.facebook.com\/profile.php?id=100063200290284","article_published_time":"2021-03-22T17:38:01+00:00","article_modified_time":"2021-03-23T03:46:51+00:00","og_image":[{"width":864,"height":576,"url":"https:\/\/infoecos.com.ar\/wp-content\/uploads\/2020\/08\/Intendente-Fern\u00e1ndez.jpg","type":"image\/jpeg"}],"author":"Jorge Matheus","twitter_card":"summary_large_image","twitter_creator":"@infoecos","twitter_site":"@infoecos","twitter_misc":{"Escrito por":"Jorge Matheus","Tiempo de lectura":"1 minuto"},"schema":{"@context":"https:\/\/schema.org","@graph":[{"@type":"Article","@id":"https:\/\/infoecos.com.ar\/index.php\/el-intendente-de-trenque-lauquen-se-manifesto-partidario-al-limite-de-las-reelecciones\/#article","isPartOf":{"@id":"https:\/\/infoecos.com.ar\/index.php\/el-intendente-de-trenque-lauquen-se-manifesto-partidario-al-limite-de-las-reelecciones\/"},"author":{"name":"Jorge Matheus","@id":"https:\/\/infoecos.com.ar\/#\/schema\/person\/8f5ace5ce73b4b4aac4b7245aee6f191"},"headline":"El intendente de Trenque Lauquen se manifest\u00f3 de acuerdo con el l\u00edmite a reelecciones","datePublished":"2021-03-22T17:38:01+00:00","dateModified":"2021-03-23T03:46:51+00:00","mainEntityOfPage":{"@id":"https:\/\/infoecos.com.ar\/index.php\/el-intendente-de-trenque-lauquen-se-manifesto-partidario-al-limite-de-las-reelecciones\/"},"wordCount":288,"publisher":{"@id":"https:\/\/infoecos.com.ar\/#organization"},"image":{"@id":"https:\/\/infoecos.com.ar\/index.php\/el-intendente-de-trenque-lauquen-se-manifesto-partidario-al-limite-de-las-reelecciones\/#primaryimage"},"thumbnailUrl":"https:\/\/infoecos.com.ar\/wp-content\/uploads\/2020\/08\/Intendente-Fern\u00e1ndez.jpg","keywords":["DECLARACIONES A RADIO LA PLATA"],"articleSection":["Audio","C2 nota 1"],"inLanguage":"es"},{"@type":"WebPage","@id":"https:\/\/infoecos.com.ar\/index.php\/el-intendente-de-trenque-lauquen-se-manifesto-partidario-al-limite-de-las-reelecciones\/","url":"https:\/\/infoecos.com.ar\/index.php\/el-intendente-de-trenque-lauquen-se-manifesto-partidario-al-limite-de-las-reelecciones\/","name":"El intendente de Trenque Lauquen se manifest\u00f3 de acuerdo con el l\u00edmite a reelecciones - Infoecos","isPartOf":{"@id":"https:\/\/infoecos.com.ar\/#website"},"primaryImageOfPage":{"@id":"https:\/\/infoecos.com.ar\/index.php\/el-intendente-de-trenque-lauquen-se-manifesto-partidario-al-limite-de-las-reelecciones\/#primaryimage"},"image":{"@id":"https:\/\/infoecos.com.ar\/index.php\/el-intendente-de-trenque-lauquen-se-manifesto-partidario-al-limite-de-las-reelecciones\/#primaryimage"},"thumbnailUrl":"https:\/\/infoecos.com.ar\/wp-content\/uploads\/2020\/08\/Intendente-Fern\u00e1ndez.jpg","datePublished":"2021-03-22T17:38:01+00:00","dateModified":"2021-03-23T03:46:51+00:00","breadcrumb":{"@id":"https:\/\/infoecos.com.ar\/index.php\/el-intendente-de-trenque-lauquen-se-manifesto-partidario-al-limite-de-las-reelecciones\/#breadcrumb"},"inLanguage":"es","potentialAction":[{"@type":"ReadAction","target":["https:\/\/infoecos.com.ar\/index.php\/el-intendente-de-trenque-lauquen-se-manifesto-partidario-al-limite-de-las-reelecciones\/"]}]},{"@type":"ImageObject","inLanguage":"es","@id":"https:\/\/infoecos.com.ar\/index.php\/el-intendente-de-trenque-lauquen-se-manifesto-partidario-al-limite-de-las-reelecciones\/#primaryimage","url":"https:\/\/infoecos.com.ar\/wp-content\/uploads\/2020\/08\/Intendente-Fern\u00e1ndez.jpg","contentUrl":"https:\/\/infoecos.com.ar\/wp-content\/uploads\/2020\/08\/Intendente-Fern\u00e1ndez.jpg","width":864,"height":576},{"@type":"BreadcrumbList","@id":"https:\/\/infoecos.com.ar\/index.php\/el-intendente-de-trenque-lauquen-se-manifesto-partidario-al-limite-de-las-reelecciones\/#breadcrumb","itemListElement":[{"@type":"ListItem","position":1,"name":"Portada","item":"https:\/\/infoecos.com.ar\/"},{"@type":"ListItem","position":2,"name":"El intendente de Trenque Lauquen se manifest\u00f3 de acuerdo con el l\u00edmite a reelecciones"}]},{"@type":"WebSite","@id":"https:\/\/infoecos.com.ar\/#website","url":"https:\/\/infoecos.com.ar\/","name":"Infoecos","description":"Noticias de trenque lauquen y la zona","publisher":{"@id":"https:\/\/infoecos.com.ar\/#organization"},"alternateName":"Noticias","potentialAction":[{"@type":"SearchAction","target":{"@type":"EntryPoint","urlTemplate":"https:\/\/infoecos.com.ar\/?s={search_term_string}"},"query-input":{"@type":"PropertyValueSpecification","valueRequired":true,"valueName":"search_term_string"}}],"inLanguage":"es"},{"@type":"Organization","@id":"https:\/\/infoecos.com.ar\/#organization","name":"Infoecos","alternateName":"Noticias","url":"https:\/\/infoecos.com.ar\/","logo":{"@type":"ImageObject","inLanguage":"es","@id":"https:\/\/infoecos.com.ar\/#\/schema\/logo\/image\/","url":"https:\/\/infoecos.com.ar\/wp-content\/uploads\/2024\/03\/cropped-logo.png","contentUrl":"https:\/\/infoecos.com.ar\/wp-content\/uploads\/2024\/03\/cropped-logo.png","width":374,"height":90,"caption":"Infoecos"},"image":{"@id":"https:\/\/infoecos.com.ar\/#\/schema\/logo\/image\/"},"sameAs":["https:\/\/www.facebook.com\/profile.php?id=100063200290284","https:\/\/x.com\/infoecos"]},{"@type":"Person","@id":"https:\/\/infoecos.com.ar\/#\/schema\/person\/8f5ace5ce73b4b4aac4b7245aee6f191","name":"Jorge Matheus","url":"https:\/\/infoecos.com.ar\/index.php\/author\/jomatheus\/"}]}},"featured_image_urls":{"full":["https:\/\/infoecos.com.ar\/wp-content\/uploads\/2020\/08\/Intendente-Fern\u00e1ndez.jpg",864,576,false],"thumbnail":["https:\/\/infoecos.com.ar\/wp-content\/uploads\/2020\/08\/Intendente-Fern\u00e1ndez-150x150.jpg",150,150,true],"medium":["https:\/\/infoecos.com.ar\/wp-content\/uploads\/2020\/08\/Intendente-Fern\u00e1ndez-460x307.jpg",460,307,true],"medium_large":["https:\/\/infoecos.com.ar\/wp-content\/uploads\/2020\/08\/Intendente-Fern\u00e1ndez-768x512.jpg",640,427,true],"large":["https:\/\/infoecos.com.ar\/wp-content\/uploads\/2020\/08\/Intendente-Fern\u00e1ndez.jpg",640,427,false],"1536x1536":["https:\/\/infoecos.com.ar\/wp-content\/uploads\/2020\/08\/Intendente-Fern\u00e1ndez.jpg",864,576,false],"2048x2048":["https:\/\/infoecos.com.ar\/wp-content\/uploads\/2020\/08\/Intendente-Fern\u00e1ndez.jpg",864,576,false],"covernews-slider-full":["https:\/\/infoecos.com.ar\/wp-content\/uploads\/2020\/08\/Intendente-Fern\u00e1ndez.jpg",864,576,false],"covernews-slider-center":["https:\/\/infoecos.com.ar\/wp-content\/uploads\/2020\/08\/Intendente-Fern\u00e1ndez.jpg",750,500,false],"covernews-featured":["https:\/\/infoecos.com.ar\/wp-content\/uploads\/2020\/08\/Intendente-Fern\u00e1ndez.jpg",864,576,false],"covernews-medium":["https:\/\/infoecos.com.ar\/wp-content\/uploads\/2020\/08\/Intendente-Fern\u00e1ndez-720x380.jpg",540,285,true],"covernews-medium-square":["https:\/\/infoecos.com.ar\/wp-content\/uploads\/2020\/08\/Intendente-Fern\u00e1ndez-675x450.jpg",375,250,true]},"author_info":{"info":["Jorge Matheus"]},"category_info":"<a href=\"https:\/\/infoecos.com.ar\/index.php\/category\/audio\/\" rel=\"category tag\">Audio<\/a> <a href=\"https:\/\/infoecos.com.ar\/index.php\/category\/c2nota1\/\" rel=\"category tag\">C2 nota 1<\/a>","tag_info":"C2 nota 1","comment_count":"0","_links":{"self":[{"href":"https:\/\/infoecos.com.ar\/index.php\/wp-json\/wp\/v2\/posts\/76520"}],"collection":[{"href":"https:\/\/infoecos.com.ar\/index.php\/wp-json\/wp\/v2\/posts"}],"about":[{"href":"https:\/\/infoecos.com.ar\/index.php\/wp-json\/wp\/v2\/types\/post"}],"author":[{"embeddable":true,"href":"https:\/\/infoecos.com.ar\/index.php\/wp-json\/wp\/v2\/users\/2"}],"replies":[{"embeddable":true,"href":"https:\/\/infoecos.com.ar\/index.php\/wp-json\/wp\/v2\/comments?post=76520"}],"version-history":[{"count":3,"href":"https:\/\/infoecos.com.ar\/index.php\/wp-json\/wp\/v2\/posts\/76520\/revisions"}],"predecessor-version":[{"id":76557,"href":"https:\/\/infoecos.com.ar\/index.php\/wp-json\/wp\/v2\/posts\/76520\/revisions\/76557"}],"wp:featuredmedia":[{"embeddable":true,"href":"https:\/\/infoecos.com.ar\/index.php\/wp-json\/wp\/v2\/media\/66595"}],"wp:attachment":[{"href":"https:\/\/infoecos.com.ar\/index.php\/wp-json\/wp\/v2\/media?parent=76520"}],"wp:term":[{"taxonomy":"category","embeddable":true,"href":"https:\/\/infoecos.com.ar\/index.php\/wp-json\/wp\/v2\/categories?post=76520"},{"taxonomy":"post_tag","embeddable":true,"href":"https:\/\/infoecos.com.ar\/index.php\/wp-json\/wp\/v2\/tags?post=76520"}],"curies":[{"name":"wp","href":"https:\/\/api.w.org\/{rel}","templated":true}]}}