{"id":76570,"date":"2021-03-23T01:37:51","date_gmt":"2021-03-23T04:37:51","guid":{"rendered":"http:\/\/infoecos.com.ar\/?p=76570"},"modified":"2021-03-29T02:32:29","modified_gmt":"2021-03-29T05:32:29","slug":"la-federacion-de-docentes-de-la-universidad-tecnologica-nacional-reclaman-aumento-salarial-del-36","status":"publish","type":"post","link":"https:\/\/infoecos.com.ar\/index.php\/la-federacion-de-docentes-de-la-universidad-tecnologica-nacional-reclaman-aumento-salarial-del-36\/","title":{"rendered":"La federaci\u00f3n de docentes de la Universidad Tecnol\u00f3gica Nacional reclaman aumento salarial del 36 %"},"content":{"rendered":"\n<p class=\"wp-block-paragraph\">Luego de una reuni\u00f3n con dirigentes de todo el pa\u00eds, la federaci\u00f3n que nuclea a los docentes de las 32 sedes de la Universidad Tecnol\u00f3gica Nacional solicit\u00f3 este lunes al Gobierno nacional que se convoque formalmente a la Mesa de Negociaci\u00f3n Salarial. Los docentes tecnol\u00f3gicos reclaman un aumento salarial del 36%, incluyendo un primer tramo que compense la inflaci\u00f3n del primer trimestre del a\u00f1o y una cl\u00e1usula de revisi\u00f3n para el \u00faltimo trimestre del a\u00f1o.&nbsp;<\/p>\n\n\n\n<p class=\"wp-block-paragraph\">Por su parte, el secretario general de FAGDUT, Ing. Norberto Heyaca, manifest\u00f3: \u201cNecesitamos que el Estado nacional haga el mismo esfuerzo que estamos haciendo los docentes, convoque a paritaria y nos haga una propuesta que recomponga nuestro poder adquisitivo compensando la inflaci\u00f3n del primer trimestre del a\u00f1o\u201d. \u201cCon los aumentos constantes de los alimentos y los combustibles resulta fundamental garantizar un salario real por encima de la inflaci\u00f3n\u201d, enfatiz\u00f3 el Ing. Ricardo Mozzi, secretario gremial del sindicato.&nbsp;<\/p>\n\n\n\n<div class=\"wp-block-image\"><figure class=\"aligncenter size-medium\"><img loading=\"lazy\" decoding=\"async\" width=\"460\" height=\"271\" src=\"http:\/\/infoecos.com.ar\/wp-content\/uploads\/2021\/03\/Reunion-dirigentes-460x271.png\" alt=\"\" class=\"wp-image-76571\" srcset=\"https:\/\/infoecos.com.ar\/wp-content\/uploads\/2021\/03\/Reunion-dirigentes-460x271.png 460w, https:\/\/infoecos.com.ar\/wp-content\/uploads\/2021\/03\/Reunion-dirigentes-920x543.png 920w, https:\/\/infoecos.com.ar\/wp-content\/uploads\/2021\/03\/Reunion-dirigentes-768x453.png 768w, https:\/\/infoecos.com.ar\/wp-content\/uploads\/2021\/03\/Reunion-dirigentes.png 1007w\" sizes=\"auto, (max-width: 460px) 100vw, 460px\" \/><\/figure><\/div>\n\n\n\n<p class=\"wp-block-paragraph\">Cabe destacar, como referencia, que en la paritaria nacional docente de los primeros niveles se fij\u00f3 un piso salarial del 34,6 %, con aumento del incentivo docente \u2013 FONID \u2013 y del Fondo Compensador.<\/p>\n\n\n\n<p class=\"wp-block-paragraph\">\u201cNos adecuamos a la educaci\u00f3n virtual y cumplimos responsablemente nuestra labor, mucho de nosotros endeud\u00e1ndonos para la compra del equipamiento necesario para dar clases\u201d, explic\u00f3 Heyaca, y acot\u00f3: \u201cQueremos llevar a la paritaria diferentes inquietudes y necesidades de nuestros colegas, como alg\u00fan tipo de compensaci\u00f3n por los gastos de conectividad o que se incremente la garant\u00eda salarial para los docentes que reci\u00e9n se inician, que suelen ser sost\u00e9n de familia y tienen sueldos muy magros\u201d.<\/p>\n\n\n\n<p class=\"wp-block-paragraph\">Durante la reuni\u00f3n con los dirigentes de todo el pa\u00eds tambi\u00e9n se destac\u00f3 el aumento de prioridad de los docentes universitarios en el plan de vacunaci\u00f3n nacional contra el Covid-19. \u201cComo activos part\u00edcipes de este logro, desde FAGDUT esperamos que se cumpla este acuerdo fruto del trabajo gremial de las federaciones docentes\u201d, se\u00f1al\u00f3 Mozzi.<\/p>\n\n\n\n<p class=\"wp-block-paragraph\">Asimismo, los docentes dijeron que \u201ccelebran el aumento de la matriculaci\u00f3n\u201d en las distintas facultades regionales que tiene la UTN, particularmente a partir de segundo a\u00f1o. \u201cEso significa revitalizar la universidad p\u00fablica, aunque el Estado tambi\u00e9n debe tener en cuenta la \u201csobredemanda\u201d que est\u00e1n padeciendo los y las docentes, entre la virtualidad y el aumento del n\u00famero de estudiantes\u201d, explic\u00f3 Heyaca.<\/p>\n","protected":false},"excerpt":{"rendered":"<p>Cabe destacar, como referencia, que en la paritaria nacional docente de los primeros niveles se fij\u00f3 un piso salarial del 34,6 %, con aumento del incentivo docente \u2013 FONID \u2013 y del Fondo Compensador<\/p>\n","protected":false},"author":2,"featured_media":76571,"comment_status":"closed","ping_status":"open","sticky":false,"template":"","format":"standard","meta":{"footnotes":""},"categories":[1643],"tags":[3395],"class_list":["post-76570","post","type-post","status-publish","format-standard","has-post-thumbnail","hentry","category-inferior16","tag-piden-mesa-de-negociacion-salarial"],"featured_image_urls":{"full":["https:\/\/infoecos.com.ar\/wp-content\/uploads\/2021\/03\/Reunion-dirigentes.png",1007,594,false],"thumbnail":["https:\/\/infoecos.com.ar\/wp-content\/uploads\/2021\/03\/Reunion-dirigentes-150x150.png",150,150,true],"medium":["https:\/\/infoecos.com.ar\/wp-content\/uploads\/2021\/03\/Reunion-dirigentes-460x271.png",460,271,true],"medium_large":["https:\/\/infoecos.com.ar\/wp-content\/uploads\/2021\/03\/Reunion-dirigentes-768x453.png",640,378,true],"large":["https:\/\/infoecos.com.ar\/wp-content\/uploads\/2021\/03\/Reunion-dirigentes-920x543.png",640,378,true],"1536x1536":["https:\/\/infoecos.com.ar\/wp-content\/uploads\/2021\/03\/Reunion-dirigentes.png",1007,594,false],"2048x2048":["https:\/\/infoecos.com.ar\/wp-content\/uploads\/2021\/03\/Reunion-dirigentes.png",1007,594,false],"covernews-slider-full":["https:\/\/infoecos.com.ar\/wp-content\/uploads\/2021\/03\/Reunion-dirigentes.png",1007,594,false],"covernews-slider-center":["https:\/\/infoecos.com.ar\/wp-content\/uploads\/2021\/03\/Reunion-dirigentes-936x594.png",788,500,true],"covernews-featured":["https:\/\/infoecos.com.ar\/wp-content\/uploads\/2021\/03\/Reunion-dirigentes.png",1007,594,false],"covernews-medium":["https:\/\/infoecos.com.ar\/wp-content\/uploads\/2021\/03\/Reunion-dirigentes-720x380.png",540,285,true],"covernews-medium-square":["https:\/\/infoecos.com.ar\/wp-content\/uploads\/2021\/03\/Reunion-dirigentes-675x450.png",375,250,true]},"author_info":{"info":["Jorge Matheus"]},"category_info":"<a href=\"https:\/\/infoecos.com.ar\/index.php\/category\/inferior16\/\" rel=\"category tag\">Bloque inferior - 16<\/a>","tag_info":"Bloque inferior - 16","comment_count":"0","_links":{"self":[{"href":"https:\/\/infoecos.com.ar\/index.php\/wp-json\/wp\/v2\/posts\/76570","targetHints":{"allow":["GET"]}}],"collection":[{"href":"https:\/\/infoecos.com.ar\/index.php\/wp-json\/wp\/v2\/posts"}],"about":[{"href":"https:\/\/infoecos.com.ar\/index.php\/wp-json\/wp\/v2\/types\/post"}],"author":[{"embeddable":true,"href":"https:\/\/infoecos.com.ar\/index.php\/wp-json\/wp\/v2\/users\/2"}],"replies":[{"embeddable":true,"href":"https:\/\/infoecos.com.ar\/index.php\/wp-json\/wp\/v2\/comments?post=76570"}],"version-history":[{"count":2,"href":"https:\/\/infoecos.com.ar\/index.php\/wp-json\/wp\/v2\/posts\/76570\/revisions"}],"predecessor-version":[{"id":76575,"href":"https:\/\/infoecos.com.ar\/index.php\/wp-json\/wp\/v2\/posts\/76570\/revisions\/76575"}],"wp:featuredmedia":[{"embeddable":true,"href":"https:\/\/infoecos.com.ar\/index.php\/wp-json\/wp\/v2\/media\/76571"}],"wp:attachment":[{"href":"https:\/\/infoecos.com.ar\/index.php\/wp-json\/wp\/v2\/media?parent=76570"}],"wp:term":[{"taxonomy":"category","embeddable":true,"href":"https:\/\/infoecos.com.ar\/index.php\/wp-json\/wp\/v2\/categories?post=76570"},{"taxonomy":"post_tag","embeddable":true,"href":"https:\/\/infoecos.com.ar\/index.php\/wp-json\/wp\/v2\/tags?post=76570"}],"curies":[{"name":"wp","href":"https:\/\/api.w.org\/{rel}","templated":true}]}}