{"id":76573,"date":"2021-03-23T01:42:59","date_gmt":"2021-03-23T04:42:59","guid":{"rendered":"http:\/\/infoecos.com.ar\/?p=76573"},"modified":"2021-03-23T01:43:01","modified_gmt":"2021-03-23T04:43:01","slug":"becas-municipales-en-general-villegas-inscripcion-abierta-hasta-el-26-de-marzo","status":"publish","type":"post","link":"https:\/\/infoecos.com.ar\/index.php\/becas-municipales-en-general-villegas-inscripcion-abierta-hasta-el-26-de-marzo\/","title":{"rendered":"Becas Municipales en General Villegas: inscripci\u00f3n abierta hasta el 26 de Marzo"},"content":{"rendered":"\n<p class=\"wp-block-paragraph\">La Direcci\u00f3n de Educaci\u00f3n del Municipio de General Villegas comunic\u00f3 que hasta el 26 de marzo del 2021 est\u00e1 abierta la Inscripci\u00f3n para las Becas Municipales a Estudiantes de Nivel Terciario y Universitario.<\/p>\n\n\n\n<p class=\"wp-block-paragraph\">Las Planillas de Solicitud (quienes la solicitan por primera vez) y Planillas de Renovaci\u00f3n (quienes tuvieron Beca durante el 2020), pueden retirarse en el Centro de Educaci\u00f3n Abierta Municipal (CEAM) de lunes a viernes de 7:30 a 12 hs. y de 14 a 18 hs.<\/p>\n\n\n\n<div class=\"wp-block-image\"><figure class=\"aligncenter size-medium\"><img loading=\"lazy\" decoding=\"async\" width=\"460\" height=\"345\" src=\"http:\/\/infoecos.com.ar\/wp-content\/uploads\/Frente-Palacio-Municipal-460x345.jpeg\" alt=\"\" class=\"wp-image-59028\" srcset=\"https:\/\/infoecos.com.ar\/wp-content\/uploads\/Frente-Palacio-Municipal-460x345.jpeg 460w, https:\/\/infoecos.com.ar\/wp-content\/uploads\/Frente-Palacio-Municipal.jpeg 768w\" sizes=\"auto, (max-width: 460px) 100vw, 460px\" \/><\/figure><\/div>\n\n\n\n<p class=\"wp-block-paragraph\">Asimismo, quienes residen en los pueblos del partido de General Villegas, pueden retirar las planillas en la Delegaci\u00f3n Municipal de su comunidad.<\/p>\n\n\n\n<p class=\"wp-block-paragraph\">La Reglamentaci\u00f3n para el otorgamiento de Becas a estudiantes de Nivel Terciario y Universitario del distrito de General Villegas, se enmarca en la Ordenanza Municipal N\u00ba 5710 del a\u00f1o 2016, aprobada por el Honorable Concejo Deliberante.<\/p>\n","protected":false},"excerpt":{"rendered":"<p>Quienes residen en los pueblos del partido de General Villegas, pueden retirar las planillas en la Delegaci\u00f3n Municipal de su comunidad<\/p>\n","protected":false},"author":2,"featured_media":59028,"comment_status":"closed","ping_status":"open","sticky":false,"template":"","format":"standard","meta":{"footnotes":""},"categories":[51],"tags":[3394],"class_list":["post-76573","post","type-post","status-publish","format-standard","has-post-thumbnail","hentry","category-c2nota4","tag-para-nivel-terciario-y-universitario"],"featured_image_urls":{"full":["https:\/\/infoecos.com.ar\/wp-content\/uploads\/Frente-Palacio-Municipal.jpeg",768,576,false],"thumbnail":["https:\/\/infoecos.com.ar\/wp-content\/uploads\/Frente-Palacio-Municipal-150x150.jpeg",150,150,true],"medium":["https:\/\/infoecos.com.ar\/wp-content\/uploads\/Frente-Palacio-Municipal-460x345.jpeg",460,345,true],"medium_large":["https:\/\/infoecos.com.ar\/wp-content\/uploads\/Frente-Palacio-Municipal.jpeg",640,480,false],"large":["https:\/\/infoecos.com.ar\/wp-content\/uploads\/Frente-Palacio-Municipal.jpeg",640,480,false],"1536x1536":["https:\/\/infoecos.com.ar\/wp-content\/uploads\/Frente-Palacio-Municipal.jpeg",768,576,false],"2048x2048":["https:\/\/infoecos.com.ar\/wp-content\/uploads\/Frente-Palacio-Municipal.jpeg",768,576,false],"covernews-slider-full":["https:\/\/infoecos.com.ar\/wp-content\/uploads\/Frente-Palacio-Municipal.jpeg",768,576,false],"covernews-slider-center":["https:\/\/infoecos.com.ar\/wp-content\/uploads\/Frente-Palacio-Municipal.jpeg",667,500,false],"covernews-featured":["https:\/\/infoecos.com.ar\/wp-content\/uploads\/Frente-Palacio-Municipal.jpeg",768,576,false],"covernews-medium":["https:\/\/infoecos.com.ar\/wp-content\/uploads\/Frente-Palacio-Municipal-720x380.jpeg",540,285,true],"covernews-medium-square":["https:\/\/infoecos.com.ar\/wp-content\/uploads\/Frente-Palacio-Municipal-675x450.jpeg",375,250,true]},"author_info":{"info":["Jorge Matheus"]},"category_info":"<a href=\"https:\/\/infoecos.com.ar\/index.php\/category\/c2nota4\/\" rel=\"category tag\">C2 N4<\/a>","tag_info":"C2 N4","comment_count":"0","_links":{"self":[{"href":"https:\/\/infoecos.com.ar\/index.php\/wp-json\/wp\/v2\/posts\/76573","targetHints":{"allow":["GET"]}}],"collection":[{"href":"https:\/\/infoecos.com.ar\/index.php\/wp-json\/wp\/v2\/posts"}],"about":[{"href":"https:\/\/infoecos.com.ar\/index.php\/wp-json\/wp\/v2\/types\/post"}],"author":[{"embeddable":true,"href":"https:\/\/infoecos.com.ar\/index.php\/wp-json\/wp\/v2\/users\/2"}],"replies":[{"embeddable":true,"href":"https:\/\/infoecos.com.ar\/index.php\/wp-json\/wp\/v2\/comments?post=76573"}],"version-history":[{"count":1,"href":"https:\/\/infoecos.com.ar\/index.php\/wp-json\/wp\/v2\/posts\/76573\/revisions"}],"predecessor-version":[{"id":76574,"href":"https:\/\/infoecos.com.ar\/index.php\/wp-json\/wp\/v2\/posts\/76573\/revisions\/76574"}],"wp:featuredmedia":[{"embeddable":true,"href":"https:\/\/infoecos.com.ar\/index.php\/wp-json\/wp\/v2\/media\/59028"}],"wp:attachment":[{"href":"https:\/\/infoecos.com.ar\/index.php\/wp-json\/wp\/v2\/media?parent=76573"}],"wp:term":[{"taxonomy":"category","embeddable":true,"href":"https:\/\/infoecos.com.ar\/index.php\/wp-json\/wp\/v2\/categories?post=76573"},{"taxonomy":"post_tag","embeddable":true,"href":"https:\/\/infoecos.com.ar\/index.php\/wp-json\/wp\/v2\/tags?post=76573"}],"curies":[{"name":"wp","href":"https:\/\/api.w.org\/{rel}","templated":true}]}}