{"id":76581,"date":"2021-03-23T02:03:49","date_gmt":"2021-03-23T05:03:49","guid":{"rendered":"http:\/\/infoecos.com.ar\/?p=76581"},"modified":"2021-03-23T02:03:53","modified_gmt":"2021-03-23T05:03:53","slug":"el-covid-19-sigue-resistiendose-en-el-distrito-de-tres-lomas","status":"publish","type":"post","link":"https:\/\/infoecos.com.ar\/index.php\/el-covid-19-sigue-resistiendose-en-el-distrito-de-tres-lomas\/","title":{"rendered":"El Covid-19 sigue resisti\u00e9ndose en el distrito de Tres Lomas"},"content":{"rendered":"\n<p class=\"wp-block-paragraph\">Sigue siendo elevando el n\u00famero de contagiados en Tres Lomas. Este lunes el municipio report\u00f3 46. Inform\u00f3, adem\u00e1s que otro paciente debi\u00f3 ser derivado a un centro asistencial de mayor complejidad.<\/p>\n\n\n\n<div class=\"wp-block-image\"><figure class=\"aligncenter size-medium\"><img loading=\"lazy\" decoding=\"async\" width=\"460\" height=\"458\" src=\"http:\/\/infoecos.com.ar\/wp-content\/uploads\/2021\/03\/IMG_20210322_221652_226-460x458.jpg\" alt=\"\" class=\"wp-image-76582\" srcset=\"https:\/\/infoecos.com.ar\/wp-content\/uploads\/2021\/03\/IMG_20210322_221652_226-460x458.jpg 460w, https:\/\/infoecos.com.ar\/wp-content\/uploads\/2021\/03\/IMG_20210322_221652_226-920x915.jpg 920w, https:\/\/infoecos.com.ar\/wp-content\/uploads\/2021\/03\/IMG_20210322_221652_226-150x150.jpg 150w, https:\/\/infoecos.com.ar\/wp-content\/uploads\/2021\/03\/IMG_20210322_221652_226-768x764.jpg 768w, https:\/\/infoecos.com.ar\/wp-content\/uploads\/2021\/03\/IMG_20210322_221652_226.jpg 996w\" sizes=\"auto, (max-width: 460px) 100vw, 460px\" \/><\/figure><\/div>\n","protected":false},"excerpt":{"rendered":"<p>Se inform\u00f3, adem\u00e1s que otro paciente debi\u00f3 ser derivado a un centro asistencial de mayor complejidad.<\/p>\n","protected":false},"author":2,"featured_media":54834,"comment_status":"closed","ping_status":"open","sticky":false,"template":"","format":"standard","meta":{"footnotes":""},"categories":[1323],"tags":[3398],"class_list":["post-76581","post","type-post","status-publish","format-standard","has-post-thumbnail","hentry","category-c2nota5","tag-46-pacientes-positivos"],"featured_image_urls":{"full":"","thumbnail":"","medium":"","medium_large":"","large":"","1536x1536":"","2048x2048":"","covernews-slider-full":"","covernews-slider-center":"","covernews-featured":"","covernews-medium":"","covernews-medium-square":""},"author_info":{"info":["Jorge Matheus"]},"category_info":"<a href=\"https:\/\/infoecos.com.ar\/index.php\/category\/c2nota5\/\" rel=\"category tag\">C2 N5<\/a>","tag_info":"C2 N5","comment_count":"0","_links":{"self":[{"href":"https:\/\/infoecos.com.ar\/index.php\/wp-json\/wp\/v2\/posts\/76581","targetHints":{"allow":["GET"]}}],"collection":[{"href":"https:\/\/infoecos.com.ar\/index.php\/wp-json\/wp\/v2\/posts"}],"about":[{"href":"https:\/\/infoecos.com.ar\/index.php\/wp-json\/wp\/v2\/types\/post"}],"author":[{"embeddable":true,"href":"https:\/\/infoecos.com.ar\/index.php\/wp-json\/wp\/v2\/users\/2"}],"replies":[{"embeddable":true,"href":"https:\/\/infoecos.com.ar\/index.php\/wp-json\/wp\/v2\/comments?post=76581"}],"version-history":[{"count":1,"href":"https:\/\/infoecos.com.ar\/index.php\/wp-json\/wp\/v2\/posts\/76581\/revisions"}],"predecessor-version":[{"id":76583,"href":"https:\/\/infoecos.com.ar\/index.php\/wp-json\/wp\/v2\/posts\/76581\/revisions\/76583"}],"wp:attachment":[{"href":"https:\/\/infoecos.com.ar\/index.php\/wp-json\/wp\/v2\/media?parent=76581"}],"wp:term":[{"taxonomy":"category","embeddable":true,"href":"https:\/\/infoecos.com.ar\/index.php\/wp-json\/wp\/v2\/categories?post=76581"},{"taxonomy":"post_tag","embeddable":true,"href":"https:\/\/infoecos.com.ar\/index.php\/wp-json\/wp\/v2\/tags?post=76581"}],"curies":[{"name":"wp","href":"https:\/\/api.w.org\/{rel}","templated":true}]}}