{"id":76631,"date":"2021-03-23T14:48:30","date_gmt":"2021-03-23T17:48:30","guid":{"rendered":"http:\/\/infoecos.com.ar\/?p=76631"},"modified":"2021-03-26T02:20:12","modified_gmt":"2021-03-26T05:20:12","slug":"llaman-a-licitacion-para-adquirir-materiales-destinados-a-la-cubierta-de-la-escuela-tecnica","status":"publish","type":"post","link":"https:\/\/infoecos.com.ar\/index.php\/llaman-a-licitacion-para-adquirir-materiales-destinados-a-la-cubierta-de-la-escuela-tecnica\/","title":{"rendered":"Licitaci\u00f3n para adquirir materiales destinados a la cubierta de la Escuela T\u00e9cnica"},"content":{"rendered":"\n<p>La municipalidad de Trenque Lauquen convoc\u00f3 a Licitaci\u00f3n Privada n\u00ba16\/2021 para el martes 30 de marzo, a las 11 horas, para la adquisici\u00f3n de materiales de construcci\u00f3n con destino a reparaci\u00f3n de la cubierta de la Escuela de Educaci\u00f3n Secundaria T\u00e9cnica n\u00ba1 ( E.E.S.T.1) de Trenque Lauquen.<\/p>\n\n\n\n<div class=\"wp-block-image\"><figure class=\"aligncenter size-medium\"><img decoding=\"async\" src=\"http:\/\/infoecos.com.ar\/wp-content\/uploads\/12112029_873841839336901_6568931409337412929_n-460x258.jpg\" alt=\"\" class=\"wp-image-28887\"\/><figcaption>Trenque Lauquen \nENET (ARCHIVO)<\/figcaption><\/figure><\/div>\n\n\n\n<p>Las consultas sobre bases y condiciones deber\u00e1n realizarse en la oficina de Compras del Municipio, en Villegas 555, de lunes a viernes de 7 a 13hs.: tel\u00e9fono (02392) 410501\/505 \/ E-mail: <a href=\"mailto:compras@trenquelauquen.gov.ar\">compras@trenquelauquen.gov.ar<\/a>.<\/p>\n\n\n\n<p>Este llamado se suma a otro realizado d\u00edas atr\u00e1s, la Licitaci\u00f3n Privada n\u00ba15\/2021, fijada tambi\u00e9n para el martes 30 pero a las 10 de la ma\u00f1ana, para la mano de obra de la Reparaci\u00f3n de cubierta del edificio E.E.S.T. 1 (escuela y pasillo taller), con un presupuesto oficial que asciende a la suma de 4.950.000 pesos incluido el Impuesto al Valor Agregado (IVA).<\/p>\n","protected":false},"excerpt":{"rendered":"<p>Bases y condiciones en la oficina de Compras del Municipio, en Villegas 555, de lunes a viernes de 7 a 13hs.: tel\u00e9fono (02392) 410501\/505 \/ E-mail: compras@trenquelauquen.gov.ar<\/p>\n","protected":false},"author":2,"featured_media":28887,"comment_status":"closed","ping_status":"open","sticky":false,"template":"","format":"standard","meta":{"footnotes":""},"categories":[1334],"tags":[3062],"class_list":["post-76631","post","type-post","status-publish","format-standard","has-post-thumbnail","hentry","category-inferior14","tag-en-trenque-lauquen"],"yoast_head":"<!-- This site is optimized with the Yoast SEO plugin v23.4 - https:\/\/yoast.com\/wordpress\/plugins\/seo\/ -->\n<title>Licitaci\u00f3n para adquirir materiales destinados a la cubierta de la Escuela T\u00e9cnica - Infoecos<\/title>\n<meta name=\"robots\" content=\"index, follow, max-snippet:-1, max-image-preview:large, max-video-preview:-1\" \/>\n<link rel=\"canonical\" href=\"https:\/\/infoecos.com.ar\/index.php\/llaman-a-licitacion-para-adquirir-materiales-destinados-a-la-cubierta-de-la-escuela-tecnica\/\" \/>\n<meta property=\"og:locale\" content=\"es_ES\" \/>\n<meta property=\"og:type\" content=\"article\" \/>\n<meta property=\"og:title\" content=\"Licitaci\u00f3n para adquirir materiales destinados a la cubierta de la Escuela T\u00e9cnica - Infoecos\" \/>\n<meta property=\"og:description\" content=\"Bases y condiciones en la oficina de Compras del Municipio, en Villegas 555, de lunes a viernes de 7 a 13hs.: tel\u00e9fono (02392) 410501\/505 \/ E-mail: compras@trenquelauquen.gov.ar\" \/>\n<meta property=\"og:url\" content=\"https:\/\/infoecos.com.ar\/index.php\/llaman-a-licitacion-para-adquirir-materiales-destinados-a-la-cubierta-de-la-escuela-tecnica\/\" \/>\n<meta property=\"og:site_name\" content=\"Infoecos\" \/>\n<meta property=\"article:publisher\" content=\"https:\/\/www.facebook.com\/profile.php?id=100063200290284\" \/>\n<meta property=\"article:published_time\" content=\"2021-03-23T17:48:30+00:00\" \/>\n<meta property=\"article:modified_time\" content=\"2021-03-26T05:20:12+00:00\" \/>\n<meta property=\"og:image\" content=\"https:\/\/infoecos.com.ar\/wp-content\/uploads\/12112029_873841839336901_6568931409337412929_n.jpg\" \/>\n\t<meta property=\"og:image:width\" content=\"960\" \/>\n\t<meta property=\"og:image:height\" content=\"539\" \/>\n\t<meta property=\"og:image:type\" content=\"image\/jpeg\" \/>\n<meta name=\"author\" content=\"Jorge Matheus\" \/>\n<meta name=\"twitter:card\" content=\"summary_large_image\" \/>\n<meta name=\"twitter:creator\" content=\"@infoecos\" \/>\n<meta name=\"twitter:site\" content=\"@infoecos\" \/>\n<meta name=\"twitter:label1\" content=\"Escrito por\" \/>\n\t<meta name=\"twitter:data1\" content=\"Jorge Matheus\" \/>\n\t<meta name=\"twitter:label2\" content=\"Tiempo de lectura\" \/>\n\t<meta name=\"twitter:data2\" content=\"1 minuto\" \/>\n<script type=\"application\/ld+json\" class=\"yoast-schema-graph\">{\"@context\":\"https:\/\/schema.org\",\"@graph\":[{\"@type\":\"Article\",\"@id\":\"https:\/\/infoecos.com.ar\/index.php\/llaman-a-licitacion-para-adquirir-materiales-destinados-a-la-cubierta-de-la-escuela-tecnica\/#article\",\"isPartOf\":{\"@id\":\"https:\/\/infoecos.com.ar\/index.php\/llaman-a-licitacion-para-adquirir-materiales-destinados-a-la-cubierta-de-la-escuela-tecnica\/\"},\"author\":{\"name\":\"Jorge Matheus\",\"@id\":\"https:\/\/infoecos.com.ar\/#\/schema\/person\/8f5ace5ce73b4b4aac4b7245aee6f191\"},\"headline\":\"Licitaci\u00f3n para adquirir materiales destinados a la cubierta de la Escuela T\u00e9cnica\",\"datePublished\":\"2021-03-23T17:48:30+00:00\",\"dateModified\":\"2021-03-26T05:20:12+00:00\",\"mainEntityOfPage\":{\"@id\":\"https:\/\/infoecos.com.ar\/index.php\/llaman-a-licitacion-para-adquirir-materiales-destinados-a-la-cubierta-de-la-escuela-tecnica\/\"},\"wordCount\":171,\"publisher\":{\"@id\":\"https:\/\/infoecos.com.ar\/#organization\"},\"image\":{\"@id\":\"https:\/\/infoecos.com.ar\/index.php\/llaman-a-licitacion-para-adquirir-materiales-destinados-a-la-cubierta-de-la-escuela-tecnica\/#primaryimage\"},\"thumbnailUrl\":\"\",\"keywords\":[\"EN TRENQUE LAUQUEN\"],\"articleSection\":[\"Bloque inferior - 14\"],\"inLanguage\":\"es\"},{\"@type\":\"WebPage\",\"@id\":\"https:\/\/infoecos.com.ar\/index.php\/llaman-a-licitacion-para-adquirir-materiales-destinados-a-la-cubierta-de-la-escuela-tecnica\/\",\"url\":\"https:\/\/infoecos.com.ar\/index.php\/llaman-a-licitacion-para-adquirir-materiales-destinados-a-la-cubierta-de-la-escuela-tecnica\/\",\"name\":\"Licitaci\u00f3n para adquirir materiales destinados a la cubierta de la Escuela T\u00e9cnica - Infoecos\",\"isPartOf\":{\"@id\":\"https:\/\/infoecos.com.ar\/#website\"},\"primaryImageOfPage\":{\"@id\":\"https:\/\/infoecos.com.ar\/index.php\/llaman-a-licitacion-para-adquirir-materiales-destinados-a-la-cubierta-de-la-escuela-tecnica\/#primaryimage\"},\"image\":{\"@id\":\"https:\/\/infoecos.com.ar\/index.php\/llaman-a-licitacion-para-adquirir-materiales-destinados-a-la-cubierta-de-la-escuela-tecnica\/#primaryimage\"},\"thumbnailUrl\":\"\",\"datePublished\":\"2021-03-23T17:48:30+00:00\",\"dateModified\":\"2021-03-26T05:20:12+00:00\",\"breadcrumb\":{\"@id\":\"https:\/\/infoecos.com.ar\/index.php\/llaman-a-licitacion-para-adquirir-materiales-destinados-a-la-cubierta-de-la-escuela-tecnica\/#breadcrumb\"},\"inLanguage\":\"es\",\"potentialAction\":[{\"@type\":\"ReadAction\",\"target\":[\"https:\/\/infoecos.com.ar\/index.php\/llaman-a-licitacion-para-adquirir-materiales-destinados-a-la-cubierta-de-la-escuela-tecnica\/\"]}]},{\"@type\":\"ImageObject\",\"inLanguage\":\"es\",\"@id\":\"https:\/\/infoecos.com.ar\/index.php\/llaman-a-licitacion-para-adquirir-materiales-destinados-a-la-cubierta-de-la-escuela-tecnica\/#primaryimage\",\"url\":\"\",\"contentUrl\":\"\"},{\"@type\":\"BreadcrumbList\",\"@id\":\"https:\/\/infoecos.com.ar\/index.php\/llaman-a-licitacion-para-adquirir-materiales-destinados-a-la-cubierta-de-la-escuela-tecnica\/#breadcrumb\",\"itemListElement\":[{\"@type\":\"ListItem\",\"position\":1,\"name\":\"Portada\",\"item\":\"https:\/\/infoecos.com.ar\/\"},{\"@type\":\"ListItem\",\"position\":2,\"name\":\"Licitaci\u00f3n para adquirir materiales destinados a la cubierta de la Escuela T\u00e9cnica\"}]},{\"@type\":\"WebSite\",\"@id\":\"https:\/\/infoecos.com.ar\/#website\",\"url\":\"https:\/\/infoecos.com.ar\/\",\"name\":\"Infoecos\",\"description\":\"Noticias de trenque lauquen y la zona\",\"publisher\":{\"@id\":\"https:\/\/infoecos.com.ar\/#organization\"},\"alternateName\":\"Noticias\",\"potentialAction\":[{\"@type\":\"SearchAction\",\"target\":{\"@type\":\"EntryPoint\",\"urlTemplate\":\"https:\/\/infoecos.com.ar\/?s={search_term_string}\"},\"query-input\":{\"@type\":\"PropertyValueSpecification\",\"valueRequired\":true,\"valueName\":\"search_term_string\"}}],\"inLanguage\":\"es\"},{\"@type\":\"Organization\",\"@id\":\"https:\/\/infoecos.com.ar\/#organization\",\"name\":\"Infoecos\",\"alternateName\":\"Noticias\",\"url\":\"https:\/\/infoecos.com.ar\/\",\"logo\":{\"@type\":\"ImageObject\",\"inLanguage\":\"es\",\"@id\":\"https:\/\/infoecos.com.ar\/#\/schema\/logo\/image\/\",\"url\":\"https:\/\/infoecos.com.ar\/wp-content\/uploads\/2024\/03\/cropped-logo.png\",\"contentUrl\":\"https:\/\/infoecos.com.ar\/wp-content\/uploads\/2024\/03\/cropped-logo.png\",\"width\":374,\"height\":90,\"caption\":\"Infoecos\"},\"image\":{\"@id\":\"https:\/\/infoecos.com.ar\/#\/schema\/logo\/image\/\"},\"sameAs\":[\"https:\/\/www.facebook.com\/profile.php?id=100063200290284\",\"https:\/\/x.com\/infoecos\"]},{\"@type\":\"Person\",\"@id\":\"https:\/\/infoecos.com.ar\/#\/schema\/person\/8f5ace5ce73b4b4aac4b7245aee6f191\",\"name\":\"Jorge Matheus\",\"url\":\"https:\/\/infoecos.com.ar\/index.php\/author\/jomatheus\/\"}]}<\/script>\n<!-- \/ Yoast SEO plugin. -->","yoast_head_json":{"title":"Licitaci\u00f3n para adquirir materiales destinados a la cubierta de la Escuela T\u00e9cnica - Infoecos","robots":{"index":"index","follow":"follow","max-snippet":"max-snippet:-1","max-image-preview":"max-image-preview:large","max-video-preview":"max-video-preview:-1"},"canonical":"https:\/\/infoecos.com.ar\/index.php\/llaman-a-licitacion-para-adquirir-materiales-destinados-a-la-cubierta-de-la-escuela-tecnica\/","og_locale":"es_ES","og_type":"article","og_title":"Licitaci\u00f3n para adquirir materiales destinados a la cubierta de la Escuela T\u00e9cnica - Infoecos","og_description":"Bases y condiciones en la oficina de Compras del Municipio, en Villegas 555, de lunes a viernes de 7 a 13hs.: tel\u00e9fono (02392) 410501\/505 \/ E-mail: compras@trenquelauquen.gov.ar","og_url":"https:\/\/infoecos.com.ar\/index.php\/llaman-a-licitacion-para-adquirir-materiales-destinados-a-la-cubierta-de-la-escuela-tecnica\/","og_site_name":"Infoecos","article_publisher":"https:\/\/www.facebook.com\/profile.php?id=100063200290284","article_published_time":"2021-03-23T17:48:30+00:00","article_modified_time":"2021-03-26T05:20:12+00:00","og_image":[{"width":960,"height":539,"url":"https:\/\/infoecos.com.ar\/wp-content\/uploads\/12112029_873841839336901_6568931409337412929_n.jpg","type":"image\/jpeg"}],"author":"Jorge Matheus","twitter_card":"summary_large_image","twitter_creator":"@infoecos","twitter_site":"@infoecos","twitter_misc":{"Escrito por":"Jorge Matheus","Tiempo de lectura":"1 minuto"},"schema":{"@context":"https:\/\/schema.org","@graph":[{"@type":"Article","@id":"https:\/\/infoecos.com.ar\/index.php\/llaman-a-licitacion-para-adquirir-materiales-destinados-a-la-cubierta-de-la-escuela-tecnica\/#article","isPartOf":{"@id":"https:\/\/infoecos.com.ar\/index.php\/llaman-a-licitacion-para-adquirir-materiales-destinados-a-la-cubierta-de-la-escuela-tecnica\/"},"author":{"name":"Jorge Matheus","@id":"https:\/\/infoecos.com.ar\/#\/schema\/person\/8f5ace5ce73b4b4aac4b7245aee6f191"},"headline":"Licitaci\u00f3n para adquirir materiales destinados a la cubierta de la Escuela T\u00e9cnica","datePublished":"2021-03-23T17:48:30+00:00","dateModified":"2021-03-26T05:20:12+00:00","mainEntityOfPage":{"@id":"https:\/\/infoecos.com.ar\/index.php\/llaman-a-licitacion-para-adquirir-materiales-destinados-a-la-cubierta-de-la-escuela-tecnica\/"},"wordCount":171,"publisher":{"@id":"https:\/\/infoecos.com.ar\/#organization"},"image":{"@id":"https:\/\/infoecos.com.ar\/index.php\/llaman-a-licitacion-para-adquirir-materiales-destinados-a-la-cubierta-de-la-escuela-tecnica\/#primaryimage"},"thumbnailUrl":"","keywords":["EN TRENQUE LAUQUEN"],"articleSection":["Bloque inferior - 14"],"inLanguage":"es"},{"@type":"WebPage","@id":"https:\/\/infoecos.com.ar\/index.php\/llaman-a-licitacion-para-adquirir-materiales-destinados-a-la-cubierta-de-la-escuela-tecnica\/","url":"https:\/\/infoecos.com.ar\/index.php\/llaman-a-licitacion-para-adquirir-materiales-destinados-a-la-cubierta-de-la-escuela-tecnica\/","name":"Licitaci\u00f3n para adquirir materiales destinados a la cubierta de la Escuela T\u00e9cnica - Infoecos","isPartOf":{"@id":"https:\/\/infoecos.com.ar\/#website"},"primaryImageOfPage":{"@id":"https:\/\/infoecos.com.ar\/index.php\/llaman-a-licitacion-para-adquirir-materiales-destinados-a-la-cubierta-de-la-escuela-tecnica\/#primaryimage"},"image":{"@id":"https:\/\/infoecos.com.ar\/index.php\/llaman-a-licitacion-para-adquirir-materiales-destinados-a-la-cubierta-de-la-escuela-tecnica\/#primaryimage"},"thumbnailUrl":"","datePublished":"2021-03-23T17:48:30+00:00","dateModified":"2021-03-26T05:20:12+00:00","breadcrumb":{"@id":"https:\/\/infoecos.com.ar\/index.php\/llaman-a-licitacion-para-adquirir-materiales-destinados-a-la-cubierta-de-la-escuela-tecnica\/#breadcrumb"},"inLanguage":"es","potentialAction":[{"@type":"ReadAction","target":["https:\/\/infoecos.com.ar\/index.php\/llaman-a-licitacion-para-adquirir-materiales-destinados-a-la-cubierta-de-la-escuela-tecnica\/"]}]},{"@type":"ImageObject","inLanguage":"es","@id":"https:\/\/infoecos.com.ar\/index.php\/llaman-a-licitacion-para-adquirir-materiales-destinados-a-la-cubierta-de-la-escuela-tecnica\/#primaryimage","url":"","contentUrl":""},{"@type":"BreadcrumbList","@id":"https:\/\/infoecos.com.ar\/index.php\/llaman-a-licitacion-para-adquirir-materiales-destinados-a-la-cubierta-de-la-escuela-tecnica\/#breadcrumb","itemListElement":[{"@type":"ListItem","position":1,"name":"Portada","item":"https:\/\/infoecos.com.ar\/"},{"@type":"ListItem","position":2,"name":"Licitaci\u00f3n para adquirir materiales destinados a la cubierta de la Escuela T\u00e9cnica"}]},{"@type":"WebSite","@id":"https:\/\/infoecos.com.ar\/#website","url":"https:\/\/infoecos.com.ar\/","name":"Infoecos","description":"Noticias de trenque lauquen y la zona","publisher":{"@id":"https:\/\/infoecos.com.ar\/#organization"},"alternateName":"Noticias","potentialAction":[{"@type":"SearchAction","target":{"@type":"EntryPoint","urlTemplate":"https:\/\/infoecos.com.ar\/?s={search_term_string}"},"query-input":{"@type":"PropertyValueSpecification","valueRequired":true,"valueName":"search_term_string"}}],"inLanguage":"es"},{"@type":"Organization","@id":"https:\/\/infoecos.com.ar\/#organization","name":"Infoecos","alternateName":"Noticias","url":"https:\/\/infoecos.com.ar\/","logo":{"@type":"ImageObject","inLanguage":"es","@id":"https:\/\/infoecos.com.ar\/#\/schema\/logo\/image\/","url":"https:\/\/infoecos.com.ar\/wp-content\/uploads\/2024\/03\/cropped-logo.png","contentUrl":"https:\/\/infoecos.com.ar\/wp-content\/uploads\/2024\/03\/cropped-logo.png","width":374,"height":90,"caption":"Infoecos"},"image":{"@id":"https:\/\/infoecos.com.ar\/#\/schema\/logo\/image\/"},"sameAs":["https:\/\/www.facebook.com\/profile.php?id=100063200290284","https:\/\/x.com\/infoecos"]},{"@type":"Person","@id":"https:\/\/infoecos.com.ar\/#\/schema\/person\/8f5ace5ce73b4b4aac4b7245aee6f191","name":"Jorge Matheus","url":"https:\/\/infoecos.com.ar\/index.php\/author\/jomatheus\/"}]}},"featured_image_urls":{"full":"","thumbnail":"","medium":"","medium_large":"","large":"","1536x1536":"","2048x2048":"","covernews-slider-full":"","covernews-slider-center":"","covernews-featured":"","covernews-medium":"","covernews-medium-square":""},"author_info":{"info":["Jorge Matheus"]},"category_info":"<a href=\"https:\/\/infoecos.com.ar\/index.php\/category\/inferior14\/\" rel=\"category tag\">Bloque inferior - 14<\/a>","tag_info":"Bloque inferior - 14","comment_count":"0","_links":{"self":[{"href":"https:\/\/infoecos.com.ar\/index.php\/wp-json\/wp\/v2\/posts\/76631"}],"collection":[{"href":"https:\/\/infoecos.com.ar\/index.php\/wp-json\/wp\/v2\/posts"}],"about":[{"href":"https:\/\/infoecos.com.ar\/index.php\/wp-json\/wp\/v2\/types\/post"}],"author":[{"embeddable":true,"href":"https:\/\/infoecos.com.ar\/index.php\/wp-json\/wp\/v2\/users\/2"}],"replies":[{"embeddable":true,"href":"https:\/\/infoecos.com.ar\/index.php\/wp-json\/wp\/v2\/comments?post=76631"}],"version-history":[{"count":3,"href":"https:\/\/infoecos.com.ar\/index.php\/wp-json\/wp\/v2\/posts\/76631\/revisions"}],"predecessor-version":[{"id":76636,"href":"https:\/\/infoecos.com.ar\/index.php\/wp-json\/wp\/v2\/posts\/76631\/revisions\/76636"}],"wp:featuredmedia":[{"embeddable":true,"href":"https:\/\/infoecos.com.ar\/index.php\/wp-json\/"}],"wp:attachment":[{"href":"https:\/\/infoecos.com.ar\/index.php\/wp-json\/wp\/v2\/media?parent=76631"}],"wp:term":[{"taxonomy":"category","embeddable":true,"href":"https:\/\/infoecos.com.ar\/index.php\/wp-json\/wp\/v2\/categories?post=76631"},{"taxonomy":"post_tag","embeddable":true,"href":"https:\/\/infoecos.com.ar\/index.php\/wp-json\/wp\/v2\/tags?post=76631"}],"curies":[{"name":"wp","href":"https:\/\/api.w.org\/{rel}","templated":true}]}}