{"id":76661,"date":"2021-03-24T02:39:31","date_gmt":"2021-03-24T05:39:31","guid":{"rendered":"http:\/\/infoecos.com.ar\/?p=76661"},"modified":"2021-03-24T02:42:26","modified_gmt":"2021-03-24T05:42:26","slug":"el-presidente-fernandez-sobre-madres-y-abuelas-son-un-modelo-de-conducta-de-lucha-y-de-compromiso","status":"publish","type":"post","link":"https:\/\/infoecos.com.ar\/index.php\/el-presidente-fernandez-sobre-madres-y-abuelas-son-un-modelo-de-conducta-de-lucha-y-de-compromiso\/","title":{"rendered":"Fern\u00e1ndez sobre madres y abuelas \u00abson un modelo de conducta, de lucha y de compromiso\u00bb"},"content":{"rendered":"\n<p>El presidente Alberto Fern\u00e1ndez encabez\u00f3 este martes la entrega de los premios Juana Azurduy a las integrantes de Madres y Abuelas de Plaza, calific\u00f3 a esas mujeres como \u00abinmensas\u00bb, y destac\u00f3 como tarea fundamental \u00abhacer docencia\u00bb sobre la historia del golpe militar que interrumpi\u00f3 la vida democr\u00e1tica argentina el 24 de marzo de 1976.<\/p>\n\n\n\n<p>A un d\u00eda de cumplirse el 45 aniversario del inicio de la \u00faltima dictadura, el mandatario encabez\u00f3 en Casa de Gobierno el acto en el que se reconoci\u00f3 el trabajo por los derechos humanos de 40 madres, abuelas y familiares de desaparecidos.<\/p>\n\n\n\n<div class=\"wp-block-image\"><figure class=\"aligncenter size-medium\"><img loading=\"lazy\" decoding=\"async\" width=\"460\" height=\"259\" src=\"http:\/\/infoecos.com.ar\/wp-content\/uploads\/2021\/03\/fernandezconma-460x259.jpg\" alt=\"\" class=\"wp-image-76662\" srcset=\"https:\/\/infoecos.com.ar\/wp-content\/uploads\/2021\/03\/fernandezconma-460x259.jpg 460w, https:\/\/infoecos.com.ar\/wp-content\/uploads\/2021\/03\/fernandezconma-920x518.jpg 920w, https:\/\/infoecos.com.ar\/wp-content\/uploads\/2021\/03\/fernandezconma-768x432.jpg 768w, https:\/\/infoecos.com.ar\/wp-content\/uploads\/2021\/03\/fernandezconma.jpg 1004w\" sizes=\"(max-width: 460px) 100vw, 460px\" \/><\/figure><\/div>\n\n\n\n<p>\u00abGracias a Dios que existieron. Nos pusieron la vara muy alta. En el medio de la tragedia tuvieron el coraje que la sociedad no tuvo\u00bb, se\u00f1al\u00f3 Fern\u00e1ndez.<\/p>\n\n\n\n<p>El mandatario asegur\u00f3 que madres y abuelas son un \u00abmodelo de conducta, de lucha y de compromiso\u00bb y dijo que \u00absu tarea es reconocida en el mundo entero\u00bb.<\/p>\n\n\n\n<p>En ese sentido, habl\u00f3 de la necesidad de que las nuevas generaciones que han nacido despu\u00e9s del golpe de Estado de 1976 sepan que hubo un tiempo en el que \u00abla democracia no exist\u00eda\u00bb y en el que la \u00abgente pagaba con su vida el hecho de pensar\u00bb.<\/p>\n\n\n\n<figure class=\"wp-block-embed is-type-video is-provider-youtube wp-block-embed-youtube wp-embed-aspect-16-9 wp-has-aspect-ratio\"><div class=\"wp-block-embed__wrapper\">\n<iframe loading=\"lazy\" title=\"Alberto Fern\u00e1ndez homenaje\u00f3 a Abuelas y Madres de Plaza de Mayo: \u201cSon inmensas\u201d\" width=\"640\" height=\"360\" src=\"https:\/\/www.youtube.com\/embed\/GVvSL6sRP3w?start=48&#038;feature=oembed\" frameborder=\"0\" allow=\"accelerometer; autoplay; clipboard-write; encrypted-media; gyroscope; picture-in-picture; web-share\" referrerpolicy=\"strict-origin-when-cross-origin\" allowfullscreen><\/iframe>\n<\/div><\/figure>\n\n\n\n<p>\u00abHubo un tiempo en el que la sociedad le daba miedo enfrentar esa realidad. Hubo un grupo de madres que empez\u00f3 a preguntar d\u00f3nde estaban sus hijos. Un conjunto de mujeres que tuvieron el coraje que no tuvo la sociedad\u00bb, afirm\u00f3 el mandatario.<\/p>\n","protected":false},"excerpt":{"rendered":"<p>Habl\u00f3 de la necesidad de que las nuevas generaciones que han nacido despu\u00e9s del golpe de Estado del 76 sepan que hubo un tiempo en el que \u00abla democracia no exist\u00eda\u00bb y en el que la \u00abgente pagaba con su vida el hecho de pensar\u00bb<\/p>\n","protected":false},"author":2,"featured_media":76662,"comment_status":"closed","ping_status":"open","sticky":false,"template":"","format":"standard","meta":{"footnotes":""},"categories":[50],"tags":[3411],"class_list":["post-76661","post","type-post","status-publish","format-standard","has-post-thumbnail","hentry","category-c1nota4","tag-premios-juana-azurduy"],"yoast_head":"<!-- This site is optimized with the Yoast SEO plugin v23.4 - https:\/\/yoast.com\/wordpress\/plugins\/seo\/ -->\n<title>Fern\u00e1ndez sobre madres y abuelas &quot;son un modelo de conducta, de lucha y de compromiso&quot; - Infoecos<\/title>\n<meta name=\"robots\" content=\"index, follow, max-snippet:-1, max-image-preview:large, max-video-preview:-1\" \/>\n<link rel=\"canonical\" href=\"https:\/\/infoecos.com.ar\/index.php\/el-presidente-fernandez-sobre-madres-y-abuelas-son-un-modelo-de-conducta-de-lucha-y-de-compromiso\/\" \/>\n<meta property=\"og:locale\" content=\"es_ES\" \/>\n<meta property=\"og:type\" content=\"article\" \/>\n<meta property=\"og:title\" content=\"Fern\u00e1ndez sobre madres y abuelas &quot;son un modelo de conducta, de lucha y de compromiso&quot; - Infoecos\" \/>\n<meta property=\"og:description\" content=\"Habl\u00f3 de la necesidad de que las nuevas generaciones que han nacido despu\u00e9s del golpe de Estado del 76 sepan que hubo un tiempo en el que &quot;la democracia no exist\u00eda&quot; y en el que la &quot;gente pagaba con su vida el hecho de pensar&quot;\" \/>\n<meta property=\"og:url\" content=\"https:\/\/infoecos.com.ar\/index.php\/el-presidente-fernandez-sobre-madres-y-abuelas-son-un-modelo-de-conducta-de-lucha-y-de-compromiso\/\" \/>\n<meta property=\"og:site_name\" content=\"Infoecos\" \/>\n<meta property=\"article:publisher\" content=\"https:\/\/www.facebook.com\/profile.php?id=100063200290284\" \/>\n<meta property=\"article:published_time\" content=\"2021-03-24T05:39:31+00:00\" \/>\n<meta property=\"article:modified_time\" content=\"2021-03-24T05:42:26+00:00\" \/>\n<meta property=\"og:image\" content=\"https:\/\/infoecos.com.ar\/wp-content\/uploads\/2021\/03\/fernandezconma.jpg\" \/>\n\t<meta property=\"og:image:width\" content=\"1004\" \/>\n\t<meta property=\"og:image:height\" content=\"565\" \/>\n\t<meta property=\"og:image:type\" content=\"image\/jpeg\" \/>\n<meta name=\"author\" content=\"Jorge Matheus\" \/>\n<meta name=\"twitter:card\" content=\"summary_large_image\" \/>\n<meta name=\"twitter:creator\" content=\"@infoecos\" \/>\n<meta name=\"twitter:site\" content=\"@infoecos\" \/>\n<meta name=\"twitter:label1\" content=\"Escrito por\" \/>\n\t<meta name=\"twitter:data1\" content=\"Jorge Matheus\" \/>\n\t<meta name=\"twitter:label2\" content=\"Tiempo de lectura\" \/>\n\t<meta name=\"twitter:data2\" content=\"1 minuto\" \/>\n<script type=\"application\/ld+json\" class=\"yoast-schema-graph\">{\"@context\":\"https:\/\/schema.org\",\"@graph\":[{\"@type\":\"Article\",\"@id\":\"https:\/\/infoecos.com.ar\/index.php\/el-presidente-fernandez-sobre-madres-y-abuelas-son-un-modelo-de-conducta-de-lucha-y-de-compromiso\/#article\",\"isPartOf\":{\"@id\":\"https:\/\/infoecos.com.ar\/index.php\/el-presidente-fernandez-sobre-madres-y-abuelas-son-un-modelo-de-conducta-de-lucha-y-de-compromiso\/\"},\"author\":{\"name\":\"Jorge Matheus\",\"@id\":\"https:\/\/infoecos.com.ar\/#\/schema\/person\/8f5ace5ce73b4b4aac4b7245aee6f191\"},\"headline\":\"Fern\u00e1ndez sobre madres y abuelas \u00abson un modelo de conducta, de lucha y de compromiso\u00bb\",\"datePublished\":\"2021-03-24T05:39:31+00:00\",\"dateModified\":\"2021-03-24T05:42:26+00:00\",\"mainEntityOfPage\":{\"@id\":\"https:\/\/infoecos.com.ar\/index.php\/el-presidente-fernandez-sobre-madres-y-abuelas-son-un-modelo-de-conducta-de-lucha-y-de-compromiso\/\"},\"wordCount\":280,\"publisher\":{\"@id\":\"https:\/\/infoecos.com.ar\/#organization\"},\"image\":{\"@id\":\"https:\/\/infoecos.com.ar\/index.php\/el-presidente-fernandez-sobre-madres-y-abuelas-son-un-modelo-de-conducta-de-lucha-y-de-compromiso\/#primaryimage\"},\"thumbnailUrl\":\"https:\/\/infoecos.com.ar\/wp-content\/uploads\/2021\/03\/fernandezconma.jpg\",\"keywords\":[\"PREMIOS JUANA AZURDUY\"],\"articleSection\":[\"C1 N4\"],\"inLanguage\":\"es\"},{\"@type\":\"WebPage\",\"@id\":\"https:\/\/infoecos.com.ar\/index.php\/el-presidente-fernandez-sobre-madres-y-abuelas-son-un-modelo-de-conducta-de-lucha-y-de-compromiso\/\",\"url\":\"https:\/\/infoecos.com.ar\/index.php\/el-presidente-fernandez-sobre-madres-y-abuelas-son-un-modelo-de-conducta-de-lucha-y-de-compromiso\/\",\"name\":\"Fern\u00e1ndez sobre madres y abuelas \\\"son un modelo de conducta, de lucha y de compromiso\\\" - Infoecos\",\"isPartOf\":{\"@id\":\"https:\/\/infoecos.com.ar\/#website\"},\"primaryImageOfPage\":{\"@id\":\"https:\/\/infoecos.com.ar\/index.php\/el-presidente-fernandez-sobre-madres-y-abuelas-son-un-modelo-de-conducta-de-lucha-y-de-compromiso\/#primaryimage\"},\"image\":{\"@id\":\"https:\/\/infoecos.com.ar\/index.php\/el-presidente-fernandez-sobre-madres-y-abuelas-son-un-modelo-de-conducta-de-lucha-y-de-compromiso\/#primaryimage\"},\"thumbnailUrl\":\"https:\/\/infoecos.com.ar\/wp-content\/uploads\/2021\/03\/fernandezconma.jpg\",\"datePublished\":\"2021-03-24T05:39:31+00:00\",\"dateModified\":\"2021-03-24T05:42:26+00:00\",\"breadcrumb\":{\"@id\":\"https:\/\/infoecos.com.ar\/index.php\/el-presidente-fernandez-sobre-madres-y-abuelas-son-un-modelo-de-conducta-de-lucha-y-de-compromiso\/#breadcrumb\"},\"inLanguage\":\"es\",\"potentialAction\":[{\"@type\":\"ReadAction\",\"target\":[\"https:\/\/infoecos.com.ar\/index.php\/el-presidente-fernandez-sobre-madres-y-abuelas-son-un-modelo-de-conducta-de-lucha-y-de-compromiso\/\"]}]},{\"@type\":\"ImageObject\",\"inLanguage\":\"es\",\"@id\":\"https:\/\/infoecos.com.ar\/index.php\/el-presidente-fernandez-sobre-madres-y-abuelas-son-un-modelo-de-conducta-de-lucha-y-de-compromiso\/#primaryimage\",\"url\":\"https:\/\/infoecos.com.ar\/wp-content\/uploads\/2021\/03\/fernandezconma.jpg\",\"contentUrl\":\"https:\/\/infoecos.com.ar\/wp-content\/uploads\/2021\/03\/fernandezconma.jpg\",\"width\":1004,\"height\":565},{\"@type\":\"BreadcrumbList\",\"@id\":\"https:\/\/infoecos.com.ar\/index.php\/el-presidente-fernandez-sobre-madres-y-abuelas-son-un-modelo-de-conducta-de-lucha-y-de-compromiso\/#breadcrumb\",\"itemListElement\":[{\"@type\":\"ListItem\",\"position\":1,\"name\":\"Portada\",\"item\":\"https:\/\/infoecos.com.ar\/\"},{\"@type\":\"ListItem\",\"position\":2,\"name\":\"Fern\u00e1ndez sobre madres y abuelas \u00abson un modelo de conducta, de lucha y de compromiso\u00bb\"}]},{\"@type\":\"WebSite\",\"@id\":\"https:\/\/infoecos.com.ar\/#website\",\"url\":\"https:\/\/infoecos.com.ar\/\",\"name\":\"Infoecos\",\"description\":\"Noticias de trenque lauquen y la zona\",\"publisher\":{\"@id\":\"https:\/\/infoecos.com.ar\/#organization\"},\"alternateName\":\"Noticias\",\"potentialAction\":[{\"@type\":\"SearchAction\",\"target\":{\"@type\":\"EntryPoint\",\"urlTemplate\":\"https:\/\/infoecos.com.ar\/?s={search_term_string}\"},\"query-input\":{\"@type\":\"PropertyValueSpecification\",\"valueRequired\":true,\"valueName\":\"search_term_string\"}}],\"inLanguage\":\"es\"},{\"@type\":\"Organization\",\"@id\":\"https:\/\/infoecos.com.ar\/#organization\",\"name\":\"Infoecos\",\"alternateName\":\"Noticias\",\"url\":\"https:\/\/infoecos.com.ar\/\",\"logo\":{\"@type\":\"ImageObject\",\"inLanguage\":\"es\",\"@id\":\"https:\/\/infoecos.com.ar\/#\/schema\/logo\/image\/\",\"url\":\"https:\/\/infoecos.com.ar\/wp-content\/uploads\/2024\/03\/cropped-logo.png\",\"contentUrl\":\"https:\/\/infoecos.com.ar\/wp-content\/uploads\/2024\/03\/cropped-logo.png\",\"width\":374,\"height\":90,\"caption\":\"Infoecos\"},\"image\":{\"@id\":\"https:\/\/infoecos.com.ar\/#\/schema\/logo\/image\/\"},\"sameAs\":[\"https:\/\/www.facebook.com\/profile.php?id=100063200290284\",\"https:\/\/x.com\/infoecos\"]},{\"@type\":\"Person\",\"@id\":\"https:\/\/infoecos.com.ar\/#\/schema\/person\/8f5ace5ce73b4b4aac4b7245aee6f191\",\"name\":\"Jorge Matheus\",\"url\":\"https:\/\/infoecos.com.ar\/index.php\/author\/jomatheus\/\"}]}<\/script>\n<!-- \/ Yoast SEO plugin. -->","yoast_head_json":{"title":"Fern\u00e1ndez sobre madres y abuelas \"son un modelo de conducta, de lucha y de compromiso\" - Infoecos","robots":{"index":"index","follow":"follow","max-snippet":"max-snippet:-1","max-image-preview":"max-image-preview:large","max-video-preview":"max-video-preview:-1"},"canonical":"https:\/\/infoecos.com.ar\/index.php\/el-presidente-fernandez-sobre-madres-y-abuelas-son-un-modelo-de-conducta-de-lucha-y-de-compromiso\/","og_locale":"es_ES","og_type":"article","og_title":"Fern\u00e1ndez sobre madres y abuelas \"son un modelo de conducta, de lucha y de compromiso\" - Infoecos","og_description":"Habl\u00f3 de la necesidad de que las nuevas generaciones que han nacido despu\u00e9s del golpe de Estado del 76 sepan que hubo un tiempo en el que \"la democracia no exist\u00eda\" y en el que la \"gente pagaba con su vida el hecho de pensar\"","og_url":"https:\/\/infoecos.com.ar\/index.php\/el-presidente-fernandez-sobre-madres-y-abuelas-son-un-modelo-de-conducta-de-lucha-y-de-compromiso\/","og_site_name":"Infoecos","article_publisher":"https:\/\/www.facebook.com\/profile.php?id=100063200290284","article_published_time":"2021-03-24T05:39:31+00:00","article_modified_time":"2021-03-24T05:42:26+00:00","og_image":[{"width":1004,"height":565,"url":"https:\/\/infoecos.com.ar\/wp-content\/uploads\/2021\/03\/fernandezconma.jpg","type":"image\/jpeg"}],"author":"Jorge Matheus","twitter_card":"summary_large_image","twitter_creator":"@infoecos","twitter_site":"@infoecos","twitter_misc":{"Escrito por":"Jorge Matheus","Tiempo de lectura":"1 minuto"},"schema":{"@context":"https:\/\/schema.org","@graph":[{"@type":"Article","@id":"https:\/\/infoecos.com.ar\/index.php\/el-presidente-fernandez-sobre-madres-y-abuelas-son-un-modelo-de-conducta-de-lucha-y-de-compromiso\/#article","isPartOf":{"@id":"https:\/\/infoecos.com.ar\/index.php\/el-presidente-fernandez-sobre-madres-y-abuelas-son-un-modelo-de-conducta-de-lucha-y-de-compromiso\/"},"author":{"name":"Jorge Matheus","@id":"https:\/\/infoecos.com.ar\/#\/schema\/person\/8f5ace5ce73b4b4aac4b7245aee6f191"},"headline":"Fern\u00e1ndez sobre madres y abuelas \u00abson un modelo de conducta, de lucha y de compromiso\u00bb","datePublished":"2021-03-24T05:39:31+00:00","dateModified":"2021-03-24T05:42:26+00:00","mainEntityOfPage":{"@id":"https:\/\/infoecos.com.ar\/index.php\/el-presidente-fernandez-sobre-madres-y-abuelas-son-un-modelo-de-conducta-de-lucha-y-de-compromiso\/"},"wordCount":280,"publisher":{"@id":"https:\/\/infoecos.com.ar\/#organization"},"image":{"@id":"https:\/\/infoecos.com.ar\/index.php\/el-presidente-fernandez-sobre-madres-y-abuelas-son-un-modelo-de-conducta-de-lucha-y-de-compromiso\/#primaryimage"},"thumbnailUrl":"https:\/\/infoecos.com.ar\/wp-content\/uploads\/2021\/03\/fernandezconma.jpg","keywords":["PREMIOS JUANA AZURDUY"],"articleSection":["C1 N4"],"inLanguage":"es"},{"@type":"WebPage","@id":"https:\/\/infoecos.com.ar\/index.php\/el-presidente-fernandez-sobre-madres-y-abuelas-son-un-modelo-de-conducta-de-lucha-y-de-compromiso\/","url":"https:\/\/infoecos.com.ar\/index.php\/el-presidente-fernandez-sobre-madres-y-abuelas-son-un-modelo-de-conducta-de-lucha-y-de-compromiso\/","name":"Fern\u00e1ndez sobre madres y abuelas \"son un modelo de conducta, de lucha y de compromiso\" - Infoecos","isPartOf":{"@id":"https:\/\/infoecos.com.ar\/#website"},"primaryImageOfPage":{"@id":"https:\/\/infoecos.com.ar\/index.php\/el-presidente-fernandez-sobre-madres-y-abuelas-son-un-modelo-de-conducta-de-lucha-y-de-compromiso\/#primaryimage"},"image":{"@id":"https:\/\/infoecos.com.ar\/index.php\/el-presidente-fernandez-sobre-madres-y-abuelas-son-un-modelo-de-conducta-de-lucha-y-de-compromiso\/#primaryimage"},"thumbnailUrl":"https:\/\/infoecos.com.ar\/wp-content\/uploads\/2021\/03\/fernandezconma.jpg","datePublished":"2021-03-24T05:39:31+00:00","dateModified":"2021-03-24T05:42:26+00:00","breadcrumb":{"@id":"https:\/\/infoecos.com.ar\/index.php\/el-presidente-fernandez-sobre-madres-y-abuelas-son-un-modelo-de-conducta-de-lucha-y-de-compromiso\/#breadcrumb"},"inLanguage":"es","potentialAction":[{"@type":"ReadAction","target":["https:\/\/infoecos.com.ar\/index.php\/el-presidente-fernandez-sobre-madres-y-abuelas-son-un-modelo-de-conducta-de-lucha-y-de-compromiso\/"]}]},{"@type":"ImageObject","inLanguage":"es","@id":"https:\/\/infoecos.com.ar\/index.php\/el-presidente-fernandez-sobre-madres-y-abuelas-son-un-modelo-de-conducta-de-lucha-y-de-compromiso\/#primaryimage","url":"https:\/\/infoecos.com.ar\/wp-content\/uploads\/2021\/03\/fernandezconma.jpg","contentUrl":"https:\/\/infoecos.com.ar\/wp-content\/uploads\/2021\/03\/fernandezconma.jpg","width":1004,"height":565},{"@type":"BreadcrumbList","@id":"https:\/\/infoecos.com.ar\/index.php\/el-presidente-fernandez-sobre-madres-y-abuelas-son-un-modelo-de-conducta-de-lucha-y-de-compromiso\/#breadcrumb","itemListElement":[{"@type":"ListItem","position":1,"name":"Portada","item":"https:\/\/infoecos.com.ar\/"},{"@type":"ListItem","position":2,"name":"Fern\u00e1ndez sobre madres y abuelas \u00abson un modelo de conducta, de lucha y de compromiso\u00bb"}]},{"@type":"WebSite","@id":"https:\/\/infoecos.com.ar\/#website","url":"https:\/\/infoecos.com.ar\/","name":"Infoecos","description":"Noticias de trenque lauquen y la zona","publisher":{"@id":"https:\/\/infoecos.com.ar\/#organization"},"alternateName":"Noticias","potentialAction":[{"@type":"SearchAction","target":{"@type":"EntryPoint","urlTemplate":"https:\/\/infoecos.com.ar\/?s={search_term_string}"},"query-input":{"@type":"PropertyValueSpecification","valueRequired":true,"valueName":"search_term_string"}}],"inLanguage":"es"},{"@type":"Organization","@id":"https:\/\/infoecos.com.ar\/#organization","name":"Infoecos","alternateName":"Noticias","url":"https:\/\/infoecos.com.ar\/","logo":{"@type":"ImageObject","inLanguage":"es","@id":"https:\/\/infoecos.com.ar\/#\/schema\/logo\/image\/","url":"https:\/\/infoecos.com.ar\/wp-content\/uploads\/2024\/03\/cropped-logo.png","contentUrl":"https:\/\/infoecos.com.ar\/wp-content\/uploads\/2024\/03\/cropped-logo.png","width":374,"height":90,"caption":"Infoecos"},"image":{"@id":"https:\/\/infoecos.com.ar\/#\/schema\/logo\/image\/"},"sameAs":["https:\/\/www.facebook.com\/profile.php?id=100063200290284","https:\/\/x.com\/infoecos"]},{"@type":"Person","@id":"https:\/\/infoecos.com.ar\/#\/schema\/person\/8f5ace5ce73b4b4aac4b7245aee6f191","name":"Jorge Matheus","url":"https:\/\/infoecos.com.ar\/index.php\/author\/jomatheus\/"}]}},"featured_image_urls":{"full":["https:\/\/infoecos.com.ar\/wp-content\/uploads\/2021\/03\/fernandezconma.jpg",1004,565,false],"thumbnail":["https:\/\/infoecos.com.ar\/wp-content\/uploads\/2021\/03\/fernandezconma-150x150.jpg",150,150,true],"medium":["https:\/\/infoecos.com.ar\/wp-content\/uploads\/2021\/03\/fernandezconma-460x259.jpg",460,259,true],"medium_large":["https:\/\/infoecos.com.ar\/wp-content\/uploads\/2021\/03\/fernandezconma-768x432.jpg",640,360,true],"large":["https:\/\/infoecos.com.ar\/wp-content\/uploads\/2021\/03\/fernandezconma-920x518.jpg",640,360,true],"1536x1536":["https:\/\/infoecos.com.ar\/wp-content\/uploads\/2021\/03\/fernandezconma.jpg",1004,565,false],"2048x2048":["https:\/\/infoecos.com.ar\/wp-content\/uploads\/2021\/03\/fernandezconma.jpg",1004,565,false],"covernews-slider-full":["https:\/\/infoecos.com.ar\/wp-content\/uploads\/2021\/03\/fernandezconma.jpg",1004,565,false],"covernews-slider-center":["https:\/\/infoecos.com.ar\/wp-content\/uploads\/2021\/03\/fernandezconma-936x565.jpg",800,483,true],"covernews-featured":["https:\/\/infoecos.com.ar\/wp-content\/uploads\/2021\/03\/fernandezconma.jpg",1004,565,false],"covernews-medium":["https:\/\/infoecos.com.ar\/wp-content\/uploads\/2021\/03\/fernandezconma-720x380.jpg",540,285,true],"covernews-medium-square":["https:\/\/infoecos.com.ar\/wp-content\/uploads\/2021\/03\/fernandezconma-675x450.jpg",375,250,true]},"author_info":{"info":["Jorge Matheus"]},"category_info":"<a href=\"https:\/\/infoecos.com.ar\/index.php\/category\/c1nota4\/\" rel=\"category tag\">C1 N4<\/a>","tag_info":"C1 N4","comment_count":"0","_links":{"self":[{"href":"https:\/\/infoecos.com.ar\/index.php\/wp-json\/wp\/v2\/posts\/76661"}],"collection":[{"href":"https:\/\/infoecos.com.ar\/index.php\/wp-json\/wp\/v2\/posts"}],"about":[{"href":"https:\/\/infoecos.com.ar\/index.php\/wp-json\/wp\/v2\/types\/post"}],"author":[{"embeddable":true,"href":"https:\/\/infoecos.com.ar\/index.php\/wp-json\/wp\/v2\/users\/2"}],"replies":[{"embeddable":true,"href":"https:\/\/infoecos.com.ar\/index.php\/wp-json\/wp\/v2\/comments?post=76661"}],"version-history":[{"count":4,"href":"https:\/\/infoecos.com.ar\/index.php\/wp-json\/wp\/v2\/posts\/76661\/revisions"}],"predecessor-version":[{"id":76666,"href":"https:\/\/infoecos.com.ar\/index.php\/wp-json\/wp\/v2\/posts\/76661\/revisions\/76666"}],"wp:featuredmedia":[{"embeddable":true,"href":"https:\/\/infoecos.com.ar\/index.php\/wp-json\/wp\/v2\/media\/76662"}],"wp:attachment":[{"href":"https:\/\/infoecos.com.ar\/index.php\/wp-json\/wp\/v2\/media?parent=76661"}],"wp:term":[{"taxonomy":"category","embeddable":true,"href":"https:\/\/infoecos.com.ar\/index.php\/wp-json\/wp\/v2\/categories?post=76661"},{"taxonomy":"post_tag","embeddable":true,"href":"https:\/\/infoecos.com.ar\/index.php\/wp-json\/wp\/v2\/tags?post=76661"}],"curies":[{"name":"wp","href":"https:\/\/api.w.org\/{rel}","templated":true}]}}