{"id":76797,"date":"2021-03-25T00:49:15","date_gmt":"2021-03-25T03:49:15","guid":{"rendered":"http:\/\/infoecos.com.ar\/?p=76797"},"modified":"2021-03-26T02:12:18","modified_gmt":"2021-03-26T05:12:18","slug":"vuelven-a-la-presencialidad-actividades-en-la-escuela-municipal-de-trenque-lauquen","status":"publish","type":"post","link":"https:\/\/infoecos.com.ar\/index.php\/vuelven-a-la-presencialidad-actividades-en-la-escuela-municipal-de-trenque-lauquen\/","title":{"rendered":"Vuelven a la presencialidad actividades en la Escuela Municipal de Trenque Lauquen"},"content":{"rendered":"\n<p>La Escuela Municipal de M\u00fasica, la Escuela de Cer\u00e1mica, Vitraux y Mosaiquismo y los talleres art\u00edsticos que dependen de la direcci\u00f3n de Cultura de Trenque Lauquen vuelven a la presencialidad, en algunos casos desde esta semana y en otros, los primeros d\u00edas de abril, respetando todos los protocolos de bioseguridad como exige la pandemia de Covid-19.<\/p>\n\n\n\n<div class=\"wp-block-image\"><figure class=\"aligncenter size-medium\"><img decoding=\"async\" src=\"http:\/\/infoecos.com.ar\/wp-content\/uploads\/12004790_935441149849178_1280558073029603592_n-460x273.jpg\" alt=\"\" class=\"wp-image-20049\"\/><figcaption>Trenque Lauquen &#8211; Escuela Municipal de M\u00fasica<\/figcaption><\/figure><\/div>\n\n\n\n<p><strong>\u201cLo que estamos iniciando en estos d\u00edas es la presencialidad que estuvo ausente durante todo el a\u00f1o 2020 con motivo de la pandemia de Covid-19\u201d<\/strong>, dijo la directora de Cultura del Municipio, Mar\u00eda Elena Bocca.<\/p>\n\n\n\n<p>La funcionaria inform\u00f3 que esta semana <strong>\u201calgunos talleres arrancan con la presencialidad y en otros estamos organizando el listado de los inscriptos, que ha sido muy bueno, para que los talleristas se pongan en contacto con los inscriptos para ajustar los detalles para la vuelta al aula\u201d<\/strong>.<\/p>\n\n\n\n<p>Acerca de la Escuela de M\u00fasica, Bocca coment\u00f3 que<strong> \u201cvamos retomar la actividad en 41 talleres, y de algunos de los org\u00e1nicos como la orquesta y los coros de acuerdo a c\u00f3mo podamos organizarnos por la cantidad de gente que podemos aceptar teniendo en cuenta los espacios\u201d<\/strong>.<\/p>\n\n\n\n<p>Al respecto Bocca inform\u00f3 que \u201cla Escuela ha tenido una enorme inscripci\u00f3n este a\u00f1o: son 762 las personas que van a realizar alguna actividad en este espacio, sea de canto o de aprendizaje de alg\u00fan instrumento\u201d.<\/p>\n","protected":false},"excerpt":{"rendered":"<p>\u201cLo que estamos iniciando en estos d\u00edas es la presencialidad que estuvo ausente durante todo el a\u00f1o 2020 con motivo de la pandemia de Covid-19\u201d, dijo la directora de Cultura del Municipio<\/p>\n","protected":false},"author":2,"featured_media":20049,"comment_status":"closed","ping_status":"open","sticky":false,"template":"","format":"standard","meta":{"footnotes":""},"categories":[43],"tags":[3424],"class_list":["post-76797","post","type-post","status-publish","format-standard","has-post-thumbnail","hentry","category-inferior4","tag-algunas-esta-semana-y-otras-en-abril"],"yoast_head":"<!-- This site is optimized with the Yoast SEO plugin v23.4 - https:\/\/yoast.com\/wordpress\/plugins\/seo\/ -->\n<title>Vuelven a la presencialidad actividades en la Escuela Municipal de Trenque Lauquen - Infoecos<\/title>\n<meta name=\"robots\" content=\"index, follow, max-snippet:-1, max-image-preview:large, max-video-preview:-1\" \/>\n<link rel=\"canonical\" href=\"https:\/\/infoecos.com.ar\/index.php\/vuelven-a-la-presencialidad-actividades-en-la-escuela-municipal-de-trenque-lauquen\/\" \/>\n<meta property=\"og:locale\" content=\"es_ES\" \/>\n<meta property=\"og:type\" content=\"article\" \/>\n<meta property=\"og:title\" content=\"Vuelven a la presencialidad actividades en la Escuela Municipal de Trenque Lauquen - Infoecos\" \/>\n<meta property=\"og:description\" content=\"\u201cLo que estamos iniciando en estos d\u00edas es la presencialidad que estuvo ausente durante todo el a\u00f1o 2020 con motivo de la pandemia de Covid-19\u201d, dijo la directora de Cultura del Municipio\" \/>\n<meta property=\"og:url\" content=\"https:\/\/infoecos.com.ar\/index.php\/vuelven-a-la-presencialidad-actividades-en-la-escuela-municipal-de-trenque-lauquen\/\" \/>\n<meta property=\"og:site_name\" content=\"Infoecos\" \/>\n<meta property=\"article:publisher\" content=\"https:\/\/www.facebook.com\/profile.php?id=100063200290284\" \/>\n<meta property=\"article:published_time\" content=\"2021-03-25T03:49:15+00:00\" \/>\n<meta property=\"article:modified_time\" content=\"2021-03-26T05:12:18+00:00\" \/>\n<meta property=\"og:image\" content=\"https:\/\/infoecos.com.ar\/wp-content\/uploads\/12004790_935441149849178_1280558073029603592_n.jpg\" \/>\n\t<meta property=\"og:image:width\" content=\"960\" \/>\n\t<meta property=\"og:image:height\" content=\"570\" \/>\n\t<meta property=\"og:image:type\" content=\"image\/jpeg\" \/>\n<meta name=\"author\" content=\"Jorge Matheus\" \/>\n<meta name=\"twitter:card\" content=\"summary_large_image\" \/>\n<meta name=\"twitter:creator\" content=\"@infoecos\" \/>\n<meta name=\"twitter:site\" content=\"@infoecos\" \/>\n<meta name=\"twitter:label1\" content=\"Escrito por\" \/>\n\t<meta name=\"twitter:data1\" content=\"Jorge Matheus\" \/>\n\t<meta name=\"twitter:label2\" content=\"Tiempo de lectura\" \/>\n\t<meta name=\"twitter:data2\" content=\"1 minuto\" \/>\n<script type=\"application\/ld+json\" class=\"yoast-schema-graph\">{\"@context\":\"https:\/\/schema.org\",\"@graph\":[{\"@type\":\"Article\",\"@id\":\"https:\/\/infoecos.com.ar\/index.php\/vuelven-a-la-presencialidad-actividades-en-la-escuela-municipal-de-trenque-lauquen\/#article\",\"isPartOf\":{\"@id\":\"https:\/\/infoecos.com.ar\/index.php\/vuelven-a-la-presencialidad-actividades-en-la-escuela-municipal-de-trenque-lauquen\/\"},\"author\":{\"name\":\"Jorge Matheus\",\"@id\":\"https:\/\/infoecos.com.ar\/#\/schema\/person\/8f5ace5ce73b4b4aac4b7245aee6f191\"},\"headline\":\"Vuelven a la presencialidad actividades en la Escuela Municipal de Trenque Lauquen\",\"datePublished\":\"2021-03-25T03:49:15+00:00\",\"dateModified\":\"2021-03-26T05:12:18+00:00\",\"mainEntityOfPage\":{\"@id\":\"https:\/\/infoecos.com.ar\/index.php\/vuelven-a-la-presencialidad-actividades-en-la-escuela-municipal-de-trenque-lauquen\/\"},\"wordCount\":252,\"publisher\":{\"@id\":\"https:\/\/infoecos.com.ar\/#organization\"},\"image\":{\"@id\":\"https:\/\/infoecos.com.ar\/index.php\/vuelven-a-la-presencialidad-actividades-en-la-escuela-municipal-de-trenque-lauquen\/#primaryimage\"},\"thumbnailUrl\":\"\",\"keywords\":[\"algunas esta semana y otras en abril\"],\"articleSection\":[\"Bloque inferior - 4\"],\"inLanguage\":\"es\"},{\"@type\":\"WebPage\",\"@id\":\"https:\/\/infoecos.com.ar\/index.php\/vuelven-a-la-presencialidad-actividades-en-la-escuela-municipal-de-trenque-lauquen\/\",\"url\":\"https:\/\/infoecos.com.ar\/index.php\/vuelven-a-la-presencialidad-actividades-en-la-escuela-municipal-de-trenque-lauquen\/\",\"name\":\"Vuelven a la presencialidad actividades en la Escuela Municipal de Trenque Lauquen - Infoecos\",\"isPartOf\":{\"@id\":\"https:\/\/infoecos.com.ar\/#website\"},\"primaryImageOfPage\":{\"@id\":\"https:\/\/infoecos.com.ar\/index.php\/vuelven-a-la-presencialidad-actividades-en-la-escuela-municipal-de-trenque-lauquen\/#primaryimage\"},\"image\":{\"@id\":\"https:\/\/infoecos.com.ar\/index.php\/vuelven-a-la-presencialidad-actividades-en-la-escuela-municipal-de-trenque-lauquen\/#primaryimage\"},\"thumbnailUrl\":\"\",\"datePublished\":\"2021-03-25T03:49:15+00:00\",\"dateModified\":\"2021-03-26T05:12:18+00:00\",\"breadcrumb\":{\"@id\":\"https:\/\/infoecos.com.ar\/index.php\/vuelven-a-la-presencialidad-actividades-en-la-escuela-municipal-de-trenque-lauquen\/#breadcrumb\"},\"inLanguage\":\"es\",\"potentialAction\":[{\"@type\":\"ReadAction\",\"target\":[\"https:\/\/infoecos.com.ar\/index.php\/vuelven-a-la-presencialidad-actividades-en-la-escuela-municipal-de-trenque-lauquen\/\"]}]},{\"@type\":\"ImageObject\",\"inLanguage\":\"es\",\"@id\":\"https:\/\/infoecos.com.ar\/index.php\/vuelven-a-la-presencialidad-actividades-en-la-escuela-municipal-de-trenque-lauquen\/#primaryimage\",\"url\":\"\",\"contentUrl\":\"\"},{\"@type\":\"BreadcrumbList\",\"@id\":\"https:\/\/infoecos.com.ar\/index.php\/vuelven-a-la-presencialidad-actividades-en-la-escuela-municipal-de-trenque-lauquen\/#breadcrumb\",\"itemListElement\":[{\"@type\":\"ListItem\",\"position\":1,\"name\":\"Portada\",\"item\":\"https:\/\/infoecos.com.ar\/\"},{\"@type\":\"ListItem\",\"position\":2,\"name\":\"Vuelven a la presencialidad actividades en la Escuela Municipal de Trenque Lauquen\"}]},{\"@type\":\"WebSite\",\"@id\":\"https:\/\/infoecos.com.ar\/#website\",\"url\":\"https:\/\/infoecos.com.ar\/\",\"name\":\"Infoecos\",\"description\":\"Noticias de trenque lauquen y la zona\",\"publisher\":{\"@id\":\"https:\/\/infoecos.com.ar\/#organization\"},\"alternateName\":\"Noticias\",\"potentialAction\":[{\"@type\":\"SearchAction\",\"target\":{\"@type\":\"EntryPoint\",\"urlTemplate\":\"https:\/\/infoecos.com.ar\/?s={search_term_string}\"},\"query-input\":{\"@type\":\"PropertyValueSpecification\",\"valueRequired\":true,\"valueName\":\"search_term_string\"}}],\"inLanguage\":\"es\"},{\"@type\":\"Organization\",\"@id\":\"https:\/\/infoecos.com.ar\/#organization\",\"name\":\"Infoecos\",\"alternateName\":\"Noticias\",\"url\":\"https:\/\/infoecos.com.ar\/\",\"logo\":{\"@type\":\"ImageObject\",\"inLanguage\":\"es\",\"@id\":\"https:\/\/infoecos.com.ar\/#\/schema\/logo\/image\/\",\"url\":\"https:\/\/infoecos.com.ar\/wp-content\/uploads\/2024\/03\/cropped-logo.png\",\"contentUrl\":\"https:\/\/infoecos.com.ar\/wp-content\/uploads\/2024\/03\/cropped-logo.png\",\"width\":374,\"height\":90,\"caption\":\"Infoecos\"},\"image\":{\"@id\":\"https:\/\/infoecos.com.ar\/#\/schema\/logo\/image\/\"},\"sameAs\":[\"https:\/\/www.facebook.com\/profile.php?id=100063200290284\",\"https:\/\/x.com\/infoecos\"]},{\"@type\":\"Person\",\"@id\":\"https:\/\/infoecos.com.ar\/#\/schema\/person\/8f5ace5ce73b4b4aac4b7245aee6f191\",\"name\":\"Jorge Matheus\",\"url\":\"https:\/\/infoecos.com.ar\/index.php\/author\/jomatheus\/\"}]}<\/script>\n<!-- \/ Yoast SEO plugin. -->","yoast_head_json":{"title":"Vuelven a la presencialidad actividades en la Escuela Municipal de Trenque Lauquen - Infoecos","robots":{"index":"index","follow":"follow","max-snippet":"max-snippet:-1","max-image-preview":"max-image-preview:large","max-video-preview":"max-video-preview:-1"},"canonical":"https:\/\/infoecos.com.ar\/index.php\/vuelven-a-la-presencialidad-actividades-en-la-escuela-municipal-de-trenque-lauquen\/","og_locale":"es_ES","og_type":"article","og_title":"Vuelven a la presencialidad actividades en la Escuela Municipal de Trenque Lauquen - Infoecos","og_description":"\u201cLo que estamos iniciando en estos d\u00edas es la presencialidad que estuvo ausente durante todo el a\u00f1o 2020 con motivo de la pandemia de Covid-19\u201d, dijo la directora de Cultura del Municipio","og_url":"https:\/\/infoecos.com.ar\/index.php\/vuelven-a-la-presencialidad-actividades-en-la-escuela-municipal-de-trenque-lauquen\/","og_site_name":"Infoecos","article_publisher":"https:\/\/www.facebook.com\/profile.php?id=100063200290284","article_published_time":"2021-03-25T03:49:15+00:00","article_modified_time":"2021-03-26T05:12:18+00:00","og_image":[{"width":960,"height":570,"url":"https:\/\/infoecos.com.ar\/wp-content\/uploads\/12004790_935441149849178_1280558073029603592_n.jpg","type":"image\/jpeg"}],"author":"Jorge Matheus","twitter_card":"summary_large_image","twitter_creator":"@infoecos","twitter_site":"@infoecos","twitter_misc":{"Escrito por":"Jorge Matheus","Tiempo de lectura":"1 minuto"},"schema":{"@context":"https:\/\/schema.org","@graph":[{"@type":"Article","@id":"https:\/\/infoecos.com.ar\/index.php\/vuelven-a-la-presencialidad-actividades-en-la-escuela-municipal-de-trenque-lauquen\/#article","isPartOf":{"@id":"https:\/\/infoecos.com.ar\/index.php\/vuelven-a-la-presencialidad-actividades-en-la-escuela-municipal-de-trenque-lauquen\/"},"author":{"name":"Jorge Matheus","@id":"https:\/\/infoecos.com.ar\/#\/schema\/person\/8f5ace5ce73b4b4aac4b7245aee6f191"},"headline":"Vuelven a la presencialidad actividades en la Escuela Municipal de Trenque Lauquen","datePublished":"2021-03-25T03:49:15+00:00","dateModified":"2021-03-26T05:12:18+00:00","mainEntityOfPage":{"@id":"https:\/\/infoecos.com.ar\/index.php\/vuelven-a-la-presencialidad-actividades-en-la-escuela-municipal-de-trenque-lauquen\/"},"wordCount":252,"publisher":{"@id":"https:\/\/infoecos.com.ar\/#organization"},"image":{"@id":"https:\/\/infoecos.com.ar\/index.php\/vuelven-a-la-presencialidad-actividades-en-la-escuela-municipal-de-trenque-lauquen\/#primaryimage"},"thumbnailUrl":"","keywords":["algunas esta semana y otras en abril"],"articleSection":["Bloque inferior - 4"],"inLanguage":"es"},{"@type":"WebPage","@id":"https:\/\/infoecos.com.ar\/index.php\/vuelven-a-la-presencialidad-actividades-en-la-escuela-municipal-de-trenque-lauquen\/","url":"https:\/\/infoecos.com.ar\/index.php\/vuelven-a-la-presencialidad-actividades-en-la-escuela-municipal-de-trenque-lauquen\/","name":"Vuelven a la presencialidad actividades en la Escuela Municipal de Trenque Lauquen - Infoecos","isPartOf":{"@id":"https:\/\/infoecos.com.ar\/#website"},"primaryImageOfPage":{"@id":"https:\/\/infoecos.com.ar\/index.php\/vuelven-a-la-presencialidad-actividades-en-la-escuela-municipal-de-trenque-lauquen\/#primaryimage"},"image":{"@id":"https:\/\/infoecos.com.ar\/index.php\/vuelven-a-la-presencialidad-actividades-en-la-escuela-municipal-de-trenque-lauquen\/#primaryimage"},"thumbnailUrl":"","datePublished":"2021-03-25T03:49:15+00:00","dateModified":"2021-03-26T05:12:18+00:00","breadcrumb":{"@id":"https:\/\/infoecos.com.ar\/index.php\/vuelven-a-la-presencialidad-actividades-en-la-escuela-municipal-de-trenque-lauquen\/#breadcrumb"},"inLanguage":"es","potentialAction":[{"@type":"ReadAction","target":["https:\/\/infoecos.com.ar\/index.php\/vuelven-a-la-presencialidad-actividades-en-la-escuela-municipal-de-trenque-lauquen\/"]}]},{"@type":"ImageObject","inLanguage":"es","@id":"https:\/\/infoecos.com.ar\/index.php\/vuelven-a-la-presencialidad-actividades-en-la-escuela-municipal-de-trenque-lauquen\/#primaryimage","url":"","contentUrl":""},{"@type":"BreadcrumbList","@id":"https:\/\/infoecos.com.ar\/index.php\/vuelven-a-la-presencialidad-actividades-en-la-escuela-municipal-de-trenque-lauquen\/#breadcrumb","itemListElement":[{"@type":"ListItem","position":1,"name":"Portada","item":"https:\/\/infoecos.com.ar\/"},{"@type":"ListItem","position":2,"name":"Vuelven a la presencialidad actividades en la Escuela Municipal de Trenque Lauquen"}]},{"@type":"WebSite","@id":"https:\/\/infoecos.com.ar\/#website","url":"https:\/\/infoecos.com.ar\/","name":"Infoecos","description":"Noticias de trenque lauquen y la zona","publisher":{"@id":"https:\/\/infoecos.com.ar\/#organization"},"alternateName":"Noticias","potentialAction":[{"@type":"SearchAction","target":{"@type":"EntryPoint","urlTemplate":"https:\/\/infoecos.com.ar\/?s={search_term_string}"},"query-input":{"@type":"PropertyValueSpecification","valueRequired":true,"valueName":"search_term_string"}}],"inLanguage":"es"},{"@type":"Organization","@id":"https:\/\/infoecos.com.ar\/#organization","name":"Infoecos","alternateName":"Noticias","url":"https:\/\/infoecos.com.ar\/","logo":{"@type":"ImageObject","inLanguage":"es","@id":"https:\/\/infoecos.com.ar\/#\/schema\/logo\/image\/","url":"https:\/\/infoecos.com.ar\/wp-content\/uploads\/2024\/03\/cropped-logo.png","contentUrl":"https:\/\/infoecos.com.ar\/wp-content\/uploads\/2024\/03\/cropped-logo.png","width":374,"height":90,"caption":"Infoecos"},"image":{"@id":"https:\/\/infoecos.com.ar\/#\/schema\/logo\/image\/"},"sameAs":["https:\/\/www.facebook.com\/profile.php?id=100063200290284","https:\/\/x.com\/infoecos"]},{"@type":"Person","@id":"https:\/\/infoecos.com.ar\/#\/schema\/person\/8f5ace5ce73b4b4aac4b7245aee6f191","name":"Jorge Matheus","url":"https:\/\/infoecos.com.ar\/index.php\/author\/jomatheus\/"}]}},"featured_image_urls":{"full":"","thumbnail":"","medium":"","medium_large":"","large":"","1536x1536":"","2048x2048":"","covernews-slider-full":"","covernews-slider-center":"","covernews-featured":"","covernews-medium":"","covernews-medium-square":""},"author_info":{"info":["Jorge Matheus"]},"category_info":"<a href=\"https:\/\/infoecos.com.ar\/index.php\/category\/inferior4\/\" rel=\"category tag\">Bloque inferior - 4<\/a>","tag_info":"Bloque inferior - 4","comment_count":"0","_links":{"self":[{"href":"https:\/\/infoecos.com.ar\/index.php\/wp-json\/wp\/v2\/posts\/76797"}],"collection":[{"href":"https:\/\/infoecos.com.ar\/index.php\/wp-json\/wp\/v2\/posts"}],"about":[{"href":"https:\/\/infoecos.com.ar\/index.php\/wp-json\/wp\/v2\/types\/post"}],"author":[{"embeddable":true,"href":"https:\/\/infoecos.com.ar\/index.php\/wp-json\/wp\/v2\/users\/2"}],"replies":[{"embeddable":true,"href":"https:\/\/infoecos.com.ar\/index.php\/wp-json\/wp\/v2\/comments?post=76797"}],"version-history":[{"count":1,"href":"https:\/\/infoecos.com.ar\/index.php\/wp-json\/wp\/v2\/posts\/76797\/revisions"}],"predecessor-version":[{"id":76798,"href":"https:\/\/infoecos.com.ar\/index.php\/wp-json\/wp\/v2\/posts\/76797\/revisions\/76798"}],"wp:featuredmedia":[{"embeddable":true,"href":"https:\/\/infoecos.com.ar\/index.php\/wp-json\/"}],"wp:attachment":[{"href":"https:\/\/infoecos.com.ar\/index.php\/wp-json\/wp\/v2\/media?parent=76797"}],"wp:term":[{"taxonomy":"category","embeddable":true,"href":"https:\/\/infoecos.com.ar\/index.php\/wp-json\/wp\/v2\/categories?post=76797"},{"taxonomy":"post_tag","embeddable":true,"href":"https:\/\/infoecos.com.ar\/index.php\/wp-json\/wp\/v2\/tags?post=76797"}],"curies":[{"name":"wp","href":"https:\/\/api.w.org\/{rel}","templated":true}]}}