{"id":76799,"date":"2021-03-25T00:59:32","date_gmt":"2021-03-25T03:59:32","guid":{"rendered":"http:\/\/infoecos.com.ar\/?p=76799"},"modified":"2021-03-25T00:59:34","modified_gmt":"2021-03-25T03:59:34","slug":"buscan-reducir-los-riesgos-de-contagio-del-covid-19-en-tres-lomas","status":"publish","type":"post","link":"https:\/\/infoecos.com.ar\/index.php\/buscan-reducir-los-riesgos-de-contagio-del-covid-19-en-tres-lomas\/","title":{"rendered":"Buscan reducir los riesgos de contagio del COVID-19 en Tres Lomas"},"content":{"rendered":"\n<p class=\"wp-block-paragraph\">El Intendente Municipal Interino de Tres Lomas, Jorge Carrera, acompa\u00f1ado por el Jefe de Gabinete, Carlos Dreessen y el Secretario de Medio Ambiente y Producci\u00f3n, Marcos Amutio, recibi\u00f3 en la ma\u00f1ana de este martes en el municipio a representantes de bares, clubes, entidades religiosas y gimnasios.<\/p>\n\n\n\n<div class=\"wp-block-image\"><figure class=\"aligncenter size-medium\"><img loading=\"lazy\" decoding=\"async\" width=\"460\" height=\"272\" src=\"http:\/\/infoecos.com.ar\/wp-content\/uploads\/2021\/03\/tres-lomas-reuniones-informativas1-1-460x272.jpg\" alt=\"\" class=\"wp-image-76800\" srcset=\"https:\/\/infoecos.com.ar\/wp-content\/uploads\/2021\/03\/tres-lomas-reuniones-informativas1-1-460x272.jpg 460w, https:\/\/infoecos.com.ar\/wp-content\/uploads\/2021\/03\/tres-lomas-reuniones-informativas1-1-920x543.jpg 920w, https:\/\/infoecos.com.ar\/wp-content\/uploads\/2021\/03\/tres-lomas-reuniones-informativas1-1-768x454.jpg 768w, https:\/\/infoecos.com.ar\/wp-content\/uploads\/2021\/03\/tres-lomas-reuniones-informativas1-1-1536x907.jpg 1536w, https:\/\/infoecos.com.ar\/wp-content\/uploads\/2021\/03\/tres-lomas-reuniones-informativas1-1-2048x1209.jpg 2048w, https:\/\/infoecos.com.ar\/wp-content\/uploads\/2021\/03\/tres-lomas-reuniones-informativas1-1-1024x605.jpg 1024w\" sizes=\"auto, (max-width: 460px) 100vw, 460px\" \/><\/figure><\/div>\n\n\n\n<p class=\"wp-block-paragraph\">La reuni\u00f3n, tuvo como objetivo informar sobre las nuevas medidas tomadas por el Comit\u00e9 de Emergencia con la intenci\u00f3n de reducir los riesgos de contagio en el marco de la situaci\u00f3n sanitaria compleja por la que atraviesa actualmente el distrito.<\/p>\n\n\n\n<p class=\"wp-block-paragraph\">Durante el encuentro, se dialog\u00f3 sobre la intensificaci\u00f3n de controles que se llevar\u00e1n adelante desde los pr\u00f3ximos d\u00edas, buscando hacer cumplir los protocolos sanitarios correspondientes para evitar la propagaci\u00f3n del virus.<\/p>\n\n\n\n<div class=\"wp-block-image\"><figure class=\"aligncenter size-medium\"><img loading=\"lazy\" decoding=\"async\" width=\"460\" height=\"289\" src=\"http:\/\/infoecos.com.ar\/wp-content\/uploads\/2021\/03\/tres-lomas-reuniones-informativas1-2-460x289.jpg\" alt=\"\" class=\"wp-image-76801\" srcset=\"https:\/\/infoecos.com.ar\/wp-content\/uploads\/2021\/03\/tres-lomas-reuniones-informativas1-2-460x289.jpg 460w, https:\/\/infoecos.com.ar\/wp-content\/uploads\/2021\/03\/tres-lomas-reuniones-informativas1-2-920x577.jpg 920w, https:\/\/infoecos.com.ar\/wp-content\/uploads\/2021\/03\/tres-lomas-reuniones-informativas1-2-768x482.jpg 768w, https:\/\/infoecos.com.ar\/wp-content\/uploads\/2021\/03\/tres-lomas-reuniones-informativas1-2-1536x964.jpg 1536w, https:\/\/infoecos.com.ar\/wp-content\/uploads\/2021\/03\/tres-lomas-reuniones-informativas1-2-2048x1285.jpg 2048w, https:\/\/infoecos.com.ar\/wp-content\/uploads\/2021\/03\/tres-lomas-reuniones-informativas1-2-1024x643.jpg 1024w\" sizes=\"auto, (max-width: 460px) 100vw, 460px\" \/><\/figure><\/div>\n\n\n\n<p class=\"wp-block-paragraph\">Cabe destacar, que este jueves se continuar\u00e1 con las reuniones informativas con representantes de distintas instituciones de la comunidad.<\/p>\n\n\n\n<div class=\"wp-block-image\"><figure class=\"aligncenter size-medium\"><img loading=\"lazy\" decoding=\"async\" width=\"460\" height=\"460\" src=\"http:\/\/infoecos.com.ar\/wp-content\/uploads\/2021\/03\/Informe-24-3-22-hs-460x460.png\" alt=\"\" class=\"wp-image-76802\" srcset=\"https:\/\/infoecos.com.ar\/wp-content\/uploads\/2021\/03\/Informe-24-3-22-hs-460x460.png 460w, https:\/\/infoecos.com.ar\/wp-content\/uploads\/2021\/03\/Informe-24-3-22-hs-150x150.png 150w, https:\/\/infoecos.com.ar\/wp-content\/uploads\/2021\/03\/Informe-24-3-22-hs-768x768.png 768w, https:\/\/infoecos.com.ar\/wp-content\/uploads\/2021\/03\/Informe-24-3-22-hs.png 800w\" sizes=\"auto, (max-width: 460px) 100vw, 460px\" \/><\/figure><\/div>\n","protected":false},"excerpt":{"rendered":"<p>Durante el encuentro, se dialog\u00f3 sobre la intensificaci\u00f3n de controles que se llevar\u00e1n adelante desde los pr\u00f3ximos d\u00edas<\/p>\n","protected":false},"author":2,"featured_media":76801,"comment_status":"closed","ping_status":"open","sticky":false,"template":"","format":"standard","meta":{"footnotes":""},"categories":[46],"tags":[3426],"class_list":["post-76799","post","type-post","status-publish","format-standard","has-post-thumbnail","hentry","category-c2nota2","tag-reunion-con-comercios-y-entidades"],"featured_image_urls":{"full":["https:\/\/infoecos.com.ar\/wp-content\/uploads\/2021\/03\/tres-lomas-reuniones-informativas1-2-scaled.jpg",2560,1607,false],"thumbnail":["https:\/\/infoecos.com.ar\/wp-content\/uploads\/2021\/03\/tres-lomas-reuniones-informativas1-2-150x150.jpg",150,150,true],"medium":["https:\/\/infoecos.com.ar\/wp-content\/uploads\/2021\/03\/tres-lomas-reuniones-informativas1-2-460x289.jpg",460,289,true],"medium_large":["https:\/\/infoecos.com.ar\/wp-content\/uploads\/2021\/03\/tres-lomas-reuniones-informativas1-2-768x482.jpg",640,402,true],"large":["https:\/\/infoecos.com.ar\/wp-content\/uploads\/2021\/03\/tres-lomas-reuniones-informativas1-2-920x577.jpg",640,401,true],"1536x1536":["https:\/\/infoecos.com.ar\/wp-content\/uploads\/2021\/03\/tres-lomas-reuniones-informativas1-2-1536x964.jpg",1536,964,true],"2048x2048":["https:\/\/infoecos.com.ar\/wp-content\/uploads\/2021\/03\/tres-lomas-reuniones-informativas1-2-2048x1285.jpg",2048,1285,true],"covernews-slider-full":["https:\/\/infoecos.com.ar\/wp-content\/uploads\/2021\/03\/tres-lomas-reuniones-informativas1-2-1536x1020.jpg",1077,715,true],"covernews-slider-center":["https:\/\/infoecos.com.ar\/wp-content\/uploads\/2021\/03\/tres-lomas-reuniones-informativas1-2-936x897.jpg",522,500,true],"covernews-featured":["https:\/\/infoecos.com.ar\/wp-content\/uploads\/2021\/03\/tres-lomas-reuniones-informativas1-2-1024x643.jpg",1024,643,true],"covernews-medium":["https:\/\/infoecos.com.ar\/wp-content\/uploads\/2021\/03\/tres-lomas-reuniones-informativas1-2-720x380.jpg",540,285,true],"covernews-medium-square":["https:\/\/infoecos.com.ar\/wp-content\/uploads\/2021\/03\/tres-lomas-reuniones-informativas1-2-675x450.jpg",375,250,true]},"author_info":{"info":["Jorge Matheus"]},"category_info":"<a href=\"https:\/\/infoecos.com.ar\/index.php\/category\/c2nota2\/\" rel=\"category tag\">C2 N2<\/a>","tag_info":"C2 N2","comment_count":"0","_links":{"self":[{"href":"https:\/\/infoecos.com.ar\/index.php\/wp-json\/wp\/v2\/posts\/76799","targetHints":{"allow":["GET"]}}],"collection":[{"href":"https:\/\/infoecos.com.ar\/index.php\/wp-json\/wp\/v2\/posts"}],"about":[{"href":"https:\/\/infoecos.com.ar\/index.php\/wp-json\/wp\/v2\/types\/post"}],"author":[{"embeddable":true,"href":"https:\/\/infoecos.com.ar\/index.php\/wp-json\/wp\/v2\/users\/2"}],"replies":[{"embeddable":true,"href":"https:\/\/infoecos.com.ar\/index.php\/wp-json\/wp\/v2\/comments?post=76799"}],"version-history":[{"count":1,"href":"https:\/\/infoecos.com.ar\/index.php\/wp-json\/wp\/v2\/posts\/76799\/revisions"}],"predecessor-version":[{"id":76803,"href":"https:\/\/infoecos.com.ar\/index.php\/wp-json\/wp\/v2\/posts\/76799\/revisions\/76803"}],"wp:featuredmedia":[{"embeddable":true,"href":"https:\/\/infoecos.com.ar\/index.php\/wp-json\/wp\/v2\/media\/76801"}],"wp:attachment":[{"href":"https:\/\/infoecos.com.ar\/index.php\/wp-json\/wp\/v2\/media?parent=76799"}],"wp:term":[{"taxonomy":"category","embeddable":true,"href":"https:\/\/infoecos.com.ar\/index.php\/wp-json\/wp\/v2\/categories?post=76799"},{"taxonomy":"post_tag","embeddable":true,"href":"https:\/\/infoecos.com.ar\/index.php\/wp-json\/wp\/v2\/tags?post=76799"}],"curies":[{"name":"wp","href":"https:\/\/api.w.org\/{rel}","templated":true}]}}