{"id":76814,"date":"2021-03-25T01:38:18","date_gmt":"2021-03-25T04:38:18","guid":{"rendered":"http:\/\/infoecos.com.ar\/?p=76814"},"modified":"2021-03-25T01:38:19","modified_gmt":"2021-03-25T04:38:19","slug":"restricciones-en-olavarria-por-el-incremento-en-los-casos-de-coronavirus","status":"publish","type":"post","link":"https:\/\/infoecos.com.ar\/index.php\/restricciones-en-olavarria-por-el-incremento-en-los-casos-de-coronavirus\/","title":{"rendered":"Restricciones en Olavarr\u00eda por el incremento en los casos de coronavirus"},"content":{"rendered":"\n<p class=\"wp-block-paragraph\">El intendente de Olavarr\u00eda&nbsp;<strong>Ezequiel Galli<\/strong>, encabez\u00f3 la primera conferencia de prensa del 2021 con eje en la situaci\u00f3n epidemiol\u00f3gica local. Lo hizo acompa\u00f1ado por el Secretario de Salud,&nbsp;<strong>Germ\u00e1n Caputo.<\/strong><\/p>\n\n\n\n<p class=\"wp-block-paragraph\">Tal cual se hizo el a\u00f1o anterior, la conferencia dio inicio con la lectura del informe epidemiol\u00f3gico, el cual indic\u00f3 el registro de 79 nuevos casos en 24 horas.<\/p>\n\n\n\n<div class=\"wp-block-image\"><figure class=\"aligncenter size-medium\"><img loading=\"lazy\" decoding=\"async\" width=\"460\" height=\"307\" src=\"http:\/\/infoecos.com.ar\/wp-content\/uploads\/2021\/03\/OLAVARRIARESTRICCIONES-460x307.jpg\" alt=\"\" class=\"wp-image-76815\" srcset=\"https:\/\/infoecos.com.ar\/wp-content\/uploads\/2021\/03\/OLAVARRIARESTRICCIONES-460x307.jpg 460w, https:\/\/infoecos.com.ar\/wp-content\/uploads\/2021\/03\/OLAVARRIARESTRICCIONES-675x450.jpg 675w, https:\/\/infoecos.com.ar\/wp-content\/uploads\/2021\/03\/OLAVARRIARESTRICCIONES.jpg 680w\" sizes=\"auto, (max-width: 460px) 100vw, 460px\" \/><\/figure><\/div>\n\n\n\n<p class=\"wp-block-paragraph\">Adelant\u00f3 que se deber\u00e1n tomar medidas que pueden resultar \u00abantip\u00e1ticas\u00bb, y apel\u00f3 al cumplimiento de los protocolos y el secretario de Salud se mostr\u00f3 adem\u00e1s \u00abpreocupado\u00bb.<\/p>\n\n\n\n<p class=\"wp-block-paragraph\">Caputo sostuvo al tomar la palabra, \u00abestamos en un momento clave de la pandemia. Vemos el colapso sanitario en los pa\u00edses vecinos\u00bb. Y reconoci\u00f3, \u00abestamos teniendo un rebrote esperable que un poco nos inquieta\u00bb.<\/p>\n\n\n\n<p class=\"wp-block-paragraph\">En pos de cuidar y proteger, tanto a la comunidad como al sistema de Salud, se establecieron nuevas medidas que entraron en vigencia este mismo lunes. Una de ellas apunt\u00f3 directamente a la nocturnidad. Desde este lunes, todas las actividades que funcionaban hasta las 5, deber\u00e1n hacerlo hasta las 2 AM.<\/p>\n\n\n\n<p class=\"wp-block-paragraph\">Las otras dos medidas que rigen desde este martes aplican a las reuniones sociales, que volvieron a estar permitidas hasta 10 personas en espacios al aire libre, y quedaron suspendidas las visitas a los geri\u00e1tricos y casas de larga estad\u00eda de adultos mayores.<\/p>\n","protected":false},"excerpt":{"rendered":"<p>Las otras dos medidas que rigen desde este martes aplican a las reuniones sociales, que volvieron a estar permitidas hasta 10 personas en espacios al aire libre, y quedaron suspendidas las visitas a los geri\u00e1tricos y casas de larga estad\u00eda de adultos mayores<\/p>\n","protected":false},"author":2,"featured_media":76815,"comment_status":"closed","ping_status":"open","sticky":false,"template":"","format":"standard","meta":{"footnotes":""},"categories":[198],"tags":[3428],"class_list":["post-76814","post","type-post","status-publish","format-standard","has-post-thumbnail","hentry","category-c1nota5","tag-desde-el-pasado-lunes-hasta-las-2"],"featured_image_urls":{"full":["https:\/\/infoecos.com.ar\/wp-content\/uploads\/2021\/03\/OLAVARRIARESTRICCIONES.jpg",680,454,false],"thumbnail":["https:\/\/infoecos.com.ar\/wp-content\/uploads\/2021\/03\/OLAVARRIARESTRICCIONES-150x150.jpg",150,150,true],"medium":["https:\/\/infoecos.com.ar\/wp-content\/uploads\/2021\/03\/OLAVARRIARESTRICCIONES-460x307.jpg",460,307,true],"medium_large":["https:\/\/infoecos.com.ar\/wp-content\/uploads\/2021\/03\/OLAVARRIARESTRICCIONES.jpg",640,427,false],"large":["https:\/\/infoecos.com.ar\/wp-content\/uploads\/2021\/03\/OLAVARRIARESTRICCIONES.jpg",640,427,false],"1536x1536":["https:\/\/infoecos.com.ar\/wp-content\/uploads\/2021\/03\/OLAVARRIARESTRICCIONES.jpg",680,454,false],"2048x2048":["https:\/\/infoecos.com.ar\/wp-content\/uploads\/2021\/03\/OLAVARRIARESTRICCIONES.jpg",680,454,false],"covernews-slider-full":["https:\/\/infoecos.com.ar\/wp-content\/uploads\/2021\/03\/OLAVARRIARESTRICCIONES.jpg",680,454,false],"covernews-slider-center":["https:\/\/infoecos.com.ar\/wp-content\/uploads\/2021\/03\/OLAVARRIARESTRICCIONES.jpg",680,454,false],"covernews-featured":["https:\/\/infoecos.com.ar\/wp-content\/uploads\/2021\/03\/OLAVARRIARESTRICCIONES.jpg",680,454,false],"covernews-medium":["https:\/\/infoecos.com.ar\/wp-content\/uploads\/2021\/03\/OLAVARRIARESTRICCIONES-680x380.jpg",540,302,true],"covernews-medium-square":["https:\/\/infoecos.com.ar\/wp-content\/uploads\/2021\/03\/OLAVARRIARESTRICCIONES-675x450.jpg",375,250,true]},"author_info":{"info":["Jorge Matheus"]},"category_info":"<a href=\"https:\/\/infoecos.com.ar\/index.php\/category\/c1nota5\/\" rel=\"category tag\">C1 nota 5<\/a>","tag_info":"C1 nota 5","comment_count":"0","_links":{"self":[{"href":"https:\/\/infoecos.com.ar\/index.php\/wp-json\/wp\/v2\/posts\/76814","targetHints":{"allow":["GET"]}}],"collection":[{"href":"https:\/\/infoecos.com.ar\/index.php\/wp-json\/wp\/v2\/posts"}],"about":[{"href":"https:\/\/infoecos.com.ar\/index.php\/wp-json\/wp\/v2\/types\/post"}],"author":[{"embeddable":true,"href":"https:\/\/infoecos.com.ar\/index.php\/wp-json\/wp\/v2\/users\/2"}],"replies":[{"embeddable":true,"href":"https:\/\/infoecos.com.ar\/index.php\/wp-json\/wp\/v2\/comments?post=76814"}],"version-history":[{"count":1,"href":"https:\/\/infoecos.com.ar\/index.php\/wp-json\/wp\/v2\/posts\/76814\/revisions"}],"predecessor-version":[{"id":76816,"href":"https:\/\/infoecos.com.ar\/index.php\/wp-json\/wp\/v2\/posts\/76814\/revisions\/76816"}],"wp:featuredmedia":[{"embeddable":true,"href":"https:\/\/infoecos.com.ar\/index.php\/wp-json\/wp\/v2\/media\/76815"}],"wp:attachment":[{"href":"https:\/\/infoecos.com.ar\/index.php\/wp-json\/wp\/v2\/media?parent=76814"}],"wp:term":[{"taxonomy":"category","embeddable":true,"href":"https:\/\/infoecos.com.ar\/index.php\/wp-json\/wp\/v2\/categories?post=76814"},{"taxonomy":"post_tag","embeddable":true,"href":"https:\/\/infoecos.com.ar\/index.php\/wp-json\/wp\/v2\/tags?post=76814"}],"curies":[{"name":"wp","href":"https:\/\/api.w.org\/{rel}","templated":true}]}}